{"id":10107,"date":"2025-04-09T17:41:52","date_gmt":"2025-04-09T20:41:52","guid":{"rendered":"https:\/\/sgpsolucoes.com.br\/site\/?p=10107"},"modified":"2025-04-09T17:41:54","modified_gmt":"2025-04-09T20:41:54","slug":"stf-divulga-relatorio-do-primeiro-inventario-de-emissoes-de-gases-de-efeito-estufa","status":"publish","type":"post","link":"https:\/\/sgpsolucoes.com.br\/site\/stf-divulga-relatorio-do-primeiro-inventario-de-emissoes-de-gases-de-efeito-estufa\/","title":{"rendered":"STF divulga relat\u00f3rio do primeiro invent\u00e1rio de emiss\u00f5es de gases de efeito estufa"},"content":{"rendered":"<p><em>Presidente do STF, o ministro Lu\u00eds Roberto Barroso destacou que a medida reafirma o compromisso da Corte com a sustentabilidade e contribui ativamente no combate \u00e0s mudan\u00e7as clim\u00e1ticas<\/em><\/p><p>O Supremo Tribunal Federal (STF) divulgou o relat\u00f3rio do invent\u00e1rio de emiss\u00f5es de gases de efeito estufa (GEE) de 2023, primeiro realizado pela Corte. O documento detalha as emiss\u00f5es de carbono resultantes das atividades do Tribunal.<\/p><p>Realizado no \u00e2mbito do Programa STF Carbono Zero, o invent\u00e1rio traz uma contribui\u00e7\u00e3o efetiva do Supremo para alcance de metas globais de redu\u00e7\u00e3o do impacto ambiental e subsidiar\u00e1 tecnicamente a ado\u00e7\u00e3o de medidas de redu\u00e7\u00e3o e de compensa\u00e7\u00e3o de carbono.<\/p><p>Na apresenta\u00e7\u00e3o do documento, o presidente do STF, ministro Lu\u00eds Roberto Barroso, destacou que a medida reafirma o compromisso da Corte com a sustentabilidade e contribui ativamente no combate \u00e0s mudan\u00e7as clim\u00e1ticas. \u201cEssa iniciativa reflete nosso papel de lideran\u00e7a na agenda ambiental do Judici\u00e1rio, alinhando-se ao Pacto dos Tr\u00eas Poderes da Rep\u00fablica pela transforma\u00e7\u00e3o ecol\u00f3gica\u201d, afirmou.<\/p><h5 class=\"wp-block-heading\"><strong>O relat\u00f3rio<\/strong><\/h5><p>O levantamento apresenta dados abrangentes sobre as fontes de emiss\u00e3o de GEE no STF, incluindo o consumo de eletricidade, o uso de equipamentos de refrigera\u00e7\u00e3o e ar-condicionado, a queima de combust\u00edveis no deslocamento casa-trabalho e a gera\u00e7\u00e3o de res\u00edduos.<\/p><p>O invent\u00e1rio completo est\u00e1 dispon\u00edvel para consulta p\u00fablica, o que permite \u00e0 sociedade acompanhar e fiscalizar os esfor\u00e7os do STF na promo\u00e7\u00e3o da responsabilidade ambiental.<\/p><p>STF Carbono Zero integra as a\u00e7\u00f5es do Programa STF +Sustent\u00e1vel, que busca desenvolver e promover um conjunto de projetos e a\u00e7\u00f5es de sustentabilidade ambiental e social.<\/p><p>Leia a<strong>&nbsp;<a href=\"https:\/\/noticias-stf-wp-prd.s3.sa-east-1.amazonaws.com\/wp-content\/uploads\/wpallimport\/uploads\/2025\/04\/09145629\/Relatorio-IGEE-2023.pdf\" target=\"_blank\" rel=\"noreferrer noopener\">\u00edntegra do relat\u00f3rio<\/a><\/strong>.<\/p><p><strong>Fonte: STF<\/strong><\/p>\n    <div class=\"xs_social_share_widget xs_share_url after_content \t\tmain_content  wslu-style-1 wslu-share-box-shaped wslu-fill-colored wslu-none wslu-share-horizontal wslu-theme-font-no wslu-main_content\">\n\n\t\t\n        <ul>\n\t\t\t        <\/ul>\n    <\/div> \n","protected":false},"excerpt":{"rendered":"<p>O Supremo Tribunal Federal (STF) divulgou o relat\u00f3rio do invent\u00e1rio de emiss\u00f5es de gases de efeito estufa (GEE) de 2023, primeiro realizado pela Corte. O documento detalha as emiss\u00f5es de carbono resultantes das atividades do Tribunal.<\/p>\n","protected":false},"author":5,"featured_media":10108,"comment_status":"open","ping_status":"open","sticky":false,"template":"","format":"standard","meta":{"postBodyCss":"","postBodyMargin":[],"postBodyPadding":[],"postBodyBackground":{"backgroundType":"classic","gradient":""},"_price":"","_stock":"","_tribe_ticket_header":"","_tribe_default_ticket_provider":"","_tribe_ticket_capacity":"0","_ticket_start_date":"","_ticket_end_date":"","_tribe_ticket_show_description":"","_tribe_ticket_show_not_going":false,"_tribe_ticket_use_global_stock":"","_tribe_ticket_global_stock_level":"","_global_stock_mode":"","_global_stock_cap":"","_tribe_rsvp_for_event":"","_tribe_ticket_going_count":"","_tribe_ticket_not_going_count":"","_tribe_tickets_list":"[]","_tribe_ticket_has_attendee_info_fields":false,"footnotes":""},"categories":[46],"tags":[2476,3420,3423,8356,3424,8359,3422,8358,2806,8357,347,348,205],"class_list":["post-10107","post","type-post","status-publish","format-standard","has-post-thumbnail","hentry","category-noticias","tag-carbono","tag-efeito-estufa","tag-emissoes","tag-emissoes-de-gases-de-efeito-estufa","tag-gases","tag-gee","tag-inventario","tag-mudancas-climaticas","tag-relatorio","tag-relatorio-do-inventario","tag-stf","tag-supremo-tribunal-federal","tag-sustentabilidade"],"acf":[],"_links":{"self":[{"href":"https:\/\/sgpsolucoes.com.br\/site\/wp-json\/wp\/v2\/posts\/10107"}],"collection":[{"href":"https:\/\/sgpsolucoes.com.br\/site\/wp-json\/wp\/v2\/posts"}],"about":[{"href":"https:\/\/sgpsolucoes.com.br\/site\/wp-json\/wp\/v2\/types\/post"}],"author":[{"embeddable":true,"href":"https:\/\/sgpsolucoes.com.br\/site\/wp-json\/wp\/v2\/users\/5"}],"replies":[{"embeddable":true,"href":"https:\/\/sgpsolucoes.com.br\/site\/wp-json\/wp\/v2\/comments?post=10107"}],"version-history":[{"count":0,"href":"https:\/\/sgpsolucoes.com.br\/site\/wp-json\/wp\/v2\/posts\/10107\/revisions"}],"wp:featuredmedia":[{"embeddable":true,"href":"https:\/\/sgpsolucoes.com.br\/site\/wp-json\/wp\/v2\/media\/10108"}],"wp:attachment":[{"href":"https:\/\/sgpsolucoes.com.br\/site\/wp-json\/wp\/v2\/media?parent=10107"}],"wp:term":[{"taxonomy":"category","embeddable":true,"href":"https:\/\/sgpsolucoes.com.br\/site\/wp-json\/wp\/v2\/categories?post=10107"},{"taxonomy":"post_tag","embeddable":true,"href":"https:\/\/sgpsolucoes.com.br\/site\/wp-json\/wp\/v2\/tags?post=10107"}],"curies":[{"name":"wp","href":"https:\/\/api.w.org\/{rel}","templated":true}]}}