{"id":10113,"date":"2025-04-09T17:49:11","date_gmt":"2025-04-09T20:49:11","guid":{"rendered":"https:\/\/sgpsolucoes.com.br\/site\/?p=10113"},"modified":"2025-04-09T17:49:12","modified_gmt":"2025-04-09T20:49:12","slug":"stf-decide-que-obrigacao-de-reparar-dano-ambiental-convertida-em-indenizacao-nao-prescreve","status":"publish","type":"post","link":"https:\/\/sgpsolucoes.com.br\/site\/stf-decide-que-obrigacao-de-reparar-dano-ambiental-convertida-em-indenizacao-nao-prescreve\/","title":{"rendered":"STF decide que obriga\u00e7\u00e3o de reparar dano ambiental convertida em indeniza\u00e7\u00e3o n\u00e3o prescreve"},"content":{"rendered":"<p><em>Tese de repercuss\u00e3o geral foi definida por unanimidade<\/em><\/p><p><img decoding=\"async\" src=\"https:\/\/noticias-stf-wp-prd.s3.sa-east-1.amazonaws.com\/wp-content\/uploads\/wpallimport\/uploads\/2025\/04\/08173520\/Manguezal-tania-rego-agencia-brasil.webp\" alt=\"\u00c1rea de manguezal\"><em>Foto: Tania Rego\/Ag\u00eancia Brasil<\/em><\/p><p>O Supremo Tribunal Federal (STF) decidiu que \u00e9 imprescrit\u00edvel a ordem para o pagamento de repara\u00e7\u00e3o por danos ambientais nos casos de condena\u00e7\u00e3o criminal. O entendimento foi estabelecido por unanimidade no julgamento do Recurso Extraordin\u00e1rio com Agravo<strong><a href=\"https:\/\/portal.stf.jus.br\/processos\/detalhe.asp?incidente=6282302\" target=\"_blank\" rel=\"noreferrer noopener\">&nbsp;(ARE) 1352872<\/a><\/strong>, na sess\u00e3o virtual encerrada em 28\/3, nos termos do voto do relator, ministro Cristiano Zanin.<\/p><p>A mat\u00e9ria discutida tem repercuss\u00e3o geral (Tema 1.194). Assim, a posi\u00e7\u00e3o tomada pelo STF dever\u00e1 ser aplicada a todas as a\u00e7\u00f5es sobre o tema no Judici\u00e1rio.<\/p><p>O caso concreto \u00e9 um recurso do Minist\u00e9rio P\u00fablico Federal (MPF) contra decis\u00e3o do Tribunal Regional Federal da 4\u00aa Regi\u00e3o (TRF-4) em um epis\u00f3dio de destrui\u00e7\u00e3o de mangue causada pela constru\u00e7\u00e3o de um muro e de um aterro em \u00e1rea de preserva\u00e7\u00e3o ambiental em Balne\u00e1rio Barra do Sul (SC). Condenado em a\u00e7\u00e3o penal a reparar o dano, o respons\u00e1vel pela obra alegou dificuldades financeiras. A repara\u00e7\u00e3o foi ent\u00e3o feita pelo munic\u00edpio, e o valor convertido em d\u00edvida a ser paga pelo condenado. Ap\u00f3s cinco anos, o TRF-4 entendeu que a obriga\u00e7\u00e3o de pagar estaria prescrita.<\/p><h5 class=\"wp-block-heading\"><strong>Entendimento<\/strong><\/h5><p>A prescri\u00e7\u00e3o \u00e9 o prazo que o Estado tem para punir algu\u00e9m por determinado delito. A discuss\u00e3o envolveu saber se h\u00e1 prescri\u00e7\u00e3o da execu\u00e7\u00e3o de uma senten\u00e7a criminal de repara\u00e7\u00e3o por dano ambiental quando ela for convertida em pagamento em dinheiro (indeniza\u00e7\u00e3o) \u2013 ou seja, quando a obriga\u00e7\u00e3o de pagar o equivalente \u00e0 repara\u00e7\u00e3o do dano ambiental j\u00e1 foi reconhecida por decis\u00e3o judicial, mas houve demora para executar essa determina\u00e7\u00e3o.<\/p><p>Para o relator, a jurisprud\u00eancia do STF n\u00e3o v\u00ea diferen\u00e7a, para fins de prescri\u00e7\u00e3o, entre reparar o dano ambiental (desfazendo uma obra irregular, por exemplo) e pagar uma indeniza\u00e7\u00e3o referente a ele. \u201cO fato de o caso estar em fase de execu\u00e7\u00e3o ou de a obriga\u00e7\u00e3o de reparar o dano ter sido convertida em perdas e danos n\u00e3o mudam o car\u00e1ter transindividual, transgeracional e indispon\u00edvel do direito fundamental protegido, que fundamenta a imprescritibilidade\u201d, afirmou.<\/p><p>O ministro ressaltou que o prazo prescricional na execu\u00e7\u00e3o \u00e9 o mesmo que se aplica aos pedidos de repara\u00e7\u00e3o ou de ressarcimento, conforme a S\u00famula 150 do STF. \u201cAssim, se a pretens\u00e3o de repara\u00e7\u00e3o ou de indeniza\u00e7\u00e3o pelo dano ambiental \u00e9 imprescrit\u00edvel, a pretens\u00e3o execut\u00f3ria tamb\u00e9m h\u00e1 de ser\u201d, concluiu.<\/p><h5 class=\"wp-block-heading\"><strong>Tese<\/strong><\/h5><p>A tese de repercuss\u00e3o geral aprovada no julgamento foi a seguinte:<\/p><p>\u201c\u00c9 imprescrit\u00edvel a pretens\u00e3o execut\u00f3ria e inaplic\u00e1vel a prescri\u00e7\u00e3o intercorrente na execu\u00e7\u00e3o de repara\u00e7\u00e3o de dano ambiental, ainda que posteriormente convertida em indeniza\u00e7\u00e3o por perdas e danos\u201d.<\/p><p><strong>Fonte: STF<\/strong><\/p>\n    <div class=\"xs_social_share_widget xs_share_url after_content \t\tmain_content  wslu-style-1 wslu-share-box-shaped wslu-fill-colored wslu-none wslu-share-horizontal wslu-theme-font-no wslu-main_content\">\n\n\t\t\n        <ul>\n\t\t\t        <\/ul>\n    <\/div> \n","protected":false},"excerpt":{"rendered":"<p>O Supremo Tribunal Federal (STF) decidiu que \u00e9 imprescrit\u00edvel a ordem para o pagamento de repara\u00e7\u00e3o por danos ambientais nos casos de condena\u00e7\u00e3o criminal. O entendimento foi estabelecido por unanimidade no julgamento do Recurso Extraordin\u00e1rio com Agravo\u00a0(ARE) 1352872, na sess\u00e3o virtual encerrada em 28\/3, nos termos do voto do relator, ministro Cristiano Zanin.<\/p>\n","protected":false},"author":5,"featured_media":10114,"comment_status":"open","ping_status":"open","sticky":false,"template":"","format":"standard","meta":{"postBodyCss":"","postBodyMargin":[],"postBodyPadding":[],"postBodyBackground":{"backgroundType":"classic","gradient":""},"_price":"","_stock":"","_tribe_ticket_header":"","_tribe_default_ticket_provider":"","_tribe_ticket_capacity":"0","_ticket_start_date":"","_ticket_end_date":"","_tribe_ticket_show_description":"","_tribe_ticket_show_not_going":false,"_tribe_ticket_use_global_stock":"","_tribe_ticket_global_stock_level":"","_global_stock_mode":"","_global_stock_cap":"","_tribe_rsvp_for_event":"","_tribe_ticket_going_count":"","_tribe_ticket_not_going_count":"","_tribe_tickets_list":"[]","_tribe_ticket_has_attendee_info_fields":false,"footnotes":""},"categories":[46],"tags":[8369,8366,7807,200,8367,8365,8368,8371,8370,347,348,1043],"class_list":["post-10113","post","type-post","status-publish","format-standard","has-post-thumbnail","hentry","category-noticias","tag-are-1352872","tag-condenacao-criminal","tag-imprescritivel","tag-indenizacao","tag-nao-prescreve","tag-obrigacao-de-reparar-dano-ambiental","tag-ordem-para-o-pagamento","tag-recurso-extraordinario-com-agravo","tag-reparacao-por-danos-ambientais","tag-stf","tag-supremo-tribunal-federal","tag-unanimidade"],"acf":[],"_links":{"self":[{"href":"https:\/\/sgpsolucoes.com.br\/site\/wp-json\/wp\/v2\/posts\/10113"}],"collection":[{"href":"https:\/\/sgpsolucoes.com.br\/site\/wp-json\/wp\/v2\/posts"}],"about":[{"href":"https:\/\/sgpsolucoes.com.br\/site\/wp-json\/wp\/v2\/types\/post"}],"author":[{"embeddable":true,"href":"https:\/\/sgpsolucoes.com.br\/site\/wp-json\/wp\/v2\/users\/5"}],"replies":[{"embeddable":true,"href":"https:\/\/sgpsolucoes.com.br\/site\/wp-json\/wp\/v2\/comments?post=10113"}],"version-history":[{"count":0,"href":"https:\/\/sgpsolucoes.com.br\/site\/wp-json\/wp\/v2\/posts\/10113\/revisions"}],"wp:featuredmedia":[{"embeddable":true,"href":"https:\/\/sgpsolucoes.com.br\/site\/wp-json\/wp\/v2\/media\/10114"}],"wp:attachment":[{"href":"https:\/\/sgpsolucoes.com.br\/site\/wp-json\/wp\/v2\/media?parent=10113"}],"wp:term":[{"taxonomy":"category","embeddable":true,"href":"https:\/\/sgpsolucoes.com.br\/site\/wp-json\/wp\/v2\/categories?post=10113"},{"taxonomy":"post_tag","embeddable":true,"href":"https:\/\/sgpsolucoes.com.br\/site\/wp-json\/wp\/v2\/tags?post=10113"}],"curies":[{"name":"wp","href":"https:\/\/api.w.org\/{rel}","templated":true}]}}