{"id":10116,"date":"2025-04-09T17:53:37","date_gmt":"2025-04-09T20:53:37","guid":{"rendered":"https:\/\/sgpsolucoes.com.br\/site\/?p=10116"},"modified":"2025-04-09T17:53:38","modified_gmt":"2025-04-09T20:53:38","slug":"lei-que-adiou-reajuste-anual-a-servidores-publicos-do-parana-e-valida-decide-stf","status":"publish","type":"post","link":"https:\/\/sgpsolucoes.com.br\/site\/lei-que-adiou-reajuste-anual-a-servidores-publicos-do-parana-e-valida-decide-stf\/","title":{"rendered":"Lei que adiou reajuste anual a servidores p\u00fablicos do Paran\u00e1 \u00e9 v\u00e1lida, decide STF"},"content":{"rendered":"<p><em>2\u00aa Turma entendeu que o adiamento da data-base n\u00e3o viola a garantia do direito adquirido e da irredutibilidade de vencimentos<\/em><\/p><p><img decoding=\"async\" src=\"https:\/\/noticias-stf-wp-prd.s3.sa-east-1.amazonaws.com\/wp-content\/uploads\/wpallimport\/uploads\/2025\/04\/08213640\/54439690723_c66e210be3_c.jpg\" alt=\"Sess\u00e3o da 2\u00aa Turma do STF\">Foto: <em>Antonio Augusto\/STF<\/em><\/p><p>A Segunda Turma do Supremo Tribunal Federal (STF) cassou decis\u00e3o do Tribunal de Justi\u00e7a do Paran\u00e1 (TJ-PR) que invalidou uma lei estadual de 2016 que adiou indefinidamente o reajuste dos vencimentos dos servidores p\u00fablicos estaduais, inicialmente previsto para o exerc\u00edcio de 2017. A decis\u00e3o foi tomada nesta ter\u00e7a-feira (8), no julgamento de agravo regimental no Recurso Extraordin\u00e1rio&nbsp;<strong><a href=\"https:\/\/portal.stf.jus.br\/processos\/detalhe.asp?incidente=6583372\" target=\"_blank\" rel=\"noreferrer noopener\">(RE) 1424451<\/a><\/strong>.<\/p><h5 class=\"wp-block-heading\"><strong>Reajuste<\/strong><\/h5><p>A Lei estadual 18.493\/2015 previu um reajuste geral anual para o funcionalismo estadual a partir de 1\u00ba de janeiro de 2017. Contudo, em 2016, o reajuste foi adiado indefinidamente pelo artigo 33 da Lei Or\u00e7ament\u00e1ria Anual (LOA) do estado (Lei 18.907\/2016).<\/p><p>Em raz\u00e3o do grande n\u00famero de a\u00e7\u00f5es sobre o tema, o Estado do Paran\u00e1 pediu a suspens\u00e3o dos processos em tramita\u00e7\u00e3o at\u00e9 que fosse analisada a constitucionalidade da lei. O Tribunal de Justi\u00e7a do Paran\u00e1 (TJ-PR), ent\u00e3o, invalidou o artigo da LOA, por entender que o adiamento da data-base violaria a garantia do direito adquirido e da irredutibilidade de vencimentos. Com isso, foi mantida a lei que previu o reajuste.<\/p><h5 class=\"wp-block-heading\"><strong>Dota\u00e7\u00e3o or\u00e7ament\u00e1ria<\/strong><\/h5><p>No recurso, o estado argumentava que a decis\u00e3o era contr\u00e1ria \u00e0 tese de repercuss\u00e3o geral fixada pelo Supremo (Tema 864) de que a revis\u00e3o geral anual da remunera\u00e7\u00e3o dos servidores p\u00fablicos depende, cumulativamente, de dota\u00e7\u00e3o na Lei Or\u00e7ament\u00e1ria Anual e de previs\u00e3o na Lei de Diretrizes Or\u00e7ament\u00e1rias.<\/p><h5 class=\"wp-block-heading\"><strong>Direito adquirido<\/strong><\/h5><p>O relator, ministro Edson Fachin, entendeu, em decis\u00e3o monocr\u00e1tica, que a decis\u00e3o do TJ-PR est\u00e1 de acordo com o entendimento do STF de que o aumento de vencimento concedido legalmente passa a compor o patrim\u00f4nio dos servidores, e sua n\u00e3o efetiva\u00e7\u00e3o caracterizaria viola\u00e7\u00e3o ao direito adquirido. O estado recorreu desta decis\u00e3o. No julgamento do recurso, Fachin reafirmou seu entendimento.<\/p><h5 class=\"wp-block-heading\"><strong>Requisitos da lei<\/strong><\/h5><p>Prevaleceu, por\u00e9m, o voto divergente do ministro Gilmar Mendes. Segundo ele, a lei que concedeu o reajuste n\u00e3o foi revogada, e apenas seus efeitos financeiros foram adiados.<\/p><p>Na avalia\u00e7\u00e3o do ministro, um direito s\u00f3 pode ser tido como adquirido quando passa a integrar o patrim\u00f4nio da pessoa, e isso s\u00f3 ocorre quando todos os requisitos exigidos em lei forem preenchidos.<\/p><h5 class=\"wp-block-heading\"><strong>Expectativa de direito<\/strong><\/h5><p>Na sess\u00e3o de hoje, ao acompanhar a diverg\u00eancia, o ministro Andr\u00e9 Mendon\u00e7a afirmou que o caso trata de expectativa de direito, e n\u00e3o de direito adquirido, porque a lei que previu a revis\u00e3o geral anual foi substitu\u00edda por outra antes da implanta\u00e7\u00e3o originalmente programada.<\/p><p>Votaram no mesmo sentido os ministros Nunes Marques e Dias Toffoli.<\/p><p><strong>Fonte: STF<\/strong><\/p>\n    <div class=\"xs_social_share_widget xs_share_url after_content \t\tmain_content  wslu-style-1 wslu-share-box-shaped wslu-fill-colored wslu-none wslu-share-horizontal wslu-theme-font-no wslu-main_content\">\n\n\t\t\n        <ul>\n\t\t\t        <\/ul>\n    <\/div> \n","protected":false},"excerpt":{"rendered":"<p>A Segunda Turma do Supremo Tribunal Federal (STF) cassou decis\u00e3o do Tribunal de Justi\u00e7a do Paran\u00e1 (TJ-PR) que invalidou uma lei estadual de 2016 que adiou indefinidamente o reajuste dos vencimentos dos servidores p\u00fablicos estaduais, inicialmente previsto para o exerc\u00edcio de 2017. A decis\u00e3o foi tomada nesta ter\u00e7a-feira (8), no julgamento de agravo regimental no Recurso Extraordin\u00e1rio\u00a0(RE) 1424451.<\/p>\n","protected":false},"author":5,"featured_media":10117,"comment_status":"open","ping_status":"open","sticky":false,"template":"","format":"standard","meta":{"postBodyCss":"","postBodyMargin":[],"postBodyPadding":[],"postBodyBackground":{"backgroundType":"classic","gradient":""},"_price":"","_stock":"","_tribe_ticket_header":"","_tribe_default_ticket_provider":"","_tribe_ticket_capacity":"0","_ticket_start_date":"","_ticket_end_date":"","_tribe_ticket_show_description":"","_tribe_ticket_show_not_going":false,"_tribe_ticket_use_global_stock":"","_tribe_ticket_global_stock_level":"","_global_stock_mode":"","_global_stock_cap":"","_tribe_rsvp_for_event":"","_tribe_ticket_going_count":"","_tribe_ticket_not_going_count":"","_tribe_tickets_list":"[]","_tribe_ticket_has_attendee_info_fields":false,"footnotes":""},"categories":[46],"tags":[8373,7591,8374,1563,8375,1556,8376,833,8372,1870,1782,1352,347,348,4641,1069,1853,6324],"class_list":["post-10116","post","type-post","status-publish","format-standard","has-post-thumbnail","hentry","category-noticias","tag-data-base","tag-direito-adquirido","tag-irredutibilidade-de-vencimentos","tag-lei","tag-lei-estadual-de-2016","tag-parana","tag-re-1424451","tag-reajuste","tag-reajuste-anual","tag-recurso-extraordinario","tag-servidores-publicos","tag-servidores-publicos-estaduais","tag-stf","tag-supremo-tribunal-federal","tag-tjpr","tag-tribunal-de-justica-do-parana","tag-valida-2","tag-vencimentos"],"acf":[],"_links":{"self":[{"href":"https:\/\/sgpsolucoes.com.br\/site\/wp-json\/wp\/v2\/posts\/10116"}],"collection":[{"href":"https:\/\/sgpsolucoes.com.br\/site\/wp-json\/wp\/v2\/posts"}],"about":[{"href":"https:\/\/sgpsolucoes.com.br\/site\/wp-json\/wp\/v2\/types\/post"}],"author":[{"embeddable":true,"href":"https:\/\/sgpsolucoes.com.br\/site\/wp-json\/wp\/v2\/users\/5"}],"replies":[{"embeddable":true,"href":"https:\/\/sgpsolucoes.com.br\/site\/wp-json\/wp\/v2\/comments?post=10116"}],"version-history":[{"count":0,"href":"https:\/\/sgpsolucoes.com.br\/site\/wp-json\/wp\/v2\/posts\/10116\/revisions"}],"wp:featuredmedia":[{"embeddable":true,"href":"https:\/\/sgpsolucoes.com.br\/site\/wp-json\/wp\/v2\/media\/10117"}],"wp:attachment":[{"href":"https:\/\/sgpsolucoes.com.br\/site\/wp-json\/wp\/v2\/media?parent=10116"}],"wp:term":[{"taxonomy":"category","embeddable":true,"href":"https:\/\/sgpsolucoes.com.br\/site\/wp-json\/wp\/v2\/categories?post=10116"},{"taxonomy":"post_tag","embeddable":true,"href":"https:\/\/sgpsolucoes.com.br\/site\/wp-json\/wp\/v2\/tags?post=10116"}],"curies":[{"name":"wp","href":"https:\/\/api.w.org\/{rel}","templated":true}]}}