{"id":10119,"date":"2025-04-09T18:00:05","date_gmt":"2025-04-09T21:00:05","guid":{"rendered":"https:\/\/sgpsolucoes.com.br\/site\/?p=10119"},"modified":"2025-04-09T18:00:07","modified_gmt":"2025-04-09T21:00:07","slug":"stf-valida-lei-que-exige-divulgacao-de-dados-sobre-violacao-de-direitos-de-criancas-e-adolescentes","status":"publish","type":"post","link":"https:\/\/sgpsolucoes.com.br\/site\/stf-valida-lei-que-exige-divulgacao-de-dados-sobre-violacao-de-direitos-de-criancas-e-adolescentes\/","title":{"rendered":"STF valida lei que exige divulga\u00e7\u00e3o de dados sobre viola\u00e7\u00e3o de direitos de crian\u00e7as e adolescentes"},"content":{"rendered":"<p><em>Para ministro Dias Toffoli, lei de Ribeir\u00e3o Preto (SP) que cria a obriga\u00e7\u00e3o para a prefeitura \u00e9 constitucional<\/em><\/p><p><img decoding=\"async\" src=\"https:\/\/noticias-stf-wp-prd.s3.sa-east-1.amazonaws.com\/wp-content\/uploads\/wpallimport\/uploads\/2024\/11\/05100045\/Andressa-Anholete-Fachada-STF-1-scaled.jpg\" alt=\"Foto do pr\u00e9dio anexo do STF. Fachada arredondada e espelhada com janelas verticais.\"><em>Foto: Andressa Anholete\/STF<\/em><\/p><p>O ministro Dias Toffoli, do Supremo Tribunal Federal (STF), declarou constitucional lei de Ribeir\u00e3o Preto (SP) que prev\u00ea a elabora\u00e7\u00e3o e a publica\u00e7\u00e3o, pelo Poder Executivo municipal, de estat\u00edsticas sobre a viola\u00e7\u00e3o de direitos de crian\u00e7as e adolescentes. A decis\u00e3o foi tomada nesta ter\u00e7a-feira (8), no Recurso Extraordin\u00e1rio&nbsp;<strong><a href=\"https:\/\/portal.stf.jus.br\/processos\/detalhe.asp?incidente=7200867\" target=\"_blank\" rel=\"noreferrer noopener\">(RE) 1542739<\/a><\/strong>.<\/p><p>A Lei municipal 14.779\/2022, de iniciativa parlamentar, cria a obriga\u00e7\u00e3o para a prefeitura e traz regras sobre a abrang\u00eancia, a compila\u00e7\u00e3o e a periodicidade da divulga\u00e7\u00e3o dos dados. Mas, ao julgar a\u00e7\u00e3o proposta pelo prefeito, o Tribunal de Justi\u00e7a do Estado de S\u00e3o Paulo (TJ-SP) havia declarado a norma inconstitucional porque teria interferido em mat\u00e9ria privativa do Poder Executivo. O procurador-geral de Justi\u00e7a, chefe do Minist\u00e9rio P\u00fablico estadual, recorreu ent\u00e3o ao Supremo.<\/p><p>Ao acolher o recurso, o ministro Toffoli (relator) considerou que a decis\u00e3o do TJ-SP contrariou a jurisprud\u00eancia do Supremo sobre a mat\u00e9ria. Segundo ele, a lei de Ribeir\u00e3o Preto, apesar de criar despesas para a administra\u00e7\u00e3o municipal, n\u00e3o trata da sua estrutura nem da atribui\u00e7\u00e3o de seus \u00f3rg\u00e3os.<\/p><p>Al\u00e9m disso, para o relator, a lei municipal reafirma e cumpre o princ\u00edpio constitucional da publicidade da administra\u00e7\u00e3o p\u00fablica ao estabelecer que os dados estat\u00edsticos devem estar centralizados e dispon\u00edveis a qualquer pessoa interessada. Por fim, Toffoli ressaltou que as informa\u00e7\u00f5es exigidas pela lei fornecer\u00e3o subs\u00eddios para que a administra\u00e7\u00e3o p\u00fablica oriente suas pol\u00edticas p\u00fablicas de combate e preven\u00e7\u00e3o do desrespeito dos direitos desse p\u00fablico espec\u00edfico, alinhando-se ao mandamento constitucional da prote\u00e7\u00e3o integral \u00e0s crian\u00e7as e aos adolescentes.<\/p><p>Leia a&nbsp;<strong><a href=\"https:\/\/portal.stf.jus.br\/processos\/downloadPeca.asp?id=15375642057&amp;ext=.pdf\">\u00edntegra da decis\u00e3o<\/a><\/strong>.<\/p><p><strong>Fonte: STF<\/strong><\/p>\n    <div class=\"xs_social_share_widget xs_share_url after_content \t\tmain_content  wslu-style-1 wslu-share-box-shaped wslu-fill-colored wslu-none wslu-share-horizontal wslu-theme-font-no wslu-main_content\">\n\n\t\t\n        <ul>\n\t\t\t        <\/ul>\n    <\/div> \n","protected":false},"excerpt":{"rendered":"<p>O ministro Dias Toffoli, do Supremo Tribunal Federal (STF), declarou constitucional lei de Ribeir\u00e3o Preto (SP) que prev\u00ea a elabora\u00e7\u00e3o e a publica\u00e7\u00e3o, pelo Poder Executivo municipal, de estat\u00edsticas sobre a viola\u00e7\u00e3o de direitos de crian\u00e7as e adolescentes. A decis\u00e3o foi tomada nesta ter\u00e7a-feira (8), no Recurso Extraordin\u00e1rio\u00a0(RE) 1542739.<\/p>\n","protected":false},"author":5,"featured_media":10120,"comment_status":"open","ping_status":"open","sticky":false,"template":"","format":"standard","meta":{"postBodyCss":"","postBodyMargin":[],"postBodyPadding":[],"postBodyBackground":{"backgroundType":"classic","gradient":""},"_price":"","_stock":"","_tribe_ticket_header":"","_tribe_default_ticket_provider":"","_tribe_ticket_capacity":"0","_ticket_start_date":"","_ticket_end_date":"","_tribe_ticket_show_description":"","_tribe_ticket_show_not_going":false,"_tribe_ticket_use_global_stock":"","_tribe_ticket_global_stock_level":"","_global_stock_mode":"","_global_stock_cap":"","_tribe_rsvp_for_event":"","_tribe_ticket_going_count":"","_tribe_ticket_not_going_count":"","_tribe_tickets_list":"[]","_tribe_ticket_has_attendee_info_fields":false,"footnotes":""},"categories":[46],"tags":[1746,1127,1754,8377,696,3538,2047,8379,1563,8378,2179,8380,506,8382,1870,347,348,569,8381],"class_list":["post-10119","post","type-post","status-publish","format-standard","has-post-thumbnail","hentry","category-noticias","tag-adolescentes","tag-constitucional","tag-criancas","tag-criancas-e-adolescentes","tag-direitos","tag-divulgacao-de-dados","tag-elaboracao","tag-estatisticas","tag-lei","tag-lei-de-ribeirao-preto","tag-obrigacao","tag-poder-executivo-municipal","tag-publicacao","tag-re-1542739","tag-recurso-extraordinario","tag-stf","tag-supremo-tribunal-federal","tag-violacao","tag-violacao-a-direitos"],"acf":[],"_links":{"self":[{"href":"https:\/\/sgpsolucoes.com.br\/site\/wp-json\/wp\/v2\/posts\/10119"}],"collection":[{"href":"https:\/\/sgpsolucoes.com.br\/site\/wp-json\/wp\/v2\/posts"}],"about":[{"href":"https:\/\/sgpsolucoes.com.br\/site\/wp-json\/wp\/v2\/types\/post"}],"author":[{"embeddable":true,"href":"https:\/\/sgpsolucoes.com.br\/site\/wp-json\/wp\/v2\/users\/5"}],"replies":[{"embeddable":true,"href":"https:\/\/sgpsolucoes.com.br\/site\/wp-json\/wp\/v2\/comments?post=10119"}],"version-history":[{"count":0,"href":"https:\/\/sgpsolucoes.com.br\/site\/wp-json\/wp\/v2\/posts\/10119\/revisions"}],"wp:featuredmedia":[{"embeddable":true,"href":"https:\/\/sgpsolucoes.com.br\/site\/wp-json\/wp\/v2\/media\/10120"}],"wp:attachment":[{"href":"https:\/\/sgpsolucoes.com.br\/site\/wp-json\/wp\/v2\/media?parent=10119"}],"wp:term":[{"taxonomy":"category","embeddable":true,"href":"https:\/\/sgpsolucoes.com.br\/site\/wp-json\/wp\/v2\/categories?post=10119"},{"taxonomy":"post_tag","embeddable":true,"href":"https:\/\/sgpsolucoes.com.br\/site\/wp-json\/wp\/v2\/tags?post=10119"}],"curies":[{"name":"wp","href":"https:\/\/api.w.org\/{rel}","templated":true}]}}