{"id":10122,"date":"2025-04-09T18:04:09","date_gmt":"2025-04-09T21:04:09","guid":{"rendered":"https:\/\/sgpsolucoes.com.br\/site\/?p=10122"},"modified":"2025-04-09T18:04:10","modified_gmt":"2025-04-09T21:04:10","slug":"edicao-especial-da-revista-suprema-traz-entrevista-com-ailton-krenak","status":"publish","type":"post","link":"https:\/\/sgpsolucoes.com.br\/site\/edicao-especial-da-revista-suprema-traz-entrevista-com-ailton-krenak\/","title":{"rendered":"Edi\u00e7\u00e3o especial da Revista Suprema traz entrevista com Ailton Krenak"},"content":{"rendered":"<p>A Suprema \u2013 Revista de Estudos Constitucionais lan\u00e7ou nesta ter\u00e7a-feira (9) edi\u00e7\u00e3o especial com entrevista com Ailton Krenak, ativista pol\u00edtico ind\u00edgena, professor, fil\u00f3sofo, poeta, contador de hist\u00f3rias e escritor, autor de obras fundamentais como \u201cIdeias para adiar o fim do mundo\u201d e \u201cFuturo Ancestral\u201d. A&nbsp;<strong><a href=\"https:\/\/suprema.stf.jus.br\/index.php\/suprema\/issue\/view\/10\" target=\"_blank\" rel=\"noreferrer noopener\">vers\u00e3o digital j\u00e1 est\u00e1 dispon\u00edvel para leitura gratuita<\/a><\/strong>.<\/p><p>Na entrevista, Krenak compartilha reflex\u00f5es sobre a atua\u00e7\u00e3o do Poder Judici\u00e1rio na efetiva\u00e7\u00e3o dos direitos dos povos origin\u00e1rios, o fortalecimento da democracia e a rela\u00e7\u00e3o entre os seres humanos e a Terra. Suas palavras convidam \u00e0 reflex\u00e3o sobre temas que atravessam a subjetividade de todos os indiv\u00edduos e comp\u00f5em o que ele chama de uma verdadeira \u201cpo\u00e9tica de exist\u00eancia\u201d.<\/p><p>Em conson\u00e2ncia com sua trajet\u00f3ria intelectual e seu pensamento, Krenak analisa os impactos hist\u00f3ricos dos processos coloniais e reafirma a import\u00e2ncia de caminhos que valorizem a diversidade de saberes e experi\u00eancias. Em diferentes momentos, sua fala vai conduzir leitoras e leitores \u00e0 percep\u00e7\u00e3o de que a ci\u00eancia, para ser plena, precisa estar aberta a outros modos de conhecimento e di\u00e1logo.<\/p><p>Esta edi\u00e7\u00e3o especial conclui a s\u00e9rie de publica\u00e7\u00f5es do Dossi\u00ea tem\u00e1tico \u201cA\u00e7\u00f5es, processos e lit\u00edgios estruturais na jurisdi\u00e7\u00e3o constitucional\u201d, com artigos que retratam o empenho da academia em trazer formula\u00e7\u00f5es que permitam a transi\u00e7\u00e3o de um estado complexo de desconformidade constitucional para um cen\u00e1rio de respeito aos direitos humanos, especialmente em rela\u00e7\u00e3o aos mais vulner\u00e1veis.<\/p><p>Esta edi\u00e7\u00e3o conta ainda com tr\u00eas artigos internacionais assinados pelas professoras Kim Lane Scheppele (da Princeton University, em Nova Jersey, EUA), Rosalind Dixon (da Faculdade de Direito da University of New South Wales, em Sydney, Austr\u00e1lia) e Marcela Prieto Rudolphy (da Universidad Adolfo Ib\u00e1\u00f1ez, em Santiago, Chile e da University of Southern California\u2019s Gould School of Law, em Los Angeles, EUA) e com o trabalho in\u00e9dito de Ramiro Castro Garcia, professor na Universidad de la Rep\u00fablica Uruguay, em Montevideo, Uruguai).<\/p><p>A Suprema \u2013 Revista de Estudos Constitucionais \u00e9 organizada pela Secretaria de Altos Estudos, Pesquisas e Gest\u00e3o da Informa\u00e7\u00e3o (SAE). Informa\u00e7\u00f5es ou d\u00favidas quanto a temas que n\u00e3o constem na p\u00e1gina do peri\u00f3dico podem ser obtidas pelo e-mail revistasuprema@stf.jus.br.<\/p><p>Acesse aqui a entrevista&nbsp;<strong><a href=\"https:\/\/suprema.stf.jus.br\/index.php\/suprema\/issue\/view\/10\" target=\"_blank\" rel=\"noreferrer noopener\">em portugu\u00eas<\/a><\/strong>,&nbsp;<strong><a href=\"https:\/\/suprema.stf.jus.br\/index.php\/suprema\/article\/view\/521\" target=\"_blank\" rel=\"noreferrer noopener\">em ingl\u00eas<\/a><\/strong>&nbsp;e&nbsp;<strong><a href=\"https:\/\/suprema.stf.jus.br\/index.php\/suprema\/issue\/view\/10\" target=\"_blank\" rel=\"noreferrer noopener\">em espanhol<\/a><\/strong>.<\/p><p><strong>Fonte: STF<\/strong><\/p>\n    <div class=\"xs_social_share_widget xs_share_url after_content \t\tmain_content  wslu-style-1 wslu-share-box-shaped wslu-fill-colored wslu-none wslu-share-horizontal wslu-theme-font-no wslu-main_content\">\n\n\t\t\n        <ul>\n\t\t\t        <\/ul>\n    <\/div> \n","protected":false},"excerpt":{"rendered":"<p>A Suprema \u2013 Revista de Estudos Constitucionais lan\u00e7ou nesta ter\u00e7a-feira (9) edi\u00e7\u00e3o especial com entrevista com Ailton Krenak, ativista pol\u00edtico ind\u00edgena, professor, fil\u00f3sofo, poeta, contador de hist\u00f3rias e escritor, autor de obras fundamentais como \u201cIdeias para adiar o fim do mundo\u201d e \u201cFuturo Ancestral\u201d. <\/p>\n","protected":false},"author":5,"featured_media":10123,"comment_status":"open","ping_status":"open","sticky":false,"template":"","format":"standard","meta":{"postBodyCss":"","postBodyMargin":[],"postBodyPadding":[],"postBodyBackground":{"backgroundType":"classic","gradient":""},"_price":"","_stock":"","_tribe_ticket_header":"","_tribe_default_ticket_provider":"","_tribe_ticket_capacity":"0","_ticket_start_date":"","_ticket_end_date":"","_tribe_ticket_show_description":"","_tribe_ticket_show_not_going":false,"_tribe_ticket_use_global_stock":"","_tribe_ticket_global_stock_level":"","_global_stock_mode":"","_global_stock_cap":"","_tribe_rsvp_for_event":"","_tribe_ticket_going_count":"","_tribe_ticket_not_going_count":"","_tribe_tickets_list":"[]","_tribe_ticket_has_attendee_info_fields":false,"footnotes":""},"categories":[46],"tags":[8385,8388,8390,8389,6827,7395,8383,8391,8386,8393,8392,8387,323,2986,8384,2988,8394],"class_list":["post-10122","post","type-post","status-publish","format-standard","has-post-thumbnail","hentry","category-noticias","tag-ailton-krenak","tag-ativista-politico-indigena","tag-autor-de-obras-fundamentais","tag-contador-de-historias","tag-edicao-especial","tag-entrevista","tag-entrevista-com-ailton-krenak","tag-escritor","tag-filosofo","tag-futuro-ancestral","tag-ideias-para-adiar-o-fim-do-mundo","tag-poeta","tag-professor","tag-revista-de-estudos-constitucionais","tag-revista-suprema","tag-suprema","tag-versao-digital"],"acf":[],"_links":{"self":[{"href":"https:\/\/sgpsolucoes.com.br\/site\/wp-json\/wp\/v2\/posts\/10122"}],"collection":[{"href":"https:\/\/sgpsolucoes.com.br\/site\/wp-json\/wp\/v2\/posts"}],"about":[{"href":"https:\/\/sgpsolucoes.com.br\/site\/wp-json\/wp\/v2\/types\/post"}],"author":[{"embeddable":true,"href":"https:\/\/sgpsolucoes.com.br\/site\/wp-json\/wp\/v2\/users\/5"}],"replies":[{"embeddable":true,"href":"https:\/\/sgpsolucoes.com.br\/site\/wp-json\/wp\/v2\/comments?post=10122"}],"version-history":[{"count":0,"href":"https:\/\/sgpsolucoes.com.br\/site\/wp-json\/wp\/v2\/posts\/10122\/revisions"}],"wp:featuredmedia":[{"embeddable":true,"href":"https:\/\/sgpsolucoes.com.br\/site\/wp-json\/wp\/v2\/media\/10123"}],"wp:attachment":[{"href":"https:\/\/sgpsolucoes.com.br\/site\/wp-json\/wp\/v2\/media?parent=10122"}],"wp:term":[{"taxonomy":"category","embeddable":true,"href":"https:\/\/sgpsolucoes.com.br\/site\/wp-json\/wp\/v2\/categories?post=10122"},{"taxonomy":"post_tag","embeddable":true,"href":"https:\/\/sgpsolucoes.com.br\/site\/wp-json\/wp\/v2\/tags?post=10122"}],"curies":[{"name":"wp","href":"https:\/\/api.w.org\/{rel}","templated":true}]}}