{"id":10126,"date":"2025-04-09T18:09:10","date_gmt":"2025-04-09T21:09:10","guid":{"rendered":"https:\/\/sgpsolucoes.com.br\/site\/?p=10126"},"modified":"2025-04-09T18:09:11","modified_gmt":"2025-04-09T21:09:11","slug":"jurisprudencia-em-teses-lanca-sexta-edicao-sobre-direitos-da-crianca-e-do-adolescente","status":"publish","type":"post","link":"https:\/\/sgpsolucoes.com.br\/site\/jurisprudencia-em-teses-lanca-sexta-edicao-sobre-direitos-da-crianca-e-do-adolescente\/","title":{"rendered":"Jurisprud\u00eancia em Teses lan\u00e7a sexta edi\u00e7\u00e3o sobre direitos da crian\u00e7a e do adolescente"},"content":{"rendered":"<p>\u200bA Secretaria de Biblioteca e Jurisprud\u00eancia do Superior Tribunal de Justi\u00e7a (STJ) disponibilizou a&nbsp;<a href=\"https:\/\/scon.stj.jus.br\/SCON\/jt\/doc.jsp?livre=%27256%27.tit.\">edi\u00e7\u00e3o 256 de Jurisprud\u00eancia em Teses<\/a>, sobre o tema&nbsp;<em>Direitos da Crian\u00e7a e do Adolescente VI<\/em>. A equipe respons\u00e1vel pelo produto destacou duas teses.<\/p><p>A primeira mostra que eventual hipossufici\u00eancia financeira ou vulnerabilidade da fam\u00edlia devem ser levadas em considera\u00e7\u00e3o na fixa\u00e7\u00e3o do valor da multa prevista no artigo 249 do Estatuto da Crian\u00e7a e do Adolescente (ECA), mas n\u00e3o s\u00e3o suficientes para afast\u00e1-la, dado seu car\u00e1ter preventivo, coercitivo, disciplinador e inibidor de repeti\u00e7\u00e3o de conduta censurada, a bem dos filhos.<\/p><p>O segundo entendimento afirma que, em alinhamento a normas internacionais, o ECA veda a divulga\u00e7\u00e3o de qualquer elemento que permita a identifica\u00e7\u00e3o, direta ou indireta, da crian\u00e7a ou do adolescente a que se atribua ato infracional.<\/p><h2 class=\"wp-block-heading\">A ferramenta<\/h2><p>Lan\u00e7ada em maio de 2014,&nbsp;<a href=\"https:\/\/scon.stj.jus.br\/SCON\/jt\/jt.jsp\">Jurisprud\u00eancia em Teses<\/a>&nbsp;apresenta diversos entendimentos do STJ sobre temas espec\u00edficos, escolhidos de acordo com sua relev\u00e2ncia no \u00e2mbito jur\u00eddico.<\/p><p>Cada edi\u00e7\u00e3o re\u00fane teses identificadas pela Secretaria de Biblioteca e Jurisprud\u00eancia ap\u00f3s cuidadosa pesquisa nos precedentes do tribunal. Abaixo de cada uma delas, o usu\u00e1rio pode conferir os precedentes mais recentes sobre o tema, selecionados at\u00e9 a data especificada no documento.<\/p><p><strong>Fonte: STJ<\/strong><\/p>\n    <div class=\"xs_social_share_widget xs_share_url after_content \t\tmain_content  wslu-style-1 wslu-share-box-shaped wslu-fill-colored wslu-none wslu-share-horizontal wslu-theme-font-no wslu-main_content\">\n\n\t\t\n        <ul>\n\t\t\t        <\/ul>\n    <\/div> \n","protected":false},"excerpt":{"rendered":"<p>\u200bA Secretaria de Biblioteca e Jurisprud\u00eancia do Superior Tribunal de Justi\u00e7a (STJ) disponibilizou a\u00a0edi\u00e7\u00e3o 256 de Jurisprud\u00eancia em Teses, sobre o tema\u00a0Direitos da Crian\u00e7a e do Adolescente VI. A equipe respons\u00e1vel pelo produto destacou duas teses.<\/p>\n","protected":false},"author":5,"featured_media":10127,"comment_status":"open","ping_status":"open","sticky":false,"template":"","format":"standard","meta":{"postBodyCss":"","postBodyMargin":[],"postBodyPadding":[],"postBodyBackground":{"backgroundType":"classic","gradient":""},"_price":"","_stock":"","_tribe_ticket_header":"","_tribe_default_ticket_provider":"","_tribe_ticket_capacity":"0","_ticket_start_date":"","_ticket_end_date":"","_tribe_ticket_show_description":"","_tribe_ticket_show_not_going":false,"_tribe_ticket_use_global_stock":"","_tribe_ticket_global_stock_level":"","_global_stock_mode":"","_global_stock_cap":"","_tribe_rsvp_for_event":"","_tribe_ticket_going_count":"","_tribe_ticket_not_going_count":"","_tribe_tickets_list":"[]","_tribe_ticket_has_attendee_info_fields":false,"footnotes":""},"categories":[46],"tags":[4075,4078,696,4079,1683,8396,445,4077,3548,8395,229,230,5220],"class_list":["post-10126","post","type-post","status-publish","format-standard","has-post-thumbnail","hentry","category-noticias","tag-adolescente","tag-crianca","tag-direitos","tag-direitos-da-crianca-e-do-adolescente","tag-eca","tag-edicao-256","tag-jurisprudencia","tag-jurisprudencia-em-teses","tag-secretaria-de-biblioteca-e-jurisprudencia","tag-sexta-edicao","tag-stj","tag-superior-tribunal-de-justica","tag-teses"],"acf":[],"_links":{"self":[{"href":"https:\/\/sgpsolucoes.com.br\/site\/wp-json\/wp\/v2\/posts\/10126"}],"collection":[{"href":"https:\/\/sgpsolucoes.com.br\/site\/wp-json\/wp\/v2\/posts"}],"about":[{"href":"https:\/\/sgpsolucoes.com.br\/site\/wp-json\/wp\/v2\/types\/post"}],"author":[{"embeddable":true,"href":"https:\/\/sgpsolucoes.com.br\/site\/wp-json\/wp\/v2\/users\/5"}],"replies":[{"embeddable":true,"href":"https:\/\/sgpsolucoes.com.br\/site\/wp-json\/wp\/v2\/comments?post=10126"}],"version-history":[{"count":0,"href":"https:\/\/sgpsolucoes.com.br\/site\/wp-json\/wp\/v2\/posts\/10126\/revisions"}],"wp:featuredmedia":[{"embeddable":true,"href":"https:\/\/sgpsolucoes.com.br\/site\/wp-json\/wp\/v2\/media\/10127"}],"wp:attachment":[{"href":"https:\/\/sgpsolucoes.com.br\/site\/wp-json\/wp\/v2\/media?parent=10126"}],"wp:term":[{"taxonomy":"category","embeddable":true,"href":"https:\/\/sgpsolucoes.com.br\/site\/wp-json\/wp\/v2\/categories?post=10126"},{"taxonomy":"post_tag","embeddable":true,"href":"https:\/\/sgpsolucoes.com.br\/site\/wp-json\/wp\/v2\/tags?post=10126"}],"curies":[{"name":"wp","href":"https:\/\/api.w.org\/{rel}","templated":true}]}}