{"id":10129,"date":"2025-04-09T18:16:18","date_gmt":"2025-04-09T21:16:18","guid":{"rendered":"https:\/\/sgpsolucoes.com.br\/site\/?p=10129"},"modified":"2025-04-09T18:16:20","modified_gmt":"2025-04-09T21:16:20","slug":"em-repetitivo-primeira-secao-decide-que-taifeiros-da-aeronautica-podem-cumular-beneficios-legais","status":"publish","type":"post","link":"https:\/\/sgpsolucoes.com.br\/site\/em-repetitivo-primeira-secao-decide-que-taifeiros-da-aeronautica-podem-cumular-beneficios-legais\/","title":{"rendered":"Em repetitivo, Primeira Se\u00e7\u00e3o decide que taifeiros da Aeron\u00e1utica podem cumular benef\u00edcios legais"},"content":{"rendered":"<p>\u200bA&nbsp;Primeira Se\u00e7\u00e3o do Superior Tribunal de Justi\u00e7a (STJ), sob o rito dos recursos&nbsp;repetitivos&nbsp;(<a href=\"https:\/\/processo.stj.jus.br\/repetitivos\/temas_repetitivos\/pesquisa.jsp?novaConsulta=true&amp;tipo_pesquisa=T&amp;cod_tema_inicial=1297&amp;cod_tema_final=1297\">Tema 1.297<\/a>), fixou a tese de que &#8220;\u00e9 compat\u00edvel a aplica\u00e7\u00e3o cumulativa da&nbsp;<a href=\"https:\/\/www.planalto.gov.br\/ccivil_03\/_ato2007-2010\/2009\/lei\/l12158.htm\">Lei 12.158\/2009<\/a>&nbsp;e do&nbsp;<a href=\"https:\/\/www.planalto.gov.br\/ccivil_03\/mpv\/2215-10.htm#art34\">artigo 34 da Medida Provis\u00f3ria 2.215-10\/2001<\/a>&nbsp;aos militares oriundos do quadro de taifeiros da Aeron\u00e1utica na reserva remunerada, reformados ou no servi\u00e7o ativo, cujo ingresso no referido Quadro se deu at\u00e9 31\/12\/1992&#8243;.<\/p><p>Com a defini\u00e7\u00e3o da tese jur\u00eddica, podem voltar a tramitar os&nbsp;recursos especiais&nbsp;e&nbsp;agravos em recurso especial&nbsp;que estavam suspensos na segunda inst\u00e2ncia ou no STJ para fixa\u00e7\u00e3o do precedente qualificado. O entendimento definido pela se\u00e7\u00e3o deve ser observado pelos tribunais de todo o pa\u00eds na an\u00e1lise de casos semelhantes.&nbsp;<\/p><p>O relator, ministro Teodoro Silva Santos, ressaltou que n\u00e3o h\u00e1 veda\u00e7\u00e3o legal em rela\u00e7\u00e3o \u00e0 cumula\u00e7\u00e3o dos benef\u00edcios, o que torna poss\u00edvel o recebimento no caso dos militares que atendam aos requisitos legais.<\/p><h2 class=\"wp-block-heading\">MP e lei federal tratam de institutos jur\u00eddicos distintos<\/h2><p>O ministro destacou que a medida provis\u00f3ria \u2013 que alterou o&nbsp;<a href=\"https:\/\/www.planalto.gov.br\/ccivil_03\/LEIS\/L6880.htm#art50ii\">artigo 50, inciso II, da Lei 6.880\/1980<\/a>&nbsp;\u2013 garantiu o direito ao recebimento de remunera\u00e7\u00e3o correspondente ao grau hier\u00e1rquico superior ao militar que tenha completado os requisitos para se transferir para a inatividade at\u00e9 29 de dezembro de 2000.<\/p><p>Em rela\u00e7\u00e3o \u00e0 Lei 12.158\/2009, Teodoro Silva Santos salientou que os integrantes do quadro de taifeiros da Aeron\u00e1utica passaram a ter acesso a gradua\u00e7\u00f5es superiores na inatividade, estando limitados \u00e0 gradua\u00e7\u00e3o de suboficial e recebendo proventos correspondentes \u00e0 gradua\u00e7\u00e3o alcan\u00e7ada.<\/p><p>&#8220;Conforme se observa, a MP 2.215-10\/01 e a Lei 12.158\/2009 disp\u00f5em hip\u00f3teses distintas. Enquanto a medida provis\u00f3ria permitiu que o militar fosse reformado com proventos equivalentes ao soldo da gradua\u00e7\u00e3o imediatamente superior, a lei federal permitiu ao militar reformado a altera\u00e7\u00e3o da pr\u00f3pria gradua\u00e7\u00e3o, em excepcional promo\u00e7\u00e3o durante a inatividade&#8221;, explicou o ministro.<\/p><h2 class=\"wp-block-heading\">Repara\u00e7\u00e3o hist\u00f3rica aos taifeiros da aeron\u00e1utica<\/h2><p>O relator entendeu ser necess\u00e1rio levar em considera\u00e7\u00e3o o contexto hist\u00f3rico da \u00e9poca em que essas regras foram criadas, quando houve um grande preju\u00edzo \u00e0 carreira dos militares do quadro de taifeiros da Aeron\u00e1utica, os quais deixaram de receber as promo\u00e7\u00f5es devidas.<\/p><p>O ministro destacou que a interpreta\u00e7\u00e3o conjunta proporciona, na realidade, uma repara\u00e7\u00e3o hist\u00f3rica a essa classe de militares e n\u00e3o uma indevida superposi\u00e7\u00e3o de graus hier\u00e1rquicos. Ainda de acordo com o relator, o Tribunal de Contas da Uni\u00e3o (TCU) \u2013 \u00f3rg\u00e3o competente para avaliar a legalidade das aposentadorias, reformas e pens\u00f5es \u2013 foi favor\u00e1vel pela aplica\u00e7\u00e3o simult\u00e2nea da medida provis\u00f3ria e da lei federal.<\/p><p>Por fim, Teodoro Silva Santos concluiu que &#8220;entender de forma diversa implicaria em duplo preju\u00edzo aos integrantes desse quadro: primeiro, porque n\u00e3o foram promovidos a tempo, da mesma forma que seus pares militares; segundo, porque lhes seria negada essa repara\u00e7\u00e3o hist\u00f3rica, mesmo com efeitos prospectivos&#8221;.<\/p><p><a href=\"https:\/\/processo.stj.jus.br\/processo\/julgamento\/eletronico\/documento\/mediado\/?documento_tipo=integra&amp;documento_sequencial=301232711&amp;registro_numero=202103202890&amp;peticao_numero=&amp;publicacao_data=20250320&amp;formato=PDF\">Leia o ac\u00f3rd\u00e3o no REsp 1.966.548<\/a>.<\/p><p>Esta not\u00edcia refere-se ao(s)\u00a0processo(s):<\/p><p><a class=\"\" href=\"https:\/\/ww2.stj.jus.br\/processo\/pesquisa\/?aplicacao=processos.ea&amp;tipoPesquisa=tipoPesquisaGenerica&amp;termo=REsp%201966548\">REsp 1966548<\/a><\/p><p><a class=\"\" href=\"https:\/\/ww2.stj.jus.br\/processo\/pesquisa\/?aplicacao=processos.ea&amp;tipoPesquisa=tipoPesquisaGenerica&amp;termo=REsp%202124412\">REsp 2124412<\/a><\/p><p><a class=\"\" href=\"https:\/\/ww2.stj.jus.br\/processo\/pesquisa\/?aplicacao=processos.ea&amp;tipoPesquisa=tipoPesquisaGenerica&amp;termo=REsp%202132208\">REsp 2132208<\/a><\/p><p><a class=\"\" href=\"https:\/\/ww2.stj.jus.br\/processo\/pesquisa\/?aplicacao=processos.ea&amp;tipoPesquisa=tipoPesquisaGenerica&amp;termo=REsp%202085764\">REsp 2085764<\/a><\/p><p><a class=\"\" href=\"https:\/\/ww2.stj.jus.br\/processo\/pesquisa\/?aplicacao=processos.ea&amp;tipoPesquisa=tipoPesquisaGenerica&amp;termo=REsp%202040852\">REsp 2040852<\/a><\/p><p><a class=\"\" href=\"https:\/\/ww2.stj.jus.br\/processo\/pesquisa\/?aplicacao=processos.ea&amp;tipoPesquisa=tipoPesquisaGenerica&amp;termo=REsp%202009309\">REsp 2009309<\/a><\/p><p><strong>Fonte: STJ<\/strong><\/p>\n    <div class=\"xs_social_share_widget xs_share_url after_content \t\tmain_content  wslu-style-1 wslu-share-box-shaped wslu-fill-colored wslu-none wslu-share-horizontal wslu-theme-font-no wslu-main_content\">\n\n\t\t\n        <ul>\n\t\t\t        <\/ul>\n    <\/div> \n","protected":false},"excerpt":{"rendered":"<p>\u200bA Primeira Se\u00e7\u00e3o do Superior Tribunal de Justi\u00e7a (STJ), sob o rito dos recursos repetitivos (Tema 1.297), fixou a tese de que &#8220;\u00e9 compat\u00edvel a aplica\u00e7\u00e3o cumulativa da Lei 12.158\/2009 e do artigo 34 da Medida Provis\u00f3ria 2.215-10\/2001 aos militares oriundos do quadro de taifeiros da Aeron\u00e1utica na reserva remunerada, reformados ou no servi\u00e7o ativo, cujo ingresso no referido Quadro se deu at\u00e9 31\/12\/1992&#8221;.<\/p>\n","protected":false},"author":5,"featured_media":10130,"comment_status":"open","ping_status":"open","sticky":false,"template":"","format":"standard","meta":{"postBodyCss":"","postBodyMargin":[],"postBodyPadding":[],"postBodyBackground":{"backgroundType":"classic","gradient":""},"_price":"","_stock":"","_tribe_ticket_header":"","_tribe_default_ticket_provider":"","_tribe_ticket_capacity":"0","_ticket_start_date":"","_ticket_end_date":"","_tribe_ticket_show_description":"","_tribe_ticket_show_not_going":false,"_tribe_ticket_use_global_stock":"","_tribe_ticket_global_stock_level":"","_global_stock_mode":"","_global_stock_cap":"","_tribe_rsvp_for_event":"","_tribe_ticket_going_count":"","_tribe_ticket_not_going_count":"","_tribe_tickets_list":"[]","_tribe_ticket_has_attendee_info_fields":false,"footnotes":""},"categories":[46],"tags":[5850,8399,8397,8398,8401,4510,8406,2692,2493,8404,8405,229,230,8403,5662,8400,8402],"class_list":["post-10129","post","type-post","status-publish","format-standard","has-post-thumbnail","hentry","category-noticias","tag-aeronautica","tag-compativel-aplicacao-cumulativa","tag-cumular-beneficios-legais","tag-lei-12-158-2009","tag-medida-provisoria-2-215-10-2001","tag-militares","tag-reformado","tag-repetitivo","tag-reserva","tag-reserva-remunerada","tag-servico-ativo","tag-stj","tag-superior-tribunal-de-justica","tag-taifeiro","tag-taifeiros","tag-tema-1297","tag-tese"],"acf":[],"_links":{"self":[{"href":"https:\/\/sgpsolucoes.com.br\/site\/wp-json\/wp\/v2\/posts\/10129"}],"collection":[{"href":"https:\/\/sgpsolucoes.com.br\/site\/wp-json\/wp\/v2\/posts"}],"about":[{"href":"https:\/\/sgpsolucoes.com.br\/site\/wp-json\/wp\/v2\/types\/post"}],"author":[{"embeddable":true,"href":"https:\/\/sgpsolucoes.com.br\/site\/wp-json\/wp\/v2\/users\/5"}],"replies":[{"embeddable":true,"href":"https:\/\/sgpsolucoes.com.br\/site\/wp-json\/wp\/v2\/comments?post=10129"}],"version-history":[{"count":0,"href":"https:\/\/sgpsolucoes.com.br\/site\/wp-json\/wp\/v2\/posts\/10129\/revisions"}],"wp:featuredmedia":[{"embeddable":true,"href":"https:\/\/sgpsolucoes.com.br\/site\/wp-json\/wp\/v2\/media\/10130"}],"wp:attachment":[{"href":"https:\/\/sgpsolucoes.com.br\/site\/wp-json\/wp\/v2\/media?parent=10129"}],"wp:term":[{"taxonomy":"category","embeddable":true,"href":"https:\/\/sgpsolucoes.com.br\/site\/wp-json\/wp\/v2\/categories?post=10129"},{"taxonomy":"post_tag","embeddable":true,"href":"https:\/\/sgpsolucoes.com.br\/site\/wp-json\/wp\/v2\/tags?post=10129"}],"curies":[{"name":"wp","href":"https:\/\/api.w.org\/{rel}","templated":true}]}}