{"id":10132,"date":"2025-04-09T18:28:21","date_gmt":"2025-04-09T21:28:21","guid":{"rendered":"https:\/\/sgpsolucoes.com.br\/site\/?p=10132"},"modified":"2025-04-09T18:28:22","modified_gmt":"2025-04-09T21:28:22","slug":"apos-decisao-do-tce-es-municipio-tem-ate-setembro-de-2026-para-reduzir-servidores-contratados-e-comissionados","status":"publish","type":"post","link":"https:\/\/sgpsolucoes.com.br\/site\/apos-decisao-do-tce-es-municipio-tem-ate-setembro-de-2026-para-reduzir-servidores-contratados-e-comissionados\/","title":{"rendered":"Ap\u00f3s decis\u00e3o do TCE-ES, munic\u00edpio tem at\u00e9 setembro de 2026 para reduzir servidores contratados e comissionados"},"content":{"rendered":"<p>Os gestores p\u00fablicos do&nbsp;<strong><a href=\"https:\/\/vilavalerio.es.gov.br\/\" target=\"_blank\" rel=\"noreferrer noopener\">munic\u00edpio de Vila Val\u00e9rio<\/a><\/strong>&nbsp;t\u00eam at\u00e9&nbsp;<strong>setembro de 2026<\/strong>&nbsp;para reduzir o n\u00famero de servidores comissionados e contratados temporariamente. A decis\u00e3o veio ap\u00f3s julgamento realizado pela&nbsp;<strong>Segunda C\u00e2mara<\/strong>&nbsp;do&nbsp;<mark>Tribunal de Contas do Estado do Esp\u00edrito Santo (TCE-ES)<\/mark>. O processo foi conclu\u00eddo no \u00faltimo dia 21.&nbsp;<\/p><p>O assunto come\u00e7ou a ser debatido em 2023, quando o Tribunal recebeu uma den\u00fancia de que o n\u00famero de servidores contratados e comissionados superava de forma significativa o n\u00famero de servidores efetivos. Nota-se que em julho de 2023, o Poder Executivo possu\u00eda 830 cargos\/contratos e o n\u00famero de contrata\u00e7\u00f5es tempor\u00e1rias passou de 28% em 2020 para 44% em 2023.&nbsp;<\/p><p>Na ocasi\u00e3o, os efetivos eram 44% (368 servidores), mesmo percentual de contratados temporariamente (362 servidores), 11% de comissionados (94) e 1% de eletivos (6).&nbsp;&nbsp;<\/p><p>Entre os contratados estavam enfermeiros, t\u00e9cnicos de enfermagem, auxiliares de obras, operadores de m\u00e1quinas, assistentes sociais, fiscais de obras, entre outros. As contrata\u00e7\u00f5es estavam amparadas sob a Lei Municipal 1.000\/2022. Agora, todas as contrata\u00e7\u00f5es feitas sob justificativa desta lei dever\u00e3o ser extintas.&nbsp;<\/p><h5 class=\"wp-block-heading\"><strong>Irregularidade<\/strong>&nbsp;<\/h5><p>Diante da den\u00fancia de irregularidade, a \u00e1rea t\u00e9cnica sugeriu que fosse instaurado um incidente de inconstitucionalidade para avaliar a regularidade da lei. Ao se debru\u00e7ar sobre o tema, t\u00e9cnicos do TCE-ES e conselheiros observaram que a Lei Municipal 1.000\/2022. era gen\u00e9rica, pois n\u00e3o especifica a situa\u00e7\u00e3o tempor\u00e1ria de excepcional interesse p\u00fablico, mas sim, substitui o pessoal dos cargos enumerados na lei, independentemente de situa\u00e7\u00e3o.&nbsp;<\/p><p>Com isso, os conselheiros negaram a aplicabilidade da lei, visto que ela violava as Constitui\u00e7\u00f5es estadual e federal, bem como os requisitos autorizadores das contrata\u00e7\u00f5es tempor\u00e1rias. Esta fase do julgamento foi conclu\u00edda em setembro de 2024, dando prazo de 24 meses para modula\u00e7\u00e3o dos efeitos \u2013 ou seja, para que o munic\u00edpio se adequasse ao entendimento do TCE-ES.&nbsp;<\/p><p>O prazo de 24 meses se deu em raz\u00e3o do interesse p\u00fablico, presente na continuidade dos servi\u00e7os prestados pelos agentes p\u00fablicos contratados temporariamente.&nbsp;&nbsp;<\/p><h5 class=\"wp-block-heading\"><strong>Conclus\u00e3o<\/strong>&nbsp;<\/h5><p>Conclu\u00edda a an\u00e1lise do incidente de inconstitucionalidade, o assunto passou a ser debatido pela Segunda C\u00e2mara para analisar responsabilidades e a\u00e7\u00f5es a serem tomadas pelos gestores. Por unanimidade, seguindo parecer do relator do processo, conselheiro Rodrigo Chamoun, ficou determinado que no dia imediatamente posterior ao fim da modula\u00e7\u00e3o dos efeitos do incidente de inconstitucionalidade, dia 25 de setembro de 2026, estejam extintos todos os v\u00ednculos fundados na Lei Municipal 1.000\/2022.&nbsp;<\/p><p>Al\u00e9m disso, foi recomendado que o munic\u00edpio elabore um plano de a\u00e7\u00e3o para entrar em vigor no dia imediatamente posterior ao fim dessa modula\u00e7\u00e3o. Esse plano de a\u00e7\u00e3o deve estipular a forma de contrata\u00e7\u00e3o adequada para cada caso, considerando as Constitui\u00e7\u00f5es estadual e federal bem como a legisla\u00e7\u00e3o que rege pessoal no Munic\u00edpio.&nbsp;<\/p><blockquote class=\"wp-block-quote is-layout-flow wp-block-quote-is-layout-flow\"><p>\u201c\u00c9 importante que o gestor avalie a efetiva necessidade tempor\u00e1ria de excepcional interesse p\u00fablico para os cargos que assim o comportem, adequando essas contrata\u00e7\u00f5es. O que n\u00e3o \u00e9 poss\u00edvel \u00e9 que todos esses cargos sejam preenchidos de forma tempor\u00e1ria, com base em lei gen\u00e9rica, como vinha sendo feito\u201d, apresentou o relator em seu voto.&nbsp;<\/p><\/blockquote><p>O prefeito David Mozdzen Pires Ramos ficou isento de responsabilidade. Isso porque, conforme entendimento do TCE-ES, n\u00e3o \u00e9 pass\u00edvel de san\u00e7\u00e3o a conduta do agente que atua amparado por lei aprovada pelo Poder Legislativo, na medida em que goza de presun\u00e7\u00e3o de constitucionalidade.&nbsp;<\/p><p><strong><a href=\"https:\/\/www.tcees.tc.br\/consultas\/processo\/detalhar-processo?numero=5565&amp;ano=2023&amp;key=7ed629645ecef41340db413015488ce3e0444006517e8b5fb4667561d8b3d72c40bf5ad00f310a4fe9ef925379578341aefb78f5fda6e6bced3a636828d00483\" target=\"_blank\" rel=\"noreferrer noopener\">Processo TC 5565\/2023<\/a><\/strong><\/p><figure class=\"wp-block-table\"><table class=\"has-fixed-layout\"><tbody><tr><td><strong>Resumo em t\u00f3picos<\/strong><br><strong>Decis\u00e3o<\/strong>: Gestores p\u00fablicos de Vila Val\u00e9rio t\u00eam at\u00e9 setembro de 2026 para reduzir o n\u00famero de servidores comissionados e contratados temporariamente, conforme decis\u00e3o da Segunda C\u00e2mara do TCE-ES.<br><strong>Den\u00fancia e an\u00e1lise<\/strong>: A den\u00fancia de 2023 revelou que o n\u00famero de servidores contratados e comissionados superava significativamente o n\u00famero de servidores efetivos. Em julho de 2023, o Poder Executivo possu\u00eda 830 cargos\/contratos, com 44% de contrata\u00e7\u00f5es tempor\u00e1rias.<br><strong>Irregularidade da Lei Municipal<\/strong>: A Lei Municipal 1.000\/2022, que permitia as contrata\u00e7\u00f5es, foi considerada gen\u00e9rica e violava as Constitui\u00e7\u00f5es estadual e federal. O TCE-ES determinou a extin\u00e7\u00e3o das contrata\u00e7\u00f5es feitas sob essa lei, dando um prazo de 24 meses para modula\u00e7\u00e3o dos efeitos.<br><strong>Plano de a\u00e7\u00e3o<\/strong>: Foi recomendado que o munic\u00edpio elabore um plano de a\u00e7\u00e3o para entrar em vigor ap\u00f3s o fim da modula\u00e7\u00e3o, estipulando formas adequadas de contrata\u00e7\u00e3o conforme as Constitui\u00e7\u00f5es estadual e federal.<\/td><\/tr><\/tbody><\/table><\/figure><p><strong>Fonte: TCE-ES<\/strong><\/p>\n    <div class=\"xs_social_share_widget xs_share_url after_content \t\tmain_content  wslu-style-1 wslu-share-box-shaped wslu-fill-colored wslu-none wslu-share-horizontal wslu-theme-font-no wslu-main_content\">\n\n\t\t\n        <ul>\n\t\t\t        <\/ul>\n    <\/div> \n","protected":false},"excerpt":{"rendered":"<p>Os gestores p\u00fablicos do\u00a0munic\u00edpio de Vila Val\u00e9rio\u00a0t\u00eam at\u00e9\u00a0setembro de 2026\u00a0para reduzir o n\u00famero de servidores comissionados e contratados temporariamente. A decis\u00e3o veio ap\u00f3s julgamento realizado pela\u00a0Segunda C\u00e2mara\u00a0do\u00a0Tribunal de Contas do Estado do Esp\u00edrito Santo (TCE-ES). O processo foi conclu\u00eddo no \u00faltimo dia 21.\u00a0<\/p>\n","protected":false},"author":5,"featured_media":10133,"comment_status":"open","ping_status":"open","sticky":false,"template":"","format":"standard","meta":{"postBodyCss":"","postBodyMargin":[],"postBodyPadding":[],"postBodyBackground":{"backgroundType":"classic","gradient":""},"_price":"","_stock":"","_tribe_ticket_header":"","_tribe_default_ticket_provider":"","_tribe_ticket_capacity":"0","_ticket_start_date":"","_ticket_end_date":"","_tribe_ticket_show_description":"","_tribe_ticket_show_not_going":false,"_tribe_ticket_use_global_stock":"","_tribe_ticket_global_stock_level":"","_global_stock_mode":"","_global_stock_cap":"","_tribe_rsvp_for_event":"","_tribe_ticket_going_count":"","_tribe_ticket_not_going_count":"","_tribe_tickets_list":"[]","_tribe_ticket_has_attendee_info_fields":false,"footnotes":""},"categories":[46],"tags":[8411,8412,1418,460,8409,8413,1344,8407,8408,8410,4702,4707],"class_list":["post-10132","post","type-post","status-publish","format-standard","has-post-thumbnail","hentry","category-noticias","tag-comissionados","tag-contratados-temporariamente","tag-gestores-publicos","tag-municipio-2","tag-municipio-de-vila-valerio","tag-reduzir-o-numero-de-servidores","tag-servidores","tag-servidores-comissionados","tag-servidores-contratados","tag-setembro-de-2026","tag-tce-es","tag-tribunal-de-contas-do-estado-do-espirito-santo"],"acf":[],"_links":{"self":[{"href":"https:\/\/sgpsolucoes.com.br\/site\/wp-json\/wp\/v2\/posts\/10132"}],"collection":[{"href":"https:\/\/sgpsolucoes.com.br\/site\/wp-json\/wp\/v2\/posts"}],"about":[{"href":"https:\/\/sgpsolucoes.com.br\/site\/wp-json\/wp\/v2\/types\/post"}],"author":[{"embeddable":true,"href":"https:\/\/sgpsolucoes.com.br\/site\/wp-json\/wp\/v2\/users\/5"}],"replies":[{"embeddable":true,"href":"https:\/\/sgpsolucoes.com.br\/site\/wp-json\/wp\/v2\/comments?post=10132"}],"version-history":[{"count":0,"href":"https:\/\/sgpsolucoes.com.br\/site\/wp-json\/wp\/v2\/posts\/10132\/revisions"}],"wp:featuredmedia":[{"embeddable":true,"href":"https:\/\/sgpsolucoes.com.br\/site\/wp-json\/wp\/v2\/media\/10133"}],"wp:attachment":[{"href":"https:\/\/sgpsolucoes.com.br\/site\/wp-json\/wp\/v2\/media?parent=10132"}],"wp:term":[{"taxonomy":"category","embeddable":true,"href":"https:\/\/sgpsolucoes.com.br\/site\/wp-json\/wp\/v2\/categories?post=10132"},{"taxonomy":"post_tag","embeddable":true,"href":"https:\/\/sgpsolucoes.com.br\/site\/wp-json\/wp\/v2\/tags?post=10132"}],"curies":[{"name":"wp","href":"https:\/\/api.w.org\/{rel}","templated":true}]}}