{"id":10141,"date":"2025-04-09T18:47:37","date_gmt":"2025-04-09T21:47:37","guid":{"rendered":"https:\/\/sgpsolucoes.com.br\/site\/?p=10141"},"modified":"2025-04-09T18:47:38","modified_gmt":"2025-04-09T21:47:38","slug":"apos-decisao-do-tce-es-prefeitura-vai-reabrir-processo-para-corrigir-licitacao-de-contrato-de-publicidade","status":"publish","type":"post","link":"https:\/\/sgpsolucoes.com.br\/site\/apos-decisao-do-tce-es-prefeitura-vai-reabrir-processo-para-corrigir-licitacao-de-contrato-de-publicidade\/","title":{"rendered":"Ap\u00f3s decis\u00e3o do TCE-ES, prefeitura vai reabrir processo para corrigir licita\u00e7\u00e3o de contrato de publicidade"},"content":{"rendered":"<p>A\u00a0<strong><a href=\"https:\/\/www.marataizes.es.gov.br\/\" target=\"_blank\" rel=\"noreferrer noopener\">prefeitura de Marata\u00edzes<\/a><\/strong>\u00a0vai reabrir um processo de licita\u00e7\u00e3o para que ele possa ser corrigido. A a\u00e7\u00e3o da prefeitura acontece depois que uma cautelar do\u00a0<mark><mark style=\"background-color:#ffffff\" class=\"has-inline-color\">Tribunal de Contas do Estado do Esp\u00edrito Santo (TCE-ES)<\/mark><\/mark>\u00a0<strong><a href=\"https:\/\/www.tcees.tc.br\/noticias-cautelar\/tce-es-concede-medida-cautelar-para-suspensao-de-contrato-de-publicidade-da-prefeitura-de-marataizes\/\" target=\"_blank\" rel=\"noreferrer noopener\">determinou a suspens\u00e3o do contrato<\/a><\/strong>.\u00a0<\/p><p>A licita\u00e7\u00e3o foi realizada no final do ano passado e a sess\u00e3o definitiva teve a participa\u00e7\u00e3o de apenas uma empresa \u2013 a que foi declarada vencedora. A Comiss\u00e3o de Licita\u00e7\u00e3o registrou que n\u00e3o havia recurso contr\u00e1rio e declarou a empresa vencedora. No entanto, segundo o edital, o prazo para recursos era de cinco dias \u00fateis ap\u00f3s a avalia\u00e7\u00e3o da proposta.&nbsp;<\/p><p>Como a prefeitura n\u00e3o respeitou o prazo para recursos, o relator do caso, conselheiro Davi Diniz, concedeu medida cautelar determinando a suspens\u00e3o da contrata\u00e7\u00e3o. A cautelar foi referendada pelos demais conselheiros em sess\u00e3o plen\u00e1ria realizada em 11 de fevereiro.&nbsp;<\/p><blockquote class=\"wp-block-quote is-layout-flow wp-block-quote-is-layout-flow\"><p>Ao ser notificada da cautelar, a prefeitura de Marata\u00edzes, j\u00e1 sob a administra\u00e7\u00e3o atual, informou a anula\u00e7\u00e3o da contrata\u00e7\u00e3o. \u201cA medida visaria restabelecer a corre\u00e7\u00e3o do procedimento licitat\u00f3rio, retroagindo ao \u00faltimo ato v\u00e1lido, conforme orienta\u00e7\u00e3o emanada da decis\u00e3o prolatada pelo TCE-ES\u201d, ressaltou Davi Diniz em decis\u00e3o determinando a retirada da medida cautelar.&nbsp;<\/p><\/blockquote><p>Assim como a determina\u00e7\u00e3o da medida, a retirada da cautelar tamb\u00e9m foi referendada pelos demais conselheiros. Agora, a prefeitura anunciou a concess\u00e3o de novo prazo para a interposi\u00e7\u00e3o de recursos, garantindo o devido processo legal e o direito de defesa dos interessados no processo de contrata\u00e7\u00e3o.&nbsp;<\/p><p><em>Entenda: medida cautelar<\/em>\u202f&nbsp;<\/p><p><em>Tem a finalidade de, emergencialmente, prevenir, conservar, proteger ou assegurar direitos, por haver fundado receio de grave ofensa ao interesse p\u00fablico ou de inefic\u00e1cia das decis\u00f5es do tribunal.&nbsp;<\/em>\u202f&nbsp;<\/p><p><em>A medida cautelar poder\u00e1 ser concedida no in\u00edcio ou no decorrer do processo, podendo a decis\u00e3o ser revista a qualquer tempo por essa Corte de Contas.&nbsp;<\/em>\u202f&nbsp;<\/p><p><em>A cautelar n\u00e3o indica julgamento terminativo do m\u00e9rito, ou seja, n\u00e3o \u00e9 poss\u00edvel atribuir valor \u00e9tico e formal \u00e0 conduta do agente a partir desta decis\u00e3o.<\/em>&nbsp;<\/p><p><strong><a href=\"https:\/\/www.tcees.tc.br\/consultas\/processo\/detalhar-processo?numero=10858&amp;ano=2024&amp;key=439a5da0039efdb6e0e72da0b348bc4c4f518a437619774782e4b7f77a4e07b2c8ed54b685e2eeea4d5393b3997d3c4f11ae12927c5d5764b8bac0b3ba5708bf\" target=\"_blank\" rel=\"noreferrer noopener\">Processo TC 10858\/2024<\/a><\/strong>\u202f&nbsp;<\/p><figure class=\"wp-block-table\"><table class=\"has-fixed-layout\"><tbody><tr><td><strong>Resumo em t\u00f3picos<\/strong><br><strong>Suspens\u00e3o<\/strong>: Em fevereiro, o TCE-ES determinou a suspens\u00e3o de um contrato de licita\u00e7\u00e3o realizado pela prefeitura de Marata\u00edzes devido \u00e0 n\u00e3o observ\u00e2ncia do prazo para recursos.<br><strong>Anula\u00e7\u00e3o da contrata\u00e7\u00e3o<\/strong>: A prefeitura de Marata\u00edzes, sob nova administra\u00e7\u00e3o, anulou a contrata\u00e7\u00e3o para corrigir o procedimento licitat\u00f3rio, conforme orienta\u00e7\u00e3o do TCE-ES.<br><strong>Novo prazo para recursos<\/strong>: A prefeitura anunciou a concess\u00e3o de um novo prazo para a interposi\u00e7\u00e3o de recursos, garantindo o devido processo legal e o direito de defesa dos interessados no processo de contrata\u00e7\u00e3o.<\/td><\/tr><\/tbody><\/table><\/figure><p><strong>Fonte: TCE-ES<\/strong><\/p>\n    <div class=\"xs_social_share_widget xs_share_url after_content \t\tmain_content  wslu-style-1 wslu-share-box-shaped wslu-fill-colored wslu-none wslu-share-horizontal wslu-theme-font-no wslu-main_content\">\n\n\t\t\n        <ul>\n\t\t\t        <\/ul>\n    <\/div> \n","protected":false},"excerpt":{"rendered":"<p>A\u00a0prefeitura de Marata\u00edzes\u00a0vai reabrir um processo de licita\u00e7\u00e3o para que ele possa ser corrigido. A a\u00e7\u00e3o da prefeitura acontece depois que uma cautelar do\u00a0Tribunal de Contas do Estado do Esp\u00edrito Santo (TCE-ES)\u00a0determinou a suspens\u00e3o do contrato.\u00a0<\/p>\n","protected":false},"author":5,"featured_media":10142,"comment_status":"open","ping_status":"open","sticky":false,"template":"","format":"standard","meta":{"postBodyCss":"","postBodyMargin":[],"postBodyPadding":[],"postBodyBackground":{"backgroundType":"classic","gradient":""},"_price":"","_stock":"","_tribe_ticket_header":"","_tribe_default_ticket_provider":"","_tribe_ticket_capacity":"0","_ticket_start_date":"","_ticket_end_date":"","_tribe_ticket_show_description":"","_tribe_ticket_show_not_going":false,"_tribe_ticket_use_global_stock":"","_tribe_ticket_global_stock_level":"","_global_stock_mode":"","_global_stock_cap":"","_tribe_rsvp_for_event":"","_tribe_ticket_going_count":"","_tribe_ticket_not_going_count":"","_tribe_tickets_list":"[]","_tribe_ticket_has_attendee_info_fields":false,"footnotes":""},"categories":[46],"tags":[5283,5562,1461,856,6152,138,663,3402,5559,8426,8424,4047,8427,4702,4707,8425],"class_list":["post-10141","post","type-post","status-publish","format-standard","has-post-thumbnail","hentry","category-noticias","tag-comissao-de-licitacao","tag-contrato-de-publicidade","tag-decisao","tag-edital","tag-empresa-vencedora","tag-licitacao-2","tag-prazo","tag-prefeitura","tag-prefeitura-de-marataizes","tag-processo-de-licitacao","tag-reabrir-processo","tag-recursos","tag-suspensao-de-contrato","tag-tce-es","tag-tribunal-de-contas-do-estado-do-espirito-santo","tag-vencedora"],"acf":[],"_links":{"self":[{"href":"https:\/\/sgpsolucoes.com.br\/site\/wp-json\/wp\/v2\/posts\/10141"}],"collection":[{"href":"https:\/\/sgpsolucoes.com.br\/site\/wp-json\/wp\/v2\/posts"}],"about":[{"href":"https:\/\/sgpsolucoes.com.br\/site\/wp-json\/wp\/v2\/types\/post"}],"author":[{"embeddable":true,"href":"https:\/\/sgpsolucoes.com.br\/site\/wp-json\/wp\/v2\/users\/5"}],"replies":[{"embeddable":true,"href":"https:\/\/sgpsolucoes.com.br\/site\/wp-json\/wp\/v2\/comments?post=10141"}],"version-history":[{"count":0,"href":"https:\/\/sgpsolucoes.com.br\/site\/wp-json\/wp\/v2\/posts\/10141\/revisions"}],"wp:featuredmedia":[{"embeddable":true,"href":"https:\/\/sgpsolucoes.com.br\/site\/wp-json\/wp\/v2\/media\/10142"}],"wp:attachment":[{"href":"https:\/\/sgpsolucoes.com.br\/site\/wp-json\/wp\/v2\/media?parent=10141"}],"wp:term":[{"taxonomy":"category","embeddable":true,"href":"https:\/\/sgpsolucoes.com.br\/site\/wp-json\/wp\/v2\/categories?post=10141"},{"taxonomy":"post_tag","embeddable":true,"href":"https:\/\/sgpsolucoes.com.br\/site\/wp-json\/wp\/v2\/tags?post=10141"}],"curies":[{"name":"wp","href":"https:\/\/api.w.org\/{rel}","templated":true}]}}