{"id":10151,"date":"2025-04-09T19:11:04","date_gmt":"2025-04-09T22:11:04","guid":{"rendered":"https:\/\/sgpsolucoes.com.br\/site\/?p=10151"},"modified":"2025-04-09T19:11:05","modified_gmt":"2025-04-09T22:11:05","slug":"e-irregular-impor-restricao-de-prazo-em-editais-de-credenciamento-alerta-tce-pr","status":"publish","type":"post","link":"https:\/\/sgpsolucoes.com.br\/site\/e-irregular-impor-restricao-de-prazo-em-editais-de-credenciamento-alerta-tce-pr\/","title":{"rendered":"\u00c9 irregular impor restri\u00e7\u00e3o de prazo em editais de credenciamento, alerta TCE-PR"},"content":{"rendered":"<p>Impor qualquer prazo em editais de credenciamento \u00e9 irregular e afronta a natureza inclusiva dessa modalidade licitat\u00f3ria. Esta \u00e9 a orienta\u00e7\u00e3o do Tribunal de Contas do Estado (TCE-PR), confirmada por meio de medida cautelar emitida pelo conselheiro Ivan Bonilha.<\/p><p>A decis\u00e3o determinou que o Departamento de Tr\u00e2nsito do Paran\u00e1 (Detran-PR) receba e analise, de forma imediata, a documenta\u00e7\u00e3o apresentada pela Result One Tecnologia da Informa\u00e7\u00e3o Ltda. para fins de habilita\u00e7\u00e3o no Edital de Credenciamento n\u00ba 1\/2018, cujo objetivo \u00e9 a habilita\u00e7\u00e3o de empresas especializadas no registro eletr\u00f4nico de contratos de financiamento de ve\u00edculos.<\/p><p>Tal medida havia sido negada pelo \u00f3rg\u00e3o pois, no instrumento convocat\u00f3rio do certame, foi estabelecido prazo de 30 dias \u00fateis a partir de sua publica\u00e7\u00e3o para que as empresas interessadas pudessem apresentar protocolo de requerimento de credenciamento. Dessa forma, o per\u00edodo previsto expirou em 13 de setembro de 2018, conforme of\u00edcio de indeferimento expedido pela entidade.<\/p><p>Como resultado, a Result One ingressou com processo de Representa\u00e7\u00e3o da Lei de Licita\u00e7\u00f5es junto ao TCE-PR, solicitando a emiss\u00e3o da medida cautelar diante de sua negativa de credenciamento, entendida por ela como irregular.<\/p><p><strong>Decis\u00e3o<\/strong><\/p><p>O relator do processo, conselheiro Ivan Bonilha, deu raz\u00e3o \u00e0 argumenta\u00e7\u00e3o apresentada pela empresa. Para ele, o instituto do credenciamento possui car\u00e1ter inclusivo, diferente da t\u00f4nica da exclus\u00e3o verificada em outras modalidades licitat\u00f3rias, nas quais se escolhe um \u00fanico licitante para realizar o objeto a ser contratado, ap\u00f3s exclus\u00e3o dos demais. &#8220;Tenho para mim que a previs\u00e3o contida nesse dispositivo descaracteriza o instituto do credenciamento, de maneira a afrontar a legisla\u00e7\u00e3o aplic\u00e1vel&#8221;, concluiu Bonilha.<\/p><p>O conselheiro lembrou que o artigo 4\u00ba do Decreto Estadual n\u00ba 4.507\/2009, o qual regulamenta o credenciamento no \u00e2mbito do Estado do Paran\u00e1, evidencia esta modalidade de contrata\u00e7\u00e3o como &#8220;um processo por meio da pr\u00e9-qualifica\u00e7\u00e3o, permanentemente aberto a todos os interessados, pessoas f\u00edsicas e jur\u00eddicas, que atendam os requisitos estabelecidos no edital&#8221;. Em raz\u00e3o destes apontamentos, o relator deferiu a medida cautelar pleiteada.<\/p><p>O Detran-PR e seus representantes legais receberam prazo de 15 dias para se manifestarem a respeito da poss\u00edvel irregularidade apontada na medida cautelar. A decis\u00e3o monocr\u00e1tica do relator, expedida no dia 1\u00ba de abril, ser\u00e1 submetida \u00e0 homologa\u00e7\u00e3o pelo Tribunal Pleno. Caso n\u00e3o seja revogada, os efeitos da decis\u00e3o liminar perduram at\u00e9 que o colegiado decida sobre o m\u00e9rito do processo.<\/p><p><strong><u>Servi\u00e7o<\/u><\/strong><\/p><figure class=\"wp-block-table\"><table class=\"has-fixed-layout\"><tbody><tr><td><strong>Processo<\/strong>&nbsp;<strong>n\u00ba<\/strong>:<\/td><td>162632\/25<\/td><\/tr><tr><td><strong>Despacho n\u00ba:<\/strong><\/td><td>418\/25 &#8211;&nbsp;Gabinete do Conselheiro Ivan Bonilha<\/td><\/tr><tr><td><strong>Assunto<\/strong>:<\/td><td>Representa\u00e7\u00e3o da Lei de Licita\u00e7\u00f5es<\/td><\/tr><tr><td><strong>Entidade<\/strong>:<\/td><td>Departamento de Tr\u00e2nsito do Paran\u00e1<\/td><\/tr><tr><td><strong>Interessada:<\/strong><\/td><td>Result One Tecnologia da Informa\u00e7\u00e3o Ltda.<\/td><\/tr><tr><td><strong>Relator<\/strong>:<\/td><td>Conselheiro Ivan Lelis Bonilha<\/td><\/tr><\/tbody><\/table><\/figure><p><strong>Fonte:\u00a0TCE\/PR<\/strong><\/p>\n    <div class=\"xs_social_share_widget xs_share_url after_content \t\tmain_content  wslu-style-1 wslu-share-box-shaped wslu-fill-colored wslu-none wslu-share-horizontal wslu-theme-font-no wslu-main_content\">\n\n\t\t\n        <ul>\n\t\t\t        <\/ul>\n    <\/div> \n","protected":false},"excerpt":{"rendered":"<p>Impor qualquer prazo em editais de credenciamento \u00e9 irregular e afronta a natureza inclusiva dessa modalidade licitat\u00f3ria. Esta \u00e9 a orienta\u00e7\u00e3o do Tribunal de Contas do Estado (TCE-PR), confirmada por meio de medida cautelar emitida pelo conselheiro Ivan Bonilha.<\/p>\n","protected":false},"author":5,"featured_media":10152,"comment_status":"open","ping_status":"open","sticky":false,"template":"","format":"standard","meta":{"postBodyCss":"","postBodyMargin":[],"postBodyPadding":[],"postBodyBackground":{"backgroundType":"classic","gradient":""},"_price":"","_stock":"","_tribe_ticket_header":"","_tribe_default_ticket_provider":"","_tribe_ticket_capacity":"0","_ticket_start_date":"","_ticket_end_date":"","_tribe_ticket_show_description":"","_tribe_ticket_show_not_going":false,"_tribe_ticket_use_global_stock":"","_tribe_ticket_global_stock_level":"","_global_stock_mode":"","_global_stock_cap":"","_tribe_rsvp_for_event":"","_tribe_ticket_going_count":"","_tribe_ticket_not_going_count":"","_tribe_tickets_list":"[]","_tribe_ticket_has_attendee_info_fields":false,"footnotes":""},"categories":[46],"tags":[75,831,4644,8441,1155,8443,8444,8445,1103,755,1394,8442,8446,8440,354,3413],"class_list":["post-10151","post","type-post","status-publish","format-standard","has-post-thumbnail","hentry","category-noticias","tag-contratos","tag-credenciamento","tag-departamento-de-transito-do-parana","tag-detran-pr-2","tag-editais","tag-editais-de-credenciamento","tag-edital-de-credenciamento","tag-financiamento-de-veiculos","tag-habilitacao","tag-irregular","tag-medida-cautelar","tag-modalidade-licitatoria","tag-registro-eletronico","tag-restricao-de-prazo","tag-tce-pr","tag-tribunal-de-contas-do-estado"],"acf":[],"_links":{"self":[{"href":"https:\/\/sgpsolucoes.com.br\/site\/wp-json\/wp\/v2\/posts\/10151"}],"collection":[{"href":"https:\/\/sgpsolucoes.com.br\/site\/wp-json\/wp\/v2\/posts"}],"about":[{"href":"https:\/\/sgpsolucoes.com.br\/site\/wp-json\/wp\/v2\/types\/post"}],"author":[{"embeddable":true,"href":"https:\/\/sgpsolucoes.com.br\/site\/wp-json\/wp\/v2\/users\/5"}],"replies":[{"embeddable":true,"href":"https:\/\/sgpsolucoes.com.br\/site\/wp-json\/wp\/v2\/comments?post=10151"}],"version-history":[{"count":0,"href":"https:\/\/sgpsolucoes.com.br\/site\/wp-json\/wp\/v2\/posts\/10151\/revisions"}],"wp:featuredmedia":[{"embeddable":true,"href":"https:\/\/sgpsolucoes.com.br\/site\/wp-json\/wp\/v2\/media\/10152"}],"wp:attachment":[{"href":"https:\/\/sgpsolucoes.com.br\/site\/wp-json\/wp\/v2\/media?parent=10151"}],"wp:term":[{"taxonomy":"category","embeddable":true,"href":"https:\/\/sgpsolucoes.com.br\/site\/wp-json\/wp\/v2\/categories?post=10151"},{"taxonomy":"post_tag","embeddable":true,"href":"https:\/\/sgpsolucoes.com.br\/site\/wp-json\/wp\/v2\/tags?post=10151"}],"curies":[{"name":"wp","href":"https:\/\/api.w.org\/{rel}","templated":true}]}}