{"id":10157,"date":"2025-04-09T19:21:13","date_gmt":"2025-04-09T22:21:13","guid":{"rendered":"https:\/\/sgpsolucoes.com.br\/site\/?p=10157"},"modified":"2025-04-09T19:21:14","modified_gmt":"2025-04-09T22:21:14","slug":"fundo-publico-deve-adotar-escrituracao-contabil-nos-moldes-da-lei-federal-4-320-64","status":"publish","type":"post","link":"https:\/\/sgpsolucoes.com.br\/site\/fundo-publico-deve-adotar-escrituracao-contabil-nos-moldes-da-lei-federal-4-320-64\/","title":{"rendered":"Fundo p\u00fablico deve adotar escritura\u00e7\u00e3o cont\u00e1bil nos moldes da Lei Federal 4.320\/64"},"content":{"rendered":"<p>Fundos institu\u00eddos por lei e que movimentam recursos p\u00fablicos, mesmo que rotativos e geridos por entidade privada, devem adotar a escritura\u00e7\u00e3o cont\u00e1bil p\u00fablica prevista na Lei Federal n\u00ba 4.320\/64, bem como est\u00e3o sujeitos aos comandos do artigo 165, par\u00e1grafo 5\u00ba, inciso I, e par\u00e1grafo 9\u00ba, inciso II, da Constitui\u00e7\u00e3o Federal no que diz respeito \u00e0 sua integra\u00e7\u00e3o \u00e0 Lei Or\u00e7ament\u00e1ria Anual (LOA), \u00e0 Lei de Diretrizes Or\u00e7ament\u00e1rias (LDO) e ao Plano Plurianual (PPA) junto ao ente p\u00fablico ao qual est\u00e1 vinculado.<\/p><p>Este \u00e9 o entendimento manifestado pelo Tribunal de Contas do Estado do Paran\u00e1 (TCE-PR) ao julgar procedente uma Representa\u00e7\u00e3o oferecida pela Quinta Inspetoria de Controle Externo (5\u00aa ICE) do \u00f3rg\u00e3o de controle externo em face da Secretaria de Estado das Cidades (Secid-PR). De acordo com a Representa\u00e7\u00e3o, em inspe\u00e7\u00e3o junto ao Fundo de Desenvolvimento Urbano (FDU), foi detectada a utiliza\u00e7\u00e3o de pr\u00e1ticas cont\u00e1beis previstas na Lei Federal n\u00ba 6.404\/76, que rege a contabilidade das sociedades an\u00f4nimas e aplic\u00e1vel a empresas do setor privado, contrariando determina\u00e7\u00e3o constitucional.<\/p><p>Criado por lei estadual em 1988, o FDU tem como objetivo receber aportes de recursos p\u00fablicos para financiar planos, programas, projetos e atividades voltadas ao desenvolvimento urbano de forma rotativa no Estado do Paran\u00e1.<\/p><p>A partir da aprova\u00e7\u00e3o da Lei Estadual n\u00ba 15.211\/2006, que criou o Servi\u00e7o Social Aut\u00f4nomo Paranacidade, o FDU passou a ser gerido pela paraestatal, que atua como pessoa jur\u00eddica de direito privado, sem fins lucrativos e de interesse p\u00fablico. De acordo com a sua lei de cria\u00e7\u00e3o, o Paranacidade tem entre seus objetivos a administra\u00e7\u00e3o do Fundo de Desenvolvimento Urbano, o que \u00e9 executado por meio de contrato de gest\u00e3o com a Secretaria de Estado das Cidades.<\/p><p><strong>Fundo p\u00fablico<\/strong><\/p><p>Para o relator do processo, conselheiro Fabio Camargo, o TCE-PR j\u00e1 se manifestou em outras ocasi\u00f5es sobre a natureza p\u00fablica dos fundos. &#8220;Resta not\u00f3rio que o Fundo de Desenvolvimento Urbano se trata de fundo p\u00fablico, preenchendo todas as caracter\u00edsticas que lhe s\u00e3o pr\u00f3prias, quais sejam: constitui\u00e7\u00e3o de receitas espec\u00edficas institu\u00eddas em lei; vincula\u00e7\u00e3o \u00e0 realiza\u00e7\u00e3o de determinados objetivos ou servi\u00e7os; e vincula\u00e7\u00e3o a um \u00f3rg\u00e3o da administra\u00e7\u00e3o&#8221;, lembrou.<\/p><p>Para o conselheiro, o FDU, nos termos da Lei Federal n\u00ba 4.320\/64, n\u00e3o se caracteriza como pessoa jur\u00eddica propriamente, mas como unidade or\u00e7ament\u00e1ria, cujos atos est\u00e3o vinculados juridicamente \u00e0 Secretaria de Estado das Cidades, que \u00e9 a respons\u00e1vel pela formula\u00e7\u00e3o de pol\u00edticas p\u00fablicas e diretrizes para o desenvolvimento urbano e a elabora\u00e7\u00e3o de programas, planos e projetos para o setor, conforme disposto no artigo 35, inciso IX, da Lei Estadual n\u00ba 21.352\/23, a lei que criou a Secid-PR.<\/p><p>Seguindo as manifesta\u00e7\u00f5es da 5\u00aa ICE e do Minist\u00e9rio P\u00fablico de Contas (MPC-PR), o relator apresentou voto determinando aos gestores do FDU que adotem a contabilidade p\u00fablica em sua escritura\u00e7\u00e3o, inclusive para integrar o sistema or\u00e7ament\u00e1rio, financeiro e patrimonial do Estado do Paran\u00e1.<\/p><p>Em voto separado apresentado pelo conselheiro Durval Amaral, o plen\u00e1rio aprovou a ado\u00e7\u00e3o do prazo de 36 meses para o cumprimento da determina\u00e7\u00e3o pelos respons\u00e1veis. Esse prazo passar\u00e1 a contar a partir do tr\u00e2nsito em julgado da decis\u00e3o, da qual cabe recurso.<\/p><p>A decis\u00e3o foi aprovada por maioria de votos na Sess\u00e3o de Plen\u00e1rio Virtual n\u00ba 4 do Tribunal Pleno, conclu\u00edda em 13 de mar\u00e7o. O Ac\u00f3rd\u00e3o n\u00ba 511\/25, o qual consignou a decis\u00e3o do colegiado, foi publicado em 27 de mar\u00e7o, na&nbsp;<a href=\"https:\/\/www1.tce.pr.gov.br\/conteudo\/diario-eletronico-3412-2025-de-27-de-marco-de-2025\/361928\/area\/10\">edi\u00e7\u00e3o n\u00ba 3.412 do Di\u00e1rio Eletr\u00f4nico do TCE-PR<\/a>. O Paranacidade apresentou Embargos de Declara\u00e7\u00e3o, questionando pontos do ac\u00f3rd\u00e3o. O recurso ser\u00e1 julgado pelo Tribunal Pleno.<\/p><p><strong><u>Servi\u00e7o<\/u><\/strong><\/p><figure class=\"wp-block-table\"><table class=\"has-fixed-layout\"><tbody><tr><td><strong>Processo<\/strong>&nbsp;<strong>n\u00ba<\/strong>:<\/td><td>20273\/23<\/td><\/tr><tr><td><strong>Ac\u00f3rd\u00e3o n\u00ba:<\/strong><\/td><td>511\/25 &#8211; Tribunal Pleno<\/td><\/tr><tr><td><strong>Assunto<\/strong>:<\/td><td>Representa\u00e7\u00e3o<\/td><\/tr><tr><td><strong>Entidade<\/strong>:<\/td><td>Secretaria de Estado das Cidades<\/td><\/tr><tr><td><strong>Interessados:<\/strong><\/td><td>Quinta Inspetoria de Controle Externo do TCE-PR, Eduardo Pimentel Slaviero, Secretaria de Estado das Cidades, Servi\u00e7o Social Aut\u00f4nomo Paranacidade<\/td><\/tr><tr><td><strong>Relator<\/strong>:<\/td><td>Conselheiro Fabio de Souza Camargo<\/td><\/tr><\/tbody><\/table><\/figure><p><strong>Fonte:\u00a0TCE\/PR<\/strong><\/p>\n    <div class=\"xs_social_share_widget xs_share_url after_content \t\tmain_content  wslu-style-1 wslu-share-box-shaped wslu-fill-colored wslu-none wslu-share-horizontal wslu-theme-font-no wslu-main_content\">\n\n\t\t\n        <ul>\n\t\t\t        <\/ul>\n    <\/div> \n","protected":false},"excerpt":{"rendered":"<p>Fundos institu\u00eddos por lei e que movimentam recursos p\u00fablicos, mesmo que rotativos e geridos por entidade privada, devem adotar a escritura\u00e7\u00e3o cont\u00e1bil p\u00fablica prevista na Lei Federal n\u00ba 4.320\/64, bem como est\u00e3o sujeitos aos comandos do artigo 165, par\u00e1grafo 5\u00ba, inciso I, e par\u00e1grafo 9\u00ba, inciso II, da Constitui\u00e7\u00e3o Federal no que diz respeito \u00e0 sua integra\u00e7\u00e3o \u00e0 Lei Or\u00e7ament\u00e1ria Anual (LOA), \u00e0 Lei de Diretrizes Or\u00e7ament\u00e1rias (LDO) e ao Plano Plurianual (PPA) junto ao ente p\u00fablico ao qual est\u00e1 vinculado.<\/p>\n","protected":false},"author":5,"featured_media":10158,"comment_status":"open","ping_status":"open","sticky":false,"template":"","format":"standard","meta":{"postBodyCss":"","postBodyMargin":[],"postBodyPadding":[],"postBodyBackground":{"backgroundType":"classic","gradient":""},"_price":"","_stock":"","_tribe_ticket_header":"","_tribe_default_ticket_provider":"","_tribe_ticket_capacity":"0","_ticket_start_date":"","_ticket_end_date":"","_tribe_ticket_show_description":"","_tribe_ticket_show_not_going":false,"_tribe_ticket_use_global_stock":"","_tribe_ticket_global_stock_level":"","_global_stock_mode":"","_global_stock_cap":"","_tribe_rsvp_for_event":"","_tribe_ticket_going_count":"","_tribe_ticket_not_going_count":"","_tribe_tickets_list":"[]","_tribe_ticket_has_attendee_info_fields":false,"footnotes":""},"categories":[46],"tags":[8468,1047,3221,8467,8474,8466,8472,8471,8464,8473,658,1563,4132,8475,8470,6280,6279,8462,6129,6130,8463,3287,717,8469,8461,8465,354,356],"class_list":["post-10157","post","type-post","status-publish","format-standard","has-post-thumbnail","hentry","category-noticias","tag-5a-ice","tag-constituicao-federal","tag-ente-publico","tag-entidade-privada","tag-escrituracao-contabil","tag-escrituracao-contabil-publica","tag-fdu","tag-fundo-de-desenvolvimento-urbano","tag-fundo-publico","tag-fundos","tag-ldo","tag-lei","tag-lei-de-diretrizes-orcamentarias","tag-lei-federal-4-320-64","tag-lei-no-4-320-64","tag-lei-orcamentaria-anual","tag-loa","tag-orgao-de-controle-externo","tag-plano-plurianual","tag-ppa","tag-quinta-inspetoria-de-controle-externo","tag-recursos-publicos","tag-representacao","tag-rotativos","tag-secid-pr","tag-secretaria-de-estado-das-cidades","tag-tce-pr","tag-tribunal-de-contas-do-estado-do-parana"],"acf":[],"_links":{"self":[{"href":"https:\/\/sgpsolucoes.com.br\/site\/wp-json\/wp\/v2\/posts\/10157"}],"collection":[{"href":"https:\/\/sgpsolucoes.com.br\/site\/wp-json\/wp\/v2\/posts"}],"about":[{"href":"https:\/\/sgpsolucoes.com.br\/site\/wp-json\/wp\/v2\/types\/post"}],"author":[{"embeddable":true,"href":"https:\/\/sgpsolucoes.com.br\/site\/wp-json\/wp\/v2\/users\/5"}],"replies":[{"embeddable":true,"href":"https:\/\/sgpsolucoes.com.br\/site\/wp-json\/wp\/v2\/comments?post=10157"}],"version-history":[{"count":0,"href":"https:\/\/sgpsolucoes.com.br\/site\/wp-json\/wp\/v2\/posts\/10157\/revisions"}],"wp:featuredmedia":[{"embeddable":true,"href":"https:\/\/sgpsolucoes.com.br\/site\/wp-json\/wp\/v2\/media\/10158"}],"wp:attachment":[{"href":"https:\/\/sgpsolucoes.com.br\/site\/wp-json\/wp\/v2\/media?parent=10157"}],"wp:term":[{"taxonomy":"category","embeddable":true,"href":"https:\/\/sgpsolucoes.com.br\/site\/wp-json\/wp\/v2\/categories?post=10157"},{"taxonomy":"post_tag","embeddable":true,"href":"https:\/\/sgpsolucoes.com.br\/site\/wp-json\/wp\/v2\/tags?post=10157"}],"curies":[{"name":"wp","href":"https:\/\/api.w.org\/{rel}","templated":true}]}}