{"id":10210,"date":"2025-04-10T19:23:47","date_gmt":"2025-04-10T22:23:47","guid":{"rendered":"https:\/\/sgpsolucoes.com.br\/site\/?p=10210"},"modified":"2025-04-10T19:23:48","modified_gmt":"2025-04-10T22:23:48","slug":"tribunal-de-revisao-do-mercosul-lanca-livro-sobre-seminario-realizado-no-stf","status":"publish","type":"post","link":"https:\/\/sgpsolucoes.com.br\/site\/tribunal-de-revisao-do-mercosul-lanca-livro-sobre-seminario-realizado-no-stf\/","title":{"rendered":"Tribunal de Revis\u00e3o do Mercosul lan\u00e7a livro sobre semin\u00e1rio realizado no STF"},"content":{"rendered":"<p><strong><em>Evento foi organizado pela ministra aposentada Rosa Weber<\/em><\/strong><\/p><p>O Tribunal Permanente de Revis\u00e3o do Mercosul (TPR) lan\u00e7ou um livro de mem\u00f3rias sobre o semin\u00e1rio internacional realizado em novembro de 2024 na sede do Supremo Tribunal Federal (STF), em Bras\u00edlia.<\/p><p>O semin\u00e1rio foi organizado pela ministra aposentada Rosa Weber, ent\u00e3o presidente da Corte de Revis\u00e3o, no ano que marcou a comemora\u00e7\u00e3o dos 20 anos de instala\u00e7\u00e3o do TPR, \u00f3rg\u00e3o mais importante do sistema de solu\u00e7\u00e3o de controv\u00e9rsias do Mercosul.<\/p><p>A obra cont\u00e9m as apresenta\u00e7\u00f5es do evento, que reuniu autoridades e especialistas para debater a relev\u00e2ncia hist\u00f3rica no processo de integra\u00e7\u00e3o normativa do Mercosul e as perspectivas futuras do Tribunal de Revis\u00e3o. Participaram os ministros Edson Fachin e Gilmar Mendes e a ministra C\u00e1rmen L\u00facia, do STF, representantes da Advocacia-Geral da Uni\u00e3o (AGU) e do Minist\u00e9rio das Rela\u00e7\u00f5es Exteriores (MRE) e autoridades da Argentina, Uruguai e Paraguai.<\/p><h5 class=\"wp-block-heading\"><strong><a href=\"https:\/\/nam02.safelinks.protection.outlook.com\/?url=https%3A%2F%2Ftprmercosur.org%2Fes%2Fdocum%2Fcmped%2Flibro2025_mem_semin_stf.pdf&amp;data=05%7C02%7Ccarmem.feijo%40stf.jus.br%7C3a9492a2a9bb4997ee7408dd760b6238%7C52e207685e724c998e252a6d81a83903%7C0%7C0%7C638796513443947219%7CUnknown%7CTWFpbGZsb3d8eyJFbXB0eU1hcGkiOnRydWUsIlYiOiIwLjAuMDAwMCIsIlAiOiJXaW4zMiIsIkFOIjoiTWFpbCIsIldUIjoyfQ%3D%3D%7C0%7C%7C%7C&amp;sdata=doyPidilFBWZvxAURsLgqX6aCEasaPE%2B4EtOMDw62X8%3D&amp;reserved=0\" target=\"_blank\" rel=\"noreferrer noopener\">Acesse a publica\u00e7\u00e3o aqui<\/a><\/strong><strong>.<\/strong><\/h5><h5 class=\"wp-block-heading\"><strong>&nbsp;<\/strong><\/h5><h5 class=\"wp-block-heading\"><strong>Intelig\u00eancia Artificial<\/strong><\/h5><p>A Secretaria do TPR est\u00e1 recebendo artigos acad\u00eamicos sobre o tema \u201cIntelig\u00eancia artificial na Justi\u00e7a e na Arbitragem: discuss\u00f5es e perspectivas\u201d. Os trabalhos devem ser enviados at\u00e9 30 de julho de 2025 para o e-mail&nbsp;<a href=\"mailto:ucmped@tprmercosur.org\">ucmped@tprmercosur.org<\/a>.<\/p><p><strong>Fonte: STF<\/strong><\/p>\n    <div class=\"xs_social_share_widget xs_share_url after_content \t\tmain_content  wslu-style-1 wslu-share-box-shaped wslu-fill-colored wslu-none wslu-share-horizontal wslu-theme-font-no wslu-main_content\">\n\n\t\t\n        <ul>\n\t\t\t        <\/ul>\n    <\/div> \n","protected":false},"excerpt":{"rendered":"<p>O Tribunal Permanente de Revis\u00e3o do Mercosul (TPR) lan\u00e7ou um livro de mem\u00f3rias sobre o semin\u00e1rio internacional realizado em novembro de 2024 na sede do Supremo Tribunal Federal (STF), em Bras\u00edlia.<\/p>\n","protected":false},"author":5,"featured_media":10211,"comment_status":"open","ping_status":"open","sticky":false,"template":"","format":"standard","meta":{"postBodyCss":"","postBodyMargin":[],"postBodyPadding":[],"postBodyBackground":{"backgroundType":"classic","gradient":""},"_price":"","_stock":"","_tribe_ticket_header":"","_tribe_default_ticket_provider":"","_tribe_ticket_capacity":"0","_ticket_start_date":"","_ticket_end_date":"","_tribe_ticket_show_description":"","_tribe_ticket_show_not_going":false,"_tribe_ticket_use_global_stock":"","_tribe_ticket_global_stock_level":"","_global_stock_mode":"","_global_stock_cap":"","_tribe_rsvp_for_event":"","_tribe_ticket_going_count":"","_tribe_ticket_not_going_count":"","_tribe_tickets_list":"[]","_tribe_ticket_has_attendee_info_fields":false,"footnotes":""},"categories":[46],"tags":[7460,6783,8567,8563,4551,8565,8568,347,348,8569,8564,8566],"class_list":["post-10210","post","type-post","status-publish","format-standard","has-post-thumbnail","hentry","category-noticias","tag-brasilia","tag-livro","tag-livro-de-memorias","tag-ministra-aposentada-rosa-weber","tag-novembro-de-2024","tag-seminario","tag-seminario-internacional","tag-stf","tag-supremo-tribunal-federal","tag-tpr","tag-tribunal-de-revisao-do-mercosul","tag-tribunal-permanente-de-revisao-do-mercosul"],"acf":[],"_links":{"self":[{"href":"https:\/\/sgpsolucoes.com.br\/site\/wp-json\/wp\/v2\/posts\/10210"}],"collection":[{"href":"https:\/\/sgpsolucoes.com.br\/site\/wp-json\/wp\/v2\/posts"}],"about":[{"href":"https:\/\/sgpsolucoes.com.br\/site\/wp-json\/wp\/v2\/types\/post"}],"author":[{"embeddable":true,"href":"https:\/\/sgpsolucoes.com.br\/site\/wp-json\/wp\/v2\/users\/5"}],"replies":[{"embeddable":true,"href":"https:\/\/sgpsolucoes.com.br\/site\/wp-json\/wp\/v2\/comments?post=10210"}],"version-history":[{"count":0,"href":"https:\/\/sgpsolucoes.com.br\/site\/wp-json\/wp\/v2\/posts\/10210\/revisions"}],"wp:featuredmedia":[{"embeddable":true,"href":"https:\/\/sgpsolucoes.com.br\/site\/wp-json\/wp\/v2\/media\/10211"}],"wp:attachment":[{"href":"https:\/\/sgpsolucoes.com.br\/site\/wp-json\/wp\/v2\/media?parent=10210"}],"wp:term":[{"taxonomy":"category","embeddable":true,"href":"https:\/\/sgpsolucoes.com.br\/site\/wp-json\/wp\/v2\/categories?post=10210"},{"taxonomy":"post_tag","embeddable":true,"href":"https:\/\/sgpsolucoes.com.br\/site\/wp-json\/wp\/v2\/tags?post=10210"}],"curies":[{"name":"wp","href":"https:\/\/api.w.org\/{rel}","templated":true}]}}