{"id":10221,"date":"2025-04-11T14:37:09","date_gmt":"2025-04-11T17:37:09","guid":{"rendered":"https:\/\/sgpsolucoes.com.br\/site\/?p=10221"},"modified":"2025-04-11T14:37:10","modified_gmt":"2025-04-11T17:37:10","slug":"informativo-destaca-uso-de-prints-de-redes-sociais-como-principal-fundamento-de-condenacao-por-trafico-de-drogas","status":"publish","type":"post","link":"https:\/\/sgpsolucoes.com.br\/site\/informativo-destaca-uso-de-prints-de-redes-sociais-como-principal-fundamento-de-condenacao-por-trafico-de-drogas\/","title":{"rendered":"Informativo destaca uso de prints de redes sociais como principal fundamento de condena\u00e7\u00e3o por tr\u00e1fico de drogas"},"content":{"rendered":"<p>\u200bA&nbsp;Secretaria de Biblioteca e Jurisprud\u00eancia do Superior Tribunal de Justi\u00e7a (STJ) divulgou a&nbsp;<a href=\"https:\/\/processo.stj.jus.br\/SCON\/GetPDFINFJ?edicao=0846\">edi\u00e7\u00e3o 846 do Informativo de Jurisprud\u00eancia<\/a>. A equipe de publica\u00e7\u00e3o destacou dois julgamentos nesta edi\u00e7\u00e3o.&nbsp;<\/p><p>No primeiro processo em destaque, a Terceira Turma, por maioria de votos, decidiu que n\u00e3o \u00e9 poss\u00edvel ao hospital denunciar a&nbsp;lide&nbsp;aos m\u00e9dicos respons\u00e1veis pelos atendimentos a paciente, aos quais \u00e9 imputada a pr\u00e1tica de erro m\u00e9dico. A tese foi fixada no&nbsp;REsp&nbsp;2.160.516, de relatoria da ministra Nancy Andrighi.&nbsp;<\/p><p>Em outro julgado mencionado na edi\u00e7\u00e3o, a Quinta Turma, por unanimidade, definiu que \u00e9 flagrantemente ilegal a condena\u00e7\u00e3o pelo crime de tr\u00e1fico de drogas fundamentada essencialmente em&nbsp;<em>prints&nbsp;<\/em>(capturas de telas) de publica\u00e7\u00f5es de venda de entorpecentes em redes sociais e de mensagens eletr\u00f4nicas, sem a efetiva apreens\u00e3o de drogas. O&nbsp;AgRg&nbsp;no&nbsp;HC&nbsp;977.266, teve como relator o ministro Reynaldo Soares da Fonseca.<\/p><h2 class=\"wp-block-heading\">Conhe\u00e7a o informativo<\/h2><p>O&nbsp;<a href=\"https:\/\/processo.stj.jus.br\/jurisprudencia\/externo\/informativo\/\">Informativo de Jurisprud\u00eancia<\/a>&nbsp;divulga periodicamente notas sobre teses de relev\u00e2ncia firmadas nos julgamentos do STJ, selecionadas pela repercuss\u00e3o no meio jur\u00eddico e pela novidade no \u00e2mbito do tribunal.<\/p><p><strong>Fonte: STJ<\/strong><\/p>\n    <div class=\"xs_social_share_widget xs_share_url after_content \t\tmain_content  wslu-style-1 wslu-share-box-shaped wslu-fill-colored wslu-none wslu-share-horizontal wslu-theme-font-no wslu-main_content\">\n\n\t\t\n        <ul>\n\t\t\t        <\/ul>\n    <\/div> \n","protected":false},"excerpt":{"rendered":"<p>\u200bA\u00a0Secretaria de Biblioteca e Jurisprud\u00eancia do Superior Tribunal de Justi\u00e7a (STJ) divulgou a\u00a0edi\u00e7\u00e3o 846 do Informativo de Jurisprud\u00eancia. A equipe de publica\u00e7\u00e3o destacou dois julgamentos nesta edi\u00e7\u00e3o.\u00a0<\/p>\n","protected":false},"author":5,"featured_media":10222,"comment_status":"open","ping_status":"open","sticky":false,"template":"","format":"standard","meta":{"postBodyCss":"","postBodyMargin":[],"postBodyPadding":[],"postBodyBackground":{"backgroundType":"classic","gradient":""},"_price":"","_stock":"","_tribe_ticket_header":"","_tribe_default_ticket_provider":"","_tribe_ticket_capacity":"0","_ticket_start_date":"","_ticket_end_date":"","_tribe_ticket_show_description":"","_tribe_ticket_show_not_going":false,"_tribe_ticket_use_global_stock":"","_tribe_ticket_global_stock_level":"","_global_stock_mode":"","_global_stock_cap":"","_tribe_rsvp_for_event":"","_tribe_ticket_going_count":"","_tribe_ticket_not_going_count":"","_tribe_tickets_list":"[]","_tribe_ticket_has_attendee_info_fields":false,"footnotes":""},"categories":[46],"tags":[2969,8593,259,1306,8592,8591,7539,3548,229,230,6425],"class_list":["post-10221","post","type-post","status-publish","format-standard","has-post-thumbnail","hentry","category-noticias","tag-condenacao","tag-edicao-846","tag-informativo","tag-informativo-de-jurisprudencia","tag-principal-fundamento","tag-prints","tag-redes-sociais","tag-secretaria-de-biblioteca-e-jurisprudencia","tag-stj","tag-superior-tribunal-de-justica","tag-trafico-de-drogas"],"acf":[],"_links":{"self":[{"href":"https:\/\/sgpsolucoes.com.br\/site\/wp-json\/wp\/v2\/posts\/10221"}],"collection":[{"href":"https:\/\/sgpsolucoes.com.br\/site\/wp-json\/wp\/v2\/posts"}],"about":[{"href":"https:\/\/sgpsolucoes.com.br\/site\/wp-json\/wp\/v2\/types\/post"}],"author":[{"embeddable":true,"href":"https:\/\/sgpsolucoes.com.br\/site\/wp-json\/wp\/v2\/users\/5"}],"replies":[{"embeddable":true,"href":"https:\/\/sgpsolucoes.com.br\/site\/wp-json\/wp\/v2\/comments?post=10221"}],"version-history":[{"count":0,"href":"https:\/\/sgpsolucoes.com.br\/site\/wp-json\/wp\/v2\/posts\/10221\/revisions"}],"wp:featuredmedia":[{"embeddable":true,"href":"https:\/\/sgpsolucoes.com.br\/site\/wp-json\/wp\/v2\/media\/10222"}],"wp:attachment":[{"href":"https:\/\/sgpsolucoes.com.br\/site\/wp-json\/wp\/v2\/media?parent=10221"}],"wp:term":[{"taxonomy":"category","embeddable":true,"href":"https:\/\/sgpsolucoes.com.br\/site\/wp-json\/wp\/v2\/categories?post=10221"},{"taxonomy":"post_tag","embeddable":true,"href":"https:\/\/sgpsolucoes.com.br\/site\/wp-json\/wp\/v2\/tags?post=10221"}],"curies":[{"name":"wp","href":"https:\/\/api.w.org\/{rel}","templated":true}]}}