{"id":10238,"date":"2025-04-11T15:29:43","date_gmt":"2025-04-11T18:29:43","guid":{"rendered":"https:\/\/sgpsolucoes.com.br\/site\/?p=10238"},"modified":"2025-04-11T15:29:44","modified_gmt":"2025-04-11T18:29:44","slug":"licitacoes-para-mao-de-obra-devem-considerar-piso-salarial-fixado-em-convencao-coletiva","status":"publish","type":"post","link":"https:\/\/sgpsolucoes.com.br\/site\/licitacoes-para-mao-de-obra-devem-considerar-piso-salarial-fixado-em-convencao-coletiva\/","title":{"rendered":"Licita\u00e7\u00f5es para m\u00e3o de obra devem considerar piso salarial fixado em conven\u00e7\u00e3o coletiva"},"content":{"rendered":"<p>Ao licitar a contrata\u00e7\u00e3o de servi\u00e7os terceirizados com dedica\u00e7\u00e3o exclusiva de m\u00e3o de obra, o poder p\u00fablico deve estabelecer como regra os sal\u00e1rios e benef\u00edcios estabelecidos na conven\u00e7\u00e3o coletiva de trabalho das fun\u00e7\u00f5es previstas no certame. Essa obrigatoriedade legal foi refor\u00e7ada pelo Tribunal de Contas do Estado do Paran\u00e1 (TCE-PR) ao suspender cautelarmente licita\u00e7\u00e3o do Munic\u00edpio de S\u00e3o Sebasti\u00e3o da Amoreira (Regi\u00e3o Norte).<\/p><p>Por meio do Preg\u00e3o Eletr\u00f4nico n\u00ba 7\/2025, na modalidade Registro de Pre\u00e7os, a prefeitura local previu a contrata\u00e7\u00e3o de servi\u00e7os continuados de profissionais de recep\u00e7\u00e3o, limpeza, auxiliar de cozinha, coveiro, monitor escolar e vigilante por posto e sob demanda, para atender \u00e0s necessidades das secretarias municipais. O valor m\u00e1ximo previsto para a contrata\u00e7\u00e3o \u00e9 de R$ 1.593.574,20.<\/p><p>O conselheiro Ivan Bonilha concedeu a medida cautelar em Representa\u00e7\u00e3o da Lei de Licita\u00e7\u00f5es apresentada pela Federa\u00e7\u00e3o dos Empregados em Empresas de Asseio e Conserva\u00e7\u00e3o do Estado do Paran\u00e1 (Feaconspar). Por meio da peti\u00e7\u00e3o, a entidade relatou que as remunera\u00e7\u00f5es mensais de todas as fun\u00e7\u00f5es a serem contratadas foram fixadas com base no sal\u00e1rio m\u00ednimo nacional, mais baixo que os valores definidos na Conven\u00e7\u00e3o Coletiva de Trabalho dos profissionais contratados por empresas de asseio e conserva\u00e7\u00e3o atualmente em vig\u00eancia no Paran\u00e1. A mesma irregularidade foi apontada em rela\u00e7\u00e3o aos benef\u00edcios, incluindo vale-transporte, aux\u00edlio-alimenta\u00e7\u00e3o e plano de sa\u00fade.<\/p><p>Segundo a Feaconspar, os sal\u00e1rios e benef\u00edcios previstos na licita\u00e7\u00e3o de S\u00e3o Sebasti\u00e3o da Amoreira contrariam a Lei Estadual n\u00ba 20.877\/2021, que fixou o piso salarial m\u00ednimo do Paran\u00e1, que \u00e9 maior que o nacional; al\u00e9m de afrontar a Nova Lei de Licita\u00e7\u00f5es (n\u00ba 14.133\/2021) e a pr\u00f3pria Constitui\u00e7\u00e3o Federal.<\/p><p><strong>Decis\u00e3o<\/strong><\/p><p>Ao emitir a cautelar, Bonilha deu raz\u00e3o \u00e0 argumenta\u00e7\u00e3o apresentada pela peticion\u00e1ria. Conforme o relator, n\u00e3o houve justificativa no processo licitat\u00f3rio para a escolha feita pelo Munic\u00edpio de S\u00e3o Sebasti\u00e3o da Amoreira ao se basear no sal\u00e1rio m\u00ednimo nacional, e n\u00e3o no acordo da conven\u00e7\u00e3o coletiva, que \u00e9 prevista por lei, &#8220;de modo que o valor m\u00e1ximo estabelecido no edital pode redundar na inexequibilidade das propostas.&#8221;<\/p><p>O relator ressaltou ainda que &#8220;a continuidade do processo licitat\u00f3rio pode ocasionar uma contrata\u00e7\u00e3o dissonante dos ditames legais e baseada em proposta inexequ\u00edvel, em preju\u00edzo ao interesse p\u00fablico&#8221;.<\/p><p>O Munic\u00edpio de S\u00e3o Sebasti\u00e3o da Amoreira e seus representantes legais receberam o prazo de 15 dias para manifestarem-se a respeito dos ind\u00edcios de &nbsp;irregularidade apontados na medida cautelar. A decis\u00e3o monocr\u00e1tica do relator ser\u00e1 submetida \u00e0 homologa\u00e7\u00e3o pelo Tribunal Pleno. Caso n\u00e3o seja revogada, os efeitos da medida cautelar perduram at\u00e9 que o colegiado decida sobre o m\u00e9rito do processo.<\/p><p><strong><u>Servi\u00e7o<\/u><\/strong><\/p><figure class=\"wp-block-table\"><table class=\"has-fixed-layout\"><tbody><tr><td><strong>Processo<\/strong>&nbsp;<strong>n\u00ba<\/strong>:<\/td><td>171593\/25<\/td><\/tr><tr><td><strong>Despacho n\u00ba<\/strong><\/td><td>439\/25 &#8211; Gabinete do Conselheiro Ivan Bonilha<\/td><\/tr><tr><td><strong>Assunto<\/strong>:<\/td><td>Representa\u00e7\u00e3o da Lei de Licita\u00e7\u00f5es<\/td><\/tr><tr><td><strong>Entidade<\/strong>:<\/td><td>Munic\u00edpio de S\u00e3o Sebasti\u00e3o da Amoreira<\/td><\/tr><tr><td><strong>Interessados:<\/strong><\/td><td>Exilaine Gaspar e Federa\u00e7\u00e3o dos Empregados em Empresas de Asseio e Conserva\u00e7\u00e3o do Paran\u00e1 (Feaconspar)<\/td><\/tr><tr><td><strong>Relator<\/strong>:<\/td><td>Conselheiro Ivan Bonilha<\/td><\/tr><\/tbody><\/table><\/figure><p><strong>Fonte:&nbsp;TCE\/PR<\/strong><\/p>\n    <div class=\"xs_social_share_widget xs_share_url after_content \t\tmain_content  wslu-style-1 wslu-share-box-shaped wslu-fill-colored wslu-none wslu-share-horizontal wslu-theme-font-no wslu-main_content\">\n\n\t\t\n        <ul>\n\t\t\t        <\/ul>\n    <\/div> \n","protected":false},"excerpt":{"rendered":"<p>Ao licitar a contrata\u00e7\u00e3o de servi\u00e7os terceirizados com dedica\u00e7\u00e3o exclusiva de m\u00e3o de obra, o poder p\u00fablico deve estabelecer como regra os sal\u00e1rios e benef\u00edcios estabelecidos na conven\u00e7\u00e3o coletiva de trabalho das fun\u00e7\u00f5es previstas no certame. Essa obrigatoriedade legal foi refor\u00e7ada pelo Tribunal de Contas do Estado do Paran\u00e1 (TCE-PR) ao suspender cautelarmente licita\u00e7\u00e3o do Munic\u00edpio de S\u00e3o Sebasti\u00e3o da Amoreira (Regi\u00e3o Norte).<\/p>\n","protected":false},"author":5,"featured_media":10239,"comment_status":"open","ping_status":"open","sticky":false,"template":"","format":"standard","meta":{"postBodyCss":"","postBodyMargin":[],"postBodyPadding":[],"postBodyBackground":{"backgroundType":"classic","gradient":""},"_price":"","_stock":"","_tribe_ticket_header":"","_tribe_default_ticket_provider":"","_tribe_ticket_capacity":"0","_ticket_start_date":"","_ticket_end_date":"","_tribe_ticket_show_description":"","_tribe_ticket_show_not_going":false,"_tribe_ticket_use_global_stock":"","_tribe_ticket_global_stock_level":"","_global_stock_mode":"","_global_stock_cap":"","_tribe_rsvp_for_event":"","_tribe_ticket_going_count":"","_tribe_ticket_not_going_count":"","_tribe_tickets_list":"[]","_tribe_ticket_has_attendee_info_fields":false,"footnotes":""},"categories":[46],"tags":[8618,2822,781,1047,2679,8611,8614,8623,4419,8620,298,138,260,8616,8027,8625,8627,8628,193,8619,1556,8506,8622,1472,8617,499,8615,125,8613,8621,8624,8612,8626,354,356,841],"class_list":["post-10238","post","type-post","status-publish","format-standard","has-post-thumbnail","hentry","category-noticias","tag-auxiliar-de-cozinha","tag-beneficios","tag-certame","tag-constituicao-federal","tag-contratacao","tag-convencao-coletiva","tag-convencao-coletiva-de-trabalho","tag-coveiro","tag-dedicacao-exclusiva-de-mao-de-obra","tag-lei-estadual-no-20-877-2021","tag-lei-no-14-133-2021","tag-licitacao-2","tag-licitacoes-3","tag-limpeza","tag-mao-de-obra","tag-monitor-escolar","tag-municipio-de-sao-sebastiao-da-amoreira","tag-nacional","tag-nova-lei-de-licitacoes","tag-obrigatoriedade-legal","tag-parana","tag-piso-salarial","tag-piso-salarial-minimo","tag-poder-publico","tag-por-posto","tag-pregao-eletronico","tag-recepcao","tag-registro-de-precos","tag-salarios","tag-secretarias-municipais","tag-servicos-continuados","tag-servicos-terceirizados","tag-sob-demanda","tag-tce-pr","tag-tribunal-de-contas-do-estado-do-parana","tag-vigilante"],"acf":[],"_links":{"self":[{"href":"https:\/\/sgpsolucoes.com.br\/site\/wp-json\/wp\/v2\/posts\/10238"}],"collection":[{"href":"https:\/\/sgpsolucoes.com.br\/site\/wp-json\/wp\/v2\/posts"}],"about":[{"href":"https:\/\/sgpsolucoes.com.br\/site\/wp-json\/wp\/v2\/types\/post"}],"author":[{"embeddable":true,"href":"https:\/\/sgpsolucoes.com.br\/site\/wp-json\/wp\/v2\/users\/5"}],"replies":[{"embeddable":true,"href":"https:\/\/sgpsolucoes.com.br\/site\/wp-json\/wp\/v2\/comments?post=10238"}],"version-history":[{"count":0,"href":"https:\/\/sgpsolucoes.com.br\/site\/wp-json\/wp\/v2\/posts\/10238\/revisions"}],"wp:featuredmedia":[{"embeddable":true,"href":"https:\/\/sgpsolucoes.com.br\/site\/wp-json\/wp\/v2\/media\/10239"}],"wp:attachment":[{"href":"https:\/\/sgpsolucoes.com.br\/site\/wp-json\/wp\/v2\/media?parent=10238"}],"wp:term":[{"taxonomy":"category","embeddable":true,"href":"https:\/\/sgpsolucoes.com.br\/site\/wp-json\/wp\/v2\/categories?post=10238"},{"taxonomy":"post_tag","embeddable":true,"href":"https:\/\/sgpsolucoes.com.br\/site\/wp-json\/wp\/v2\/tags?post=10238"}],"curies":[{"name":"wp","href":"https:\/\/api.w.org\/{rel}","templated":true}]}}