{"id":10248,"date":"2025-04-11T15:50:51","date_gmt":"2025-04-11T18:50:51","guid":{"rendered":"https:\/\/sgpsolucoes.com.br\/site\/?p=10248"},"modified":"2025-04-11T15:50:52","modified_gmt":"2025-04-11T18:50:52","slug":"contas-de-2023-do-municipio-de-aurelino-leal-sao-rejeitadas-principalmente-em-razao-da-nao-aplicacao-do-minimo-exigido-de-25-dos-recursos-disponiveis-na-manutencao-e-desenvolvimento-da-educacao","status":"publish","type":"post","link":"https:\/\/sgpsolucoes.com.br\/site\/contas-de-2023-do-municipio-de-aurelino-leal-sao-rejeitadas-principalmente-em-razao-da-nao-aplicacao-do-minimo-exigido-de-25-dos-recursos-disponiveis-na-manutencao-e-desenvolvimento-da-educacao\/","title":{"rendered":"Contas de 2023 do Munic\u00edpio de Aurelino Leal s\u00e3o rejeitadas, principalmente em raz\u00e3o da n\u00e3o aplica\u00e7\u00e3o do m\u00ednimo exigido de 25% dos recursos dispon\u00edveis na manuten\u00e7\u00e3o e desenvolvimento da educa\u00e7\u00e3o"},"content":{"rendered":"<p>Na sess\u00e3o desta quinta-feira (10\/04), os conselheiros do Tribunal de Contas dos Munic\u00edpios emitiram parecer pr\u00e9vio recomendando a rejei\u00e7\u00e3o, pela C\u00e2mara de Vereadores de Aurelino Leal, das contas do prefeito Rodrigo Calazans de Andrade, relativas ao exerc\u00edcio de 2023. O parecer engloba tanto as contas de governo como as de gest\u00e3o.<\/p><p>As contas de Aurelino Leal foram rejeitadas principalmente em raz\u00e3o da n\u00e3o aplica\u00e7\u00e3o do m\u00ednimo exigido de 25% dos recursos dispon\u00edveis na manuten\u00e7\u00e3o e desenvolvimento da educa\u00e7\u00e3o. Foram aplicados no ensino municipal o montante de R$6.665.906,06, que correspondeu a apenas 23,08% dos recursos, em descumprimento ao artigo 212 da Constitui\u00e7\u00e3o Federal.<\/p><p>A conselheira Aline Peixoto, relatora das contas, ap\u00f3s aprova\u00e7\u00e3o do voto, apresentou Delibera\u00e7\u00e3o de Imputa\u00e7\u00e3o de D\u00e9bito de R$2 mil pelas irregularidades indicadas no relat\u00f3rio t\u00e9cnico.<\/p><p>Cabe recurso da decis\u00e3o.<\/p><p><strong>Fonte: TCMBA<\/strong><\/p>\n    <div class=\"xs_social_share_widget xs_share_url after_content \t\tmain_content  wslu-style-1 wslu-share-box-shaped wslu-fill-colored wslu-none wslu-share-horizontal wslu-theme-font-no wslu-main_content\">\n\n\t\t\n        <ul>\n\t\t\t        <\/ul>\n    <\/div> \n","protected":false},"excerpt":{"rendered":"<p>Na sess\u00e3o desta quinta-feira (10\/04), os conselheiros do Tribunal de Contas dos Munic\u00edpios emitiram parecer pr\u00e9vio recomendando a rejei\u00e7\u00e3o, pela C\u00e2mara de Vereadores de Aurelino Leal, das contas do prefeito Rodrigo Calazans de Andrade, relativas ao exerc\u00edcio de 2023. O parecer engloba tanto as contas de governo como as de gest\u00e3o.<\/p>\n","protected":false},"author":5,"featured_media":10249,"comment_status":"open","ping_status":"open","sticky":false,"template":"","format":"standard","meta":{"postBodyCss":"","postBodyMargin":[],"postBodyPadding":[],"postBodyBackground":{"backgroundType":"classic","gradient":""},"_price":"","_stock":"","_tribe_ticket_header":"","_tribe_default_ticket_provider":"","_tribe_ticket_capacity":"0","_ticket_start_date":"","_ticket_end_date":"","_tribe_ticket_show_description":"","_tribe_ticket_show_not_going":false,"_tribe_ticket_use_global_stock":"","_tribe_ticket_global_stock_level":"","_global_stock_mode":"","_global_stock_cap":"","_tribe_rsvp_for_event":"","_tribe_ticket_going_count":"","_tribe_ticket_not_going_count":"","_tribe_tickets_list":"[]","_tribe_ticket_has_attendee_info_fields":false,"footnotes":""},"categories":[46],"tags":[8644,7779,8646,8540,8643,1217,8645,1211,8642,8640,8641,5697,3405,487],"class_list":["post-10248","post","type-post","status-publish","format-standard","has-post-thumbnail","hentry","category-noticias","tag-camara-de-vereadores-de-aurelino-leal","tag-contas-de-2023","tag-contas-de-gestao-2","tag-contas-de-governo","tag-desenvolvimento","tag-educacao","tag-exercicio-de-2023","tag-manutencao","tag-minimo-de-25","tag-municipio-de-aurelino-leal","tag-nao-aplicacao","tag-recursos-disponiveis","tag-rejeicao","tag-tribunal-de-contas-dos-municipios-da-bahia"],"acf":[],"_links":{"self":[{"href":"https:\/\/sgpsolucoes.com.br\/site\/wp-json\/wp\/v2\/posts\/10248"}],"collection":[{"href":"https:\/\/sgpsolucoes.com.br\/site\/wp-json\/wp\/v2\/posts"}],"about":[{"href":"https:\/\/sgpsolucoes.com.br\/site\/wp-json\/wp\/v2\/types\/post"}],"author":[{"embeddable":true,"href":"https:\/\/sgpsolucoes.com.br\/site\/wp-json\/wp\/v2\/users\/5"}],"replies":[{"embeddable":true,"href":"https:\/\/sgpsolucoes.com.br\/site\/wp-json\/wp\/v2\/comments?post=10248"}],"version-history":[{"count":0,"href":"https:\/\/sgpsolucoes.com.br\/site\/wp-json\/wp\/v2\/posts\/10248\/revisions"}],"wp:featuredmedia":[{"embeddable":true,"href":"https:\/\/sgpsolucoes.com.br\/site\/wp-json\/wp\/v2\/media\/10249"}],"wp:attachment":[{"href":"https:\/\/sgpsolucoes.com.br\/site\/wp-json\/wp\/v2\/media?parent=10248"}],"wp:term":[{"taxonomy":"category","embeddable":true,"href":"https:\/\/sgpsolucoes.com.br\/site\/wp-json\/wp\/v2\/categories?post=10248"},{"taxonomy":"post_tag","embeddable":true,"href":"https:\/\/sgpsolucoes.com.br\/site\/wp-json\/wp\/v2\/tags?post=10248"}],"curies":[{"name":"wp","href":"https:\/\/api.w.org\/{rel}","templated":true}]}}