{"id":10267,"date":"2025-04-11T16:48:11","date_gmt":"2025-04-11T19:48:11","guid":{"rendered":"https:\/\/sgpsolucoes.com.br\/site\/?p=10267"},"modified":"2025-04-11T16:48:13","modified_gmt":"2025-04-11T19:48:13","slug":"equipamento-de-protecao-individual-epi-eficaz-afasta-tempo-de-aposentadoria-especial","status":"publish","type":"post","link":"https:\/\/sgpsolucoes.com.br\/site\/equipamento-de-protecao-individual-epi-eficaz-afasta-tempo-de-aposentadoria-especial\/","title":{"rendered":"Equipamento de Prote\u00e7\u00e3o Individual (EPI) eficaz afasta tempo de aposentadoria especial"},"content":{"rendered":"<p><strong><em>Decis\u00e3o do Superior Tribunal de Justi\u00e7a define, ainda, que cabe ao benefici\u00e1rio do INSS demonstrar inefic\u00e1cia do EPI<\/em><\/strong><\/p><p>A Advocacia-Geral da Uni\u00e3o (AGU)&nbsp; defendeu, na 1\u00aa Se\u00e7\u00e3o do Superior Tribunal de Justi\u00e7a (STJ), que o uso do Equipamento de Prote\u00e7\u00e3o Individual (EPI), registrado no perfil do profissional na Previd\u00eancia Social, presume-se ver\u00eddico, capaz de afastar a exposi\u00e7\u00e3o aos agentes qu\u00edmicos, f\u00edsicos, biol\u00f3gicos ou associa\u00e7\u00e3o de agentes prejudiciais \u00e0 sa\u00fade.<\/p><p>A discuss\u00e3o se deu no julgamento, nesta quarta-feira (9\/4), de tr\u00eas recursos especiais que foram afetados \u00e0 sistem\u00e1tica de recursos repetitivos, que constituem o Tema 1.090, do STJ. Conforme demonstrou a AGU, por meio da Procuradoria-Geral Federal, compete&nbsp; ao segurado a comprova\u00e7\u00e3o da inefic\u00e1cia do EPI, atrav\u00e9s de prova t\u00e9cnica individualizada, em caso de contesta\u00e7\u00e3o judicial da anota\u00e7\u00e3o no chamado Perfil Profissiogr\u00e1fico Previdenci\u00e1rio (PPP). A tese do INSS foi vitoriosa no julgamento. &nbsp;<\/p><p>A Advocacia-Geral da Uni\u00e3o havia demonstrado, em memorais enviados ao STJ, que o EPI&nbsp; eficaz significa dizer que elimina ou neutraliza os agentes agressivos, n\u00e3o havendo danos \u00e0 sa\u00fade do trabalhador. \u201cN\u00e3o sendo a exposi\u00e7\u00e3o efetiva, n\u00e3o h\u00e1 que se considerar o per\u00edodo como especial\u201d, para efeito de contagem para aposentadoria\u201d, assinalou a Subprocuradoria Federal de Contencioso. &nbsp;<\/p><p><strong>Exposi\u00e7\u00e3o<\/strong><\/p><p>A PGF demonstrou, tamb\u00e9m, que o &nbsp;&nbsp;reconhecimento de tempo especial \u00e9 uma medida excepcional no sistema previdenci\u00e1rio, que visa diminuir o tempo de trabalho dos segurados que, no exerc\u00edcio de suas atividades, est\u00e3o expostos de forma efetiva a agentes agressivos causadores de danos \u00e0 sa\u00fade.<\/p><p>\u201cPossibilita-se, assim, uma concess\u00e3o antecipada da aposentadoria, seja especial ou por tempo de contribui\u00e7\u00e3o, em n\u00edtido car\u00e1ter preventivo e compensat\u00f3rio. Assim, deve ser demonstrado um tempo de trabalho permanente, n\u00e3o ocasional nem intermitente, com exposi\u00e7\u00e3o aos agentes nocivos qu\u00edmicos, f\u00edsicos, biol\u00f3gicos ou associa\u00e7\u00e3o destes acima dos limites de toler\u00e2ncia\u201d, assinalou a AGU.<\/p><p>Conforme defenderam os procuradores federais, a&nbsp; comprova\u00e7\u00e3o vai ser feita perante um perfil, a ser emitido pela empresa, que \u00e9 o PPP. A empresa tamb\u00e9m \u00e9 obrigada a elaborar um laudo t\u00e9cnico das condi\u00e7\u00f5es de trabalhador.&nbsp; A ado\u00e7\u00e3o destes mecanismos \u00e9 de fundamental import\u00e2ncia para comprovar a efic\u00e1cia da exposi\u00e7\u00e3o a agente prejudicial \u00e0 sa\u00fade. A empresa deve elaborar e manter atualizado o Perfil Profissiogr\u00e1fico Previdenci\u00e1rio (PPP), comprovando&nbsp; a veracidade de suas anota\u00e7\u00f5es.<\/p><p><strong>D\u00favida beneficia trabalhador<\/strong><\/p><p>A ministra relatora, Maria Thereza de Assis Moura, destacou a import\u00e2ncia dos EPIs para a prote\u00e7\u00e3o dos trabalhadores. Na linha do que defendeu a AGU, votou pela necessidade de verificar em que condi\u00e7\u00f5es a utiliza\u00e7\u00e3o do equipamento \u00e9 capaz de interferir na contagem de tempo de tempo para aposentadoria especial.<\/p><p>De acordo com o voto da relatora, o trabalhador pode questionar, perante o Judici\u00e1rio,&nbsp; se ele entender que o EPI \u00e9 ineficaz.&nbsp; \u201cCabe ao benefici\u00e1rio o \u00f4nus da prova, ou seja, demonstrar que o EPI \u00e9 ineficaz\u201d, destacou.<\/p><p>A ministra tamb\u00e9m assinalou que, havendo d\u00favida fundada acerca da efic\u00e1cia ou n\u00e3o do equipamento de prote\u00e7\u00e3o, neste caso o trabalhador ter\u00e1 direito ao tempo especial para fins de aposentadoria por exposi\u00e7\u00e3o a agente nocivo do trabalhador\u201d, conforme j\u00e1 fixado em tese do Supremo Tribunal Federal (STF) no&nbsp; Tema de Repercuss\u00e3o Geral n\u00ba 555. O voto da relatora foi acompanhado \u00e0 unanimidade pela 1\u00aa Se\u00e7\u00e3o do STJ.<\/p><p><strong>Fonte: AGU<\/strong><\/p>\n    <div class=\"xs_social_share_widget xs_share_url after_content \t\tmain_content  wslu-style-1 wslu-share-box-shaped wslu-fill-colored wslu-none wslu-share-horizontal wslu-theme-font-no wslu-main_content\">\n\n\t\t\n        <ul>\n\t\t\t        <\/ul>\n    <\/div> \n","protected":false},"excerpt":{"rendered":"<p>A Advocacia-Geral da Uni\u00e3o (AGU)\u00a0 defendeu, na 1\u00aa Se\u00e7\u00e3o do Superior Tribunal de Justi\u00e7a (STJ), que o uso do Equipamento de Prote\u00e7\u00e3o Individual (EPI), registrado no perfil do profissional na Previd\u00eancia Social, presume-se ver\u00eddico, capaz de afastar a exposi\u00e7\u00e3o aos agentes qu\u00edmicos, f\u00edsicos, biol\u00f3gicos ou associa\u00e7\u00e3o de agentes prejudiciais \u00e0 sa\u00fade.<\/p>\n","protected":false},"author":5,"featured_media":10268,"comment_status":"open","ping_status":"open","sticky":false,"template":"","format":"standard","meta":{"postBodyCss":"","postBodyMargin":[],"postBodyPadding":[],"postBodyBackground":{"backgroundType":"classic","gradient":""},"_price":"","_stock":"","_tribe_ticket_header":"","_tribe_default_ticket_provider":"","_tribe_ticket_capacity":"0","_ticket_start_date":"","_ticket_end_date":"","_tribe_ticket_show_description":"","_tribe_ticket_show_not_going":false,"_tribe_ticket_use_global_stock":"","_tribe_ticket_global_stock_level":"","_global_stock_mode":"","_global_stock_cap":"","_tribe_rsvp_for_event":"","_tribe_ticket_going_count":"","_tribe_ticket_not_going_count":"","_tribe_tickets_list":"[]","_tribe_ticket_has_attendee_info_fields":false,"footnotes":""},"categories":[46],"tags":[1408,4781,8686,8687,8688,79,8683,6397,8681,8685,2670,8680,1008,5127,8682,229,230,8679,8684],"class_list":["post-10267","post","type-post","status-publish","format-standard","has-post-thumbnail","hentry","category-noticias","tag-advocacia-geral-da-uniao","tag-agentes-biologicos","tag-agentes-fisicos","tag-agentes-prejudiciais-a-saude","tag-agentes-quimicos","tag-agu","tag-beneficiario-do-inss","tag-eficaz","tag-epi","tag-epi-eficaz","tag-equipamento","tag-equipamento-de-protecao-individual","tag-ineficacia","tag-previdencia-social","tag-protecao-individual","tag-stj","tag-superior-tribunal-de-justica","tag-tempo-de-aposentadoria-especial","tag-veridico"],"acf":[],"_links":{"self":[{"href":"https:\/\/sgpsolucoes.com.br\/site\/wp-json\/wp\/v2\/posts\/10267"}],"collection":[{"href":"https:\/\/sgpsolucoes.com.br\/site\/wp-json\/wp\/v2\/posts"}],"about":[{"href":"https:\/\/sgpsolucoes.com.br\/site\/wp-json\/wp\/v2\/types\/post"}],"author":[{"embeddable":true,"href":"https:\/\/sgpsolucoes.com.br\/site\/wp-json\/wp\/v2\/users\/5"}],"replies":[{"embeddable":true,"href":"https:\/\/sgpsolucoes.com.br\/site\/wp-json\/wp\/v2\/comments?post=10267"}],"version-history":[{"count":0,"href":"https:\/\/sgpsolucoes.com.br\/site\/wp-json\/wp\/v2\/posts\/10267\/revisions"}],"wp:featuredmedia":[{"embeddable":true,"href":"https:\/\/sgpsolucoes.com.br\/site\/wp-json\/wp\/v2\/media\/10268"}],"wp:attachment":[{"href":"https:\/\/sgpsolucoes.com.br\/site\/wp-json\/wp\/v2\/media?parent=10267"}],"wp:term":[{"taxonomy":"category","embeddable":true,"href":"https:\/\/sgpsolucoes.com.br\/site\/wp-json\/wp\/v2\/categories?post=10267"},{"taxonomy":"post_tag","embeddable":true,"href":"https:\/\/sgpsolucoes.com.br\/site\/wp-json\/wp\/v2\/tags?post=10267"}],"curies":[{"name":"wp","href":"https:\/\/api.w.org\/{rel}","templated":true}]}}