{"id":10277,"date":"2025-04-11T17:25:39","date_gmt":"2025-04-11T20:25:39","guid":{"rendered":"https:\/\/sgpsolucoes.com.br\/site\/?p=10277"},"modified":"2025-04-11T17:25:40","modified_gmt":"2025-04-11T20:25:40","slug":"gratificacao-recebida-por-servidor-requisitado-quando-cedido-ao-estado-nao-pode-ter-incorporada-a-remuneracao-de-servidor-sujeito-a-regime-juridico-unico","status":"publish","type":"post","link":"https:\/\/sgpsolucoes.com.br\/site\/gratificacao-recebida-por-servidor-requisitado-quando-cedido-ao-estado-nao-pode-ter-incorporada-a-remuneracao-de-servidor-sujeito-a-regime-juridico-unico\/","title":{"rendered":"Gratifica\u00e7\u00e3o recebida por servidor requisitado quando cedido ao Estado n\u00e3o pode ter incorporada a remunera\u00e7\u00e3o de servidor sujeito a regime jur\u00eddico \u00fanico"},"content":{"rendered":"<p>A 9\u00aa Turma do Tribunal Regional Federal da 1\u00aa Regi\u00e3o (TRF1) manteve a senten\u00e7a que negou o direito \u00e0 incorpora\u00e7\u00e3o do valor de gratifica\u00e7\u00e3o de desempenho nos proventos de aposentadoria de uma servidora p\u00fablica federal enquanto ela esteve cedida para a administra\u00e7\u00e3o municipal de Salvador\/BA.<\/p><p>Consta nos autos que a apelante \u00e9 servidora inativa do Minist\u00e9rio da Sa\u00fade e foi cedida ao munic\u00edpio de Salvador, onde recebia a gratifica\u00e7\u00e3o at\u00e9 sua aposentadoria. Nesse sentido, a aposentada alegou que em raz\u00e3o do longo per\u00edodo em que recebeu gratifica\u00e7\u00e3o ela teria direito \u00e0 incorpora\u00e7\u00e3o do benef\u00edcio aos proventos de aposentadoria, al\u00e9m de pleitear o direito \u00e0 aposentadoria com proventos integrais nos termos da Emenda Constitucional n.\u00ba 47\/2005.<\/p><p>Ao analisar o caso, o relator, juiz federal convocado Paulo Roberto Lyrio Pimenta, destacou que a aposentadoria da autora se deu no regime pr\u00f3prio de servidor p\u00fablico mantido pela Uni\u00e3o. Primeiramente, a Lei Complementar 7\/92 n\u00e3o pode gerar obriga\u00e7\u00f5es para a Uni\u00e3o, e o art. 70 da Constitui\u00e7\u00e3o obriga que os proventos sejam calculados conforme as remunera\u00e7\u00f5es consideradas como base para contribui\u00e7\u00f5es ao regime pr\u00f3prio respectivo.<\/p><p>O magistrado tamb\u00e9m ressaltou que mesmo que a autora comprove, em foro pr\u00f3prio, que contribuiu para os cofres da Uni\u00e3o com valores incidentes sobre as gratifica\u00e7\u00f5es recebidas, a aposentada n\u00e3o tem direito \u00e0 incorpora\u00e7\u00e3o da verba em sua aposentadoria ou \u00e0 devolu\u00e7\u00e3o desses valores. Isso porque as contribui\u00e7\u00f5es previdenci\u00e1rias individuais garantem suporte n\u00e3o s\u00f3 aos benef\u00edcios a serem utilizados diretamente pelo contribuinte, mas a todo o sistema.<\/p><p>Com isso, o Colegiado, por unanimidade, negou provimento \u00e0 apela\u00e7\u00e3o nos termos do voto do relator.<\/p><p>Processo: 1004053-35.2020.4.01.3300<\/p><p>Data do julgamento: 18\/12\/2024<\/p><p><strong>Fonte: Tribunal Regional Federal da 1\u00aa Regi\u00e3o<\/strong><\/p>\n    <div class=\"xs_social_share_widget xs_share_url after_content \t\tmain_content  wslu-style-1 wslu-share-box-shaped wslu-fill-colored wslu-none wslu-share-horizontal wslu-theme-font-no wslu-main_content\">\n\n\t\t\n        <ul>\n\t\t\t        <\/ul>\n    <\/div> \n","protected":false},"excerpt":{"rendered":"<p>A 9\u00aa Turma do Tribunal Regional Federal da 1\u00aa Regi\u00e3o (TRF1) manteve a senten\u00e7a que negou o direito \u00e0 incorpora\u00e7\u00e3o do valor de gratifica\u00e7\u00e3o de desempenho nos proventos de aposentadoria de uma servidora p\u00fablica federal enquanto ela esteve cedida para a administra\u00e7\u00e3o municipal de Salvador\/BA.<\/p>\n","protected":false},"author":5,"featured_media":10278,"comment_status":"open","ping_status":"open","sticky":false,"template":"","format":"standard","meta":{"postBodyCss":"","postBodyMargin":[],"postBodyPadding":[],"postBodyBackground":{"backgroundType":"classic","gradient":""},"_price":"","_stock":"","_tribe_ticket_header":"","_tribe_default_ticket_provider":"","_tribe_ticket_capacity":"0","_ticket_start_date":"","_ticket_end_date":"","_tribe_ticket_show_description":"","_tribe_ticket_show_not_going":false,"_tribe_ticket_use_global_stock":"","_tribe_ticket_global_stock_level":"","_global_stock_mode":"","_global_stock_cap":"","_tribe_rsvp_for_event":"","_tribe_ticket_going_count":"","_tribe_ticket_not_going_count":"","_tribe_tickets_list":"[]","_tribe_ticket_has_attendee_info_fields":false,"footnotes":""},"categories":[46],"tags":[3858,632,799,8715,5586,2062,1717,8717,8716,847,2020,3699,692,5588,620,5587,3463,3462],"class_list":["post-10277","post","type-post","status-publish","format-standard","has-post-thumbnail","hentry","category-noticias","tag-9a-turma","tag-administracao-municipal","tag-aposentadoria","tag-cedido","tag-direito-a-incorporacao","tag-estado","tag-gratificacao","tag-gratificacao-de-desempenho","tag-incorporada","tag-proventos","tag-proventos-de-aposentadoria","tag-regime-juridico-unico","tag-remuneracao","tag-salvador-ba","tag-servidor","tag-servidora-publica-federal","tag-trf1","tag-tribunal-regional-federal-da-1a-regiao"],"acf":[],"_links":{"self":[{"href":"https:\/\/sgpsolucoes.com.br\/site\/wp-json\/wp\/v2\/posts\/10277"}],"collection":[{"href":"https:\/\/sgpsolucoes.com.br\/site\/wp-json\/wp\/v2\/posts"}],"about":[{"href":"https:\/\/sgpsolucoes.com.br\/site\/wp-json\/wp\/v2\/types\/post"}],"author":[{"embeddable":true,"href":"https:\/\/sgpsolucoes.com.br\/site\/wp-json\/wp\/v2\/users\/5"}],"replies":[{"embeddable":true,"href":"https:\/\/sgpsolucoes.com.br\/site\/wp-json\/wp\/v2\/comments?post=10277"}],"version-history":[{"count":0,"href":"https:\/\/sgpsolucoes.com.br\/site\/wp-json\/wp\/v2\/posts\/10277\/revisions"}],"wp:featuredmedia":[{"embeddable":true,"href":"https:\/\/sgpsolucoes.com.br\/site\/wp-json\/wp\/v2\/media\/10278"}],"wp:attachment":[{"href":"https:\/\/sgpsolucoes.com.br\/site\/wp-json\/wp\/v2\/media?parent=10277"}],"wp:term":[{"taxonomy":"category","embeddable":true,"href":"https:\/\/sgpsolucoes.com.br\/site\/wp-json\/wp\/v2\/categories?post=10277"},{"taxonomy":"post_tag","embeddable":true,"href":"https:\/\/sgpsolucoes.com.br\/site\/wp-json\/wp\/v2\/tags?post=10277"}],"curies":[{"name":"wp","href":"https:\/\/api.w.org\/{rel}","templated":true}]}}