{"id":10280,"date":"2025-04-11T17:31:19","date_gmt":"2025-04-11T20:31:19","guid":{"rendered":"https:\/\/sgpsolucoes.com.br\/site\/?p=10280"},"modified":"2025-04-11T17:31:21","modified_gmt":"2025-04-11T20:31:21","slug":"mantida-a-sentenca-que-concedeu-o-bpc-a-pessoa-com-deficiencia-em-situacao-de-vulnerabilidade","status":"publish","type":"post","link":"https:\/\/sgpsolucoes.com.br\/site\/mantida-a-sentenca-que-concedeu-o-bpc-a-pessoa-com-deficiencia-em-situacao-de-vulnerabilidade\/","title":{"rendered":"Mantida a senten\u00e7a que concedeu o BPC a pessoa com defici\u00eancia em situa\u00e7\u00e3o de vulnerabilidade"},"content":{"rendered":"<p>A 9\u00aa Turma do Tribunal Regional Federal da 1\u00aa Regi\u00e3o (TRF1) negou, por unanimidade, a apela\u00e7\u00e3o do Instituto Nacional do Seguro Social (INSS) e manteve a senten\u00e7a que concedeu o Benef\u00edcio de Presta\u00e7\u00e3o Continuada (BPC) a uma pessoa com defici\u00eancia, com efeitos retroativos desde a Data de Entrada do Requerimento (DER) ap\u00f3s comprovar situa\u00e7\u00e3o de extrema pobreza.<\/p><p>O INSS sustentou que o requerente n\u00e3o teria comprovado a hipossufici\u00eancia econ\u00f4mica.<\/p><p>Ao analisar o caso, o relator, juiz federal convocado Paulo Roberto Lyrio Pimenta, destacou o art. 20 da Lei n. 8.742\/1993 que assegura o BPC no valor de um sal\u00e1rio m\u00ednimo mensal a pessoas com defici\u00eancia e idosos com 65 anos ou mais que comprovem n\u00e3o possuir meios de prover a pr\u00f3pria manuten\u00e7\u00e3o nem de t\u00ea-la provida por sua fam\u00edlia.<\/p><p>O magistrado tamb\u00e9m observou que, de acordo com a jurisprud\u00eancia, \u00e9 considerada pessoa com defici\u00eancia aquela que apresenta impedimentos de longo prazo de natureza f\u00edsica, mental ou intelectual, como \u00e9 o caso do autor, que tem quadro de dem\u00eancia irrevers\u00edvel com total incapacidade laboral conforme provado pela per\u00edcia m\u00e9dica.<\/p><p>Segundo o magistrado, o requisito da defici\u00eancia foi devidamente comprovado pelo laudo da per\u00edcia m\u00e9dica juntado aos autos, segundo o qual o autor tem \u201cquadro demencial irrevers\u00edvel com total incapacidade laboral\u201d.<\/p><p>De acordo com o relator, quanto ao requisito da miserabilidade e renda familiar, o estudo social constante dos autos informa que o autor reside em Institui\u00e7\u00e3o de Longa Perman\u00eancia e que, atualmente, a pr\u00f3pria institui\u00e7\u00e3o tem custeado suas despesas em virtude de falta de pagamento por parte dos familiares, que o benefici\u00e1rio n\u00e3o possui rendimentos, tendo em vista o conceito estabelecido pela pr\u00f3pria Administra\u00e7\u00e3o e comprovado o requisito da miserabilidade<\/p><p>Processo: 1020474-19.2019.4.01.9999<\/p><p>Data do julgamento: 18\/12\/2024<\/p><p><strong>Fonte: Tribunal Regional Federal da 1\u00aa Regi\u00e3o<\/strong><\/p>\n    <div class=\"xs_social_share_widget xs_share_url after_content \t\tmain_content  wslu-style-1 wslu-share-box-shaped wslu-fill-colored wslu-none wslu-share-horizontal wslu-theme-font-no wslu-main_content\">\n\n\t\t\n        <ul>\n\t\t\t        <\/ul>\n    <\/div> \n","protected":false},"excerpt":{"rendered":"<p>A 9\u00aa Turma do Tribunal Regional Federal da 1\u00aa Regi\u00e3o (TRF1) negou, por unanimidade, a apela\u00e7\u00e3o do Instituto Nacional do Seguro Social (INSS) e manteve a senten\u00e7a que concedeu o Benef\u00edcio de Presta\u00e7\u00e3o Continuada (BPC) a uma pessoa com defici\u00eancia, com efeitos retroativos desde a Data de Entrada do Requerimento (DER) ap\u00f3s comprovar situa\u00e7\u00e3o de extrema pobreza.<\/p>\n","protected":false},"author":5,"featured_media":10281,"comment_status":"open","ping_status":"open","sticky":false,"template":"","format":"standard","meta":{"postBodyCss":"","postBodyMargin":[],"postBodyPadding":[],"postBodyBackground":{"backgroundType":"classic","gradient":""},"_price":"","_stock":"","_tribe_ticket_header":"","_tribe_default_ticket_provider":"","_tribe_ticket_capacity":"0","_ticket_start_date":"","_ticket_end_date":"","_tribe_ticket_show_description":"","_tribe_ticket_show_not_going":false,"_tribe_ticket_use_global_stock":"","_tribe_ticket_global_stock_level":"","_global_stock_mode":"","_global_stock_cap":"","_tribe_rsvp_for_event":"","_tribe_ticket_going_count":"","_tribe_ticket_not_going_count":"","_tribe_tickets_list":"[]","_tribe_ticket_has_attendee_info_fields":false,"footnotes":""},"categories":[46],"tags":[3858,3467,8724,8722,8718,8719,8721,8723,2654,2784,2241,3986,3868,8720,8103,3463,3462,1043],"class_list":["post-10280","post","type-post","status-publish","format-standard","has-post-thumbnail","hentry","category-noticias","tag-9a-turma","tag-apelacao","tag-beneficio-de-prestacao-continuada","tag-bpc","tag-efeitos-retroativos","tag-extrema","tag-extrema-pobreza","tag-hipossuficiencia-economica","tag-inss","tag-instituto-nacional-do-seguro-social","tag-pessoa-com-deficiencia","tag-pobreza","tag-sentenca","tag-situacao-de-extrema-pobreza","tag-situacao-de-vulnerabilidade","tag-trf1","tag-tribunal-regional-federal-da-1a-regiao","tag-unanimidade"],"acf":[],"_links":{"self":[{"href":"https:\/\/sgpsolucoes.com.br\/site\/wp-json\/wp\/v2\/posts\/10280"}],"collection":[{"href":"https:\/\/sgpsolucoes.com.br\/site\/wp-json\/wp\/v2\/posts"}],"about":[{"href":"https:\/\/sgpsolucoes.com.br\/site\/wp-json\/wp\/v2\/types\/post"}],"author":[{"embeddable":true,"href":"https:\/\/sgpsolucoes.com.br\/site\/wp-json\/wp\/v2\/users\/5"}],"replies":[{"embeddable":true,"href":"https:\/\/sgpsolucoes.com.br\/site\/wp-json\/wp\/v2\/comments?post=10280"}],"version-history":[{"count":0,"href":"https:\/\/sgpsolucoes.com.br\/site\/wp-json\/wp\/v2\/posts\/10280\/revisions"}],"wp:featuredmedia":[{"embeddable":true,"href":"https:\/\/sgpsolucoes.com.br\/site\/wp-json\/wp\/v2\/media\/10281"}],"wp:attachment":[{"href":"https:\/\/sgpsolucoes.com.br\/site\/wp-json\/wp\/v2\/media?parent=10280"}],"wp:term":[{"taxonomy":"category","embeddable":true,"href":"https:\/\/sgpsolucoes.com.br\/site\/wp-json\/wp\/v2\/categories?post=10280"},{"taxonomy":"post_tag","embeddable":true,"href":"https:\/\/sgpsolucoes.com.br\/site\/wp-json\/wp\/v2\/tags?post=10280"}],"curies":[{"name":"wp","href":"https:\/\/api.w.org\/{rel}","templated":true}]}}