{"id":10283,"date":"2025-04-11T17:40:15","date_gmt":"2025-04-11T20:40:15","guid":{"rendered":"https:\/\/sgpsolucoes.com.br\/site\/?p=10283"},"modified":"2025-04-11T17:40:17","modified_gmt":"2025-04-11T20:40:17","slug":"garota-com-doenca-rara-consegue-cirurgia-e-fornecimento-de-protese-mandibular","status":"publish","type":"post","link":"https:\/\/sgpsolucoes.com.br\/site\/garota-com-doenca-rara-consegue-cirurgia-e-fornecimento-de-protese-mandibular\/","title":{"rendered":"Garota com doen\u00e7a rara consegue cirurgia e fornecimento de pr\u00f3tese mandibular"},"content":{"rendered":"<p>O N\u00facleo de Justi\u00e7a 4.0 Sa\u00fade da Justi\u00e7a Federal do Rio Grande do Sul condenou a Uni\u00e3o a fornecer pr\u00f3tese e realizar procedimento cir\u00fargico bucomaxilofacial em uma garota de 16 anos que sofre de uma doen\u00e7a rara. A senten\u00e7a \u00e9 do juiz Marcelo Furtado Pereira Morales e foi publicada no dia 7\/4.<\/p><p>A autora, tutelada por sua m\u00e3e, relata ter sido acometida da doen\u00e7a denominada \u201ccisto \u00f3sseo aneurism\u00e1tico associado a les\u00e3o fibro-\u00f3ssea benigna\u201d, quando completou cinco anos de idade. Informa ter realizado duas cirurgias, com a remo\u00e7\u00e3o total da mand\u00edbula e implante de uma placa de reconstru\u00e7\u00e3o \u00f3ssea.&nbsp;<\/p><p>Apesar dos procedimentos, houve complica\u00e7\u00f5es decorrentes do desenvolvimento da menina, quando completou onze anos, causando a ruptura da segunda placa, o que gerou processos inflamat\u00f3rios e disfun\u00e7\u00f5es na mastiga\u00e7\u00e3o, al\u00e9m de transtornos psico-sociais. A solu\u00e7\u00e3o que melhor atenderia \u00e0 paciente seria, ent\u00e3o, o implante de um aparelho osteodistrator customizado, que foi obtido mediante outro processo judicial e apresentou resultados parcialmente significativos.<\/p><p>O pedido da garota \u00e9 referente ao implante de um novo aparelho, com formata\u00e7\u00e3o diferente, mais adaptada \u00e0 situa\u00e7\u00e3o de desenvolvimento atual dela, a fim de complementar a total regenera\u00e7\u00e3o da mand\u00edbula.<\/p><p>A Uni\u00e3o alegou ilegitimidade passiva e ressaltou que o produto pleiteado n\u00e3o \u00e9 fornecido pelo Sistema \u00danico de Sa\u00fade (SUS).<\/p><p>No m\u00e9rito, o juiz esclareceu que o direito \u00e0 sa\u00fade possui previs\u00e3o constitucional, sendo dever do Estado seu provimento. Ponderou, tamb\u00e9m, a limita\u00e7\u00e3o dos recursos p\u00fablicos e citou julgamentos e entendimentos dos Tribunais Superiores acerca do tema, que estipulam requisitos a serem cumpridos para a concess\u00e3o dos tratamentos.<\/p><p>De acordo com o magistrado, \u201csomente evid\u00eancias cient\u00edficas de grau hier\u00e1rquico elevado s\u00e3o capazes de respaldar a alega\u00e7\u00e3o de necessidade de acesso a produto de interesse de sa\u00fade ainda n\u00e3o fornecido no \u00e2mbito do SUS\u201d. Ele pontuou que o procedimento solicitado pela autora encontra-se arrolado Sistema de Gerenciamento da Tabela de Procedimentos, Medicamentos e OPM do SUS como de alta complexidade e que a pr\u00f3tese \u00e9 um insumo necess\u00e1rio para a cirurgia, mas n\u00e3o \u00e9 disponibilizada no Sistema \u00danico de Sa\u00fade.&nbsp;<\/p><p>Foi juntada Nota T\u00e9cnica, emitida pelo Telessa\u00fade\/RS, com parecer favor\u00e1vel ao fornecimento da pr\u00f3tese. \u201cA Nota T\u00e9cnica indica que analisados esses fatores em conjunto demonstram \u00e0 luz das evid\u00eancias atuais que a substitui\u00e7\u00e3o do dispositivo atual para um de novo formato \u00e9 uma alternativa v\u00e1lida para acompanhar a conforma\u00e7\u00e3o atual do crescimento \u00f3sseo no defeito de mand\u00edbula\u201d, concluiu o juiz.<\/p><p>A Uni\u00e3o foi condenada ao fornecimento da pr\u00f3tese e \u00e0 realiza\u00e7\u00e3o da cirurgia, &nbsp;dever\u00e1 ser realizado no menor tempo h\u00e1bil poss\u00edvel, dentro da estrutura do SUS e inexistindo qualquer transgress\u00e3o da fila de espera em rela\u00e7\u00e3o aos demais pacientes que tamb\u00e9m est\u00e3o aguardando a cirurgia padronizada de que necessita a parte demandante.<\/p><p>Cabe recurso para o Tribunal Regional Federal da 4\u00aa Regi\u00e3o.<\/p><p><strong>Fonte: TRF4<\/strong><\/p>\n    <div class=\"xs_social_share_widget xs_share_url after_content \t\tmain_content  wslu-style-1 wslu-share-box-shaped wslu-fill-colored wslu-none wslu-share-horizontal wslu-theme-font-no wslu-main_content\">\n\n\t\t\n        <ul>\n\t\t\t        <\/ul>\n    <\/div> \n","protected":false},"excerpt":{"rendered":"<p>O N\u00facleo de Justi\u00e7a 4.0 Sa\u00fade da Justi\u00e7a Federal do Rio Grande do Sul condenou a Uni\u00e3o a fornecer pr\u00f3tese e realizar procedimento cir\u00fargico bucomaxilofacial em uma garota de 16 anos que sofre de uma doen\u00e7a rara. A senten\u00e7a \u00e9 do juiz Marcelo Furtado Pereira Morales e foi publicada no dia 7\/4.<\/p>\n","protected":false},"author":5,"featured_media":10284,"comment_status":"open","ping_status":"open","sticky":false,"template":"","format":"standard","meta":{"postBodyCss":"","postBodyMargin":[],"postBodyPadding":[],"postBodyBackground":{"backgroundType":"classic","gradient":""},"_price":"","_stock":"","_tribe_ticket_header":"","_tribe_default_ticket_provider":"","_tribe_ticket_capacity":"0","_ticket_start_date":"","_ticket_end_date":"","_tribe_ticket_show_description":"","_tribe_ticket_show_not_going":false,"_tribe_ticket_use_global_stock":"","_tribe_ticket_global_stock_level":"","_global_stock_mode":"","_global_stock_cap":"","_tribe_rsvp_for_event":"","_tribe_ticket_going_count":"","_tribe_ticket_not_going_count":"","_tribe_tickets_list":"[]","_tribe_ticket_has_attendee_info_fields":false,"footnotes":""},"categories":[46],"tags":[4718,3335,8728,2378,8726,8725,8729,8732,8731,8727,8730,3637,3638,1627],"class_list":["post-10283","post","type-post","status-publish","format-standard","has-post-thumbnail","hentry","category-noticias","tag-cirurgia","tag-doenca","tag-doenca-rara","tag-fornecimento","tag-garota","tag-justica-federal-do-rio-grande-do-sul","tag-nucleo-de-justica-4-0-saude","tag-procedimento-cirurgico-bucomaxilofacial","tag-protese","tag-protese-mandibular","tag-rara","tag-trf4","tag-tribunal-regional-federal-da-4a-regiao","tag-uniao"],"acf":[],"_links":{"self":[{"href":"https:\/\/sgpsolucoes.com.br\/site\/wp-json\/wp\/v2\/posts\/10283"}],"collection":[{"href":"https:\/\/sgpsolucoes.com.br\/site\/wp-json\/wp\/v2\/posts"}],"about":[{"href":"https:\/\/sgpsolucoes.com.br\/site\/wp-json\/wp\/v2\/types\/post"}],"author":[{"embeddable":true,"href":"https:\/\/sgpsolucoes.com.br\/site\/wp-json\/wp\/v2\/users\/5"}],"replies":[{"embeddable":true,"href":"https:\/\/sgpsolucoes.com.br\/site\/wp-json\/wp\/v2\/comments?post=10283"}],"version-history":[{"count":0,"href":"https:\/\/sgpsolucoes.com.br\/site\/wp-json\/wp\/v2\/posts\/10283\/revisions"}],"wp:featuredmedia":[{"embeddable":true,"href":"https:\/\/sgpsolucoes.com.br\/site\/wp-json\/wp\/v2\/media\/10284"}],"wp:attachment":[{"href":"https:\/\/sgpsolucoes.com.br\/site\/wp-json\/wp\/v2\/media?parent=10283"}],"wp:term":[{"taxonomy":"category","embeddable":true,"href":"https:\/\/sgpsolucoes.com.br\/site\/wp-json\/wp\/v2\/categories?post=10283"},{"taxonomy":"post_tag","embeddable":true,"href":"https:\/\/sgpsolucoes.com.br\/site\/wp-json\/wp\/v2\/tags?post=10283"}],"curies":[{"name":"wp","href":"https:\/\/api.w.org\/{rel}","templated":true}]}}