{"id":10292,"date":"2025-04-11T18:00:29","date_gmt":"2025-04-11T21:00:29","guid":{"rendered":"https:\/\/sgpsolucoes.com.br\/site\/?p=10292"},"modified":"2025-04-11T18:00:30","modified_gmt":"2025-04-11T21:00:30","slug":"trf6-reconhece-direitos-do-povo-krenak-e-condena-uniao-funai-e-estado-de-minas-gerais","status":"publish","type":"post","link":"https:\/\/sgpsolucoes.com.br\/site\/trf6-reconhece-direitos-do-povo-krenak-e-condena-uniao-funai-e-estado-de-minas-gerais\/","title":{"rendered":"TRF6 reconhece direitos do povo Krenak e condena Uni\u00e3o, Funai e Estado de Minas Gerais"},"content":{"rendered":"<p>Por unanimidade, a 4\u00aa Turma do Tribunal Regional Federal da 6\u00aa Regi\u00e3o (TRF6) negou provimento as apela\u00e7\u00f5es interpostas contra a senten\u00e7a da antiga 14\u00aa Vara Federal C\u00edvel da Se\u00e7\u00e3o Judici\u00e1ria de Minas Gerais (atual 5\u00aa Vara Federal C\u00edvel da Subse\u00e7\u00e3o Judici\u00e1ria de Belo Horizonte) e manteve a \u00edntegra da senten\u00e7a de primeira inst\u00e2ncia. O julgamento ocorreu nesta ter\u00e7a-feira (08\/04), na sede do TRF6.<a href=\"http:\"><\/a><\/p><figure class=\"wp-block-image\"><img decoding=\"async\" src=\"https:\/\/portal.trf6.jus.br\/wp-content\/uploads\/2025\/04\/IMG_0375-scaled.jpg\" alt=\"\" class=\"wp-image-87816\"\/><\/figure><p>Na A\u00e7\u00e3o Civil P\u00fablica movida pelo Minist\u00e9rio P\u00fablico Federal (MPF), que busca responsabilizar a Uni\u00e3o, o Estado de Minas Gerais, a Funda\u00e7\u00e3o Nacional dos Povos Ind\u00edgenas (Funai) e o servidor p\u00fablico Manoel dos Santos Pinheiro por graves viola\u00e7\u00f5es de direitos humanos cometidas contra o povo ind\u00edgena Krenak durante o regime militar.<\/p><figure class=\"wp-block-image\"><img decoding=\"async\" src=\"https:\/\/portal.trf6.jus.br\/wp-content\/uploads\/2025\/04\/IMG_0431-scaled.jpg\" alt=\"\" class=\"wp-image-87806\"\/><\/figure><p>A sess\u00e3o foi presidida pelo desembargador federal Lincoln Rodrigues de Faria e composta pelo relator, desembargador federal Prado de Vasconcelos, pela desembargadora federal Monica Sifuentes e pela ju\u00edza federal convocada Cristiane Miranda Botelho. Representantes da comunidade Krenak acompanharam o julgamento no plen\u00e1rio do TRF6.<\/p><figure class=\"wp-block-image size-large\"><img fetchpriority=\"high\" decoding=\"async\" width=\"1024\" height=\"683\" src=\"https:\/\/sgpsolucoes.com.br\/site\/wp-content\/uploads\/2025\/04\/image-6-1024x683.png\" alt=\"\" class=\"wp-image-10296\" srcset=\"https:\/\/sgpsolucoes.com.br\/site\/wp-content\/uploads\/2025\/04\/image-6-1024x683.png 1024w, https:\/\/sgpsolucoes.com.br\/site\/wp-content\/uploads\/2025\/04\/image-6-300x200.png 300w, https:\/\/sgpsolucoes.com.br\/site\/wp-content\/uploads\/2025\/04\/image-6-768x512.png 768w, https:\/\/sgpsolucoes.com.br\/site\/wp-content\/uploads\/2025\/04\/image-6-600x400.png 600w, https:\/\/sgpsolucoes.com.br\/site\/wp-content\/uploads\/2025\/04\/image-6.png 1536w\" sizes=\"(max-width: 1024px) 100vw, 1024px\" \/><\/figure><p>Durante o voto de relatoria, o desembargador federal Prado de Vasconcelos, ressaltou a import\u00e2ncia do caso para a justi\u00e7a de transi\u00e7\u00e3o: \u201cEsta demanda insere-se no espa\u00e7o da justi\u00e7a de transi\u00e7\u00e3o, abarcando o direito \u00e0 mem\u00f3ria e \u00e0 verdade, que, por sua vez, se sustenta na necessidade de esclarecer os eventos ocorridos em tempos de repress\u00e3o, garantindo que v\u00edtimas, familiares e a sociedade tenham acesso a essas informa\u00e7\u00f5es.\u201d<\/p><figure class=\"wp-block-image\"><img decoding=\"async\" src=\"https:\/\/portal.trf6.jus.br\/wp-content\/uploads\/2025\/04\/IMG_0489-2-edited-scaled.jpg\" alt=\"\" class=\"wp-image-87823\"\/><\/figure><p>O relator reafirmou que as a\u00e7\u00f5es de repara\u00e7\u00e3o de danos decorrentes de viola\u00e7\u00f5es de direitos humanos s\u00e3o imprescrit\u00edveis, destacou tamb\u00e9m a responsabilidade objetiva do Estado pelos preju\u00edzos causados aos Krenak.<\/p><p>As viola\u00e7\u00f5es abordadas no processo incluem a cria\u00e7\u00e3o, em 1969, do Reformat\u00f3rio Agr\u00edcola Ind\u00edgena Krenak; a expuls\u00e3o dos ind\u00edgenas de suas terras, posteriormente entregues a fazendeiros; as transfer\u00eancias compuls\u00f3rias para a Fazenda Guarani em 1972; a atua\u00e7\u00e3o repressiva da Guarda Rural Ind\u00edgena (GRIN); e uma s\u00e9rie de atrocidades sistem\u00e1ticas cometidas contra a comunidade durante o regime militar.<\/p><p>A senten\u00e7a determina medidas de repara\u00e7\u00e3o, como o reconhecimento formal das viola\u00e7\u00f5es, a realiza\u00e7\u00e3o de um pedido p\u00fablico de desculpas institucional, a preserva\u00e7\u00e3o da l\u00edngua e cultura Krenak e a publiciza\u00e7\u00e3o de documentos hist\u00f3ricos.<\/p><p>Com a condena\u00e7\u00e3o, uma das medidas de repara\u00e7\u00e3o mais esperadas \u00e9 a obriga\u00e7\u00e3o da Funai em realizar a demarca\u00e7\u00e3o da terra ind\u00edgena sagrada Sete Sal\u00f5es, que representa um marco essencial para manter a cultura, os costumes e a sobreviv\u00eancia do povo Krenak.<\/p><p><a href=\"https:\/\/portal.trf6.jus.br\/wp-content\/uploads\/2025\/04\/relatorio-e-voto.pdf\" target=\"_blank\" rel=\"noreferrer noopener\">Confira o voto do relator, desembargador federal Andr\u00e9 Prado de Vasconcelos.<\/a><\/p><p>Processo: 0064483-95.2015.4.01.3800. Julgamento em 08\/04\/2025.<\/p><figure class=\"wp-block-image\"><a href=\"https:\/\/portal.trf6.jus.br\/wp-content\/uploads\/2025\/04\/IMG_0530-scaled.jpg\" target=\"_blank\" rel=\"noreferrer noopener\"><img decoding=\"async\" src=\"https:\/\/portal.trf6.jus.br\/wp-content\/uploads\/2025\/04\/IMG_0530-scaled.jpg\" alt=\"\" class=\"wp-image-87801\"\/><\/a><\/figure><figure class=\"wp-block-image size-full\"><img decoding=\"async\" width=\"768\" height=\"427\" src=\"https:\/\/sgpsolucoes.com.br\/site\/wp-content\/uploads\/2025\/04\/image-4.png\" alt=\"\" class=\"wp-image-10294\" srcset=\"https:\/\/sgpsolucoes.com.br\/site\/wp-content\/uploads\/2025\/04\/image-4.png 768w, https:\/\/sgpsolucoes.com.br\/site\/wp-content\/uploads\/2025\/04\/image-4-300x167.png 300w, https:\/\/sgpsolucoes.com.br\/site\/wp-content\/uploads\/2025\/04\/image-4-600x334.png 600w\" sizes=\"(max-width: 768px) 100vw, 768px\" \/><\/figure><figure class=\"wp-block-image size-large\"><img decoding=\"async\" width=\"1024\" height=\"514\" src=\"https:\/\/sgpsolucoes.com.br\/site\/wp-content\/uploads\/2025\/04\/image-5-1024x514.png\" alt=\"\" class=\"wp-image-10295\" srcset=\"https:\/\/sgpsolucoes.com.br\/site\/wp-content\/uploads\/2025\/04\/image-5-1024x514.png 1024w, https:\/\/sgpsolucoes.com.br\/site\/wp-content\/uploads\/2025\/04\/image-5-300x151.png 300w, https:\/\/sgpsolucoes.com.br\/site\/wp-content\/uploads\/2025\/04\/image-5-768x386.png 768w, https:\/\/sgpsolucoes.com.br\/site\/wp-content\/uploads\/2025\/04\/image-5-600x301.png 600w, https:\/\/sgpsolucoes.com.br\/site\/wp-content\/uploads\/2025\/04\/image-5.png 1536w\" sizes=\"(max-width: 1024px) 100vw, 1024px\" \/><\/figure><p><strong>Fonte: TFR6<\/strong><\/p>\n    <div class=\"xs_social_share_widget xs_share_url after_content \t\tmain_content  wslu-style-1 wslu-share-box-shaped wslu-fill-colored wslu-none wslu-share-horizontal wslu-theme-font-no wslu-main_content\">\n\n\t\t\n        <ul>\n\t\t\t        <\/ul>\n    <\/div> \n","protected":false},"excerpt":{"rendered":"<p>Por unanimidade, a 4\u00aa Turma do Tribunal Regional Federal da 6\u00aa Regi\u00e3o (TRF6) negou provimento as apela\u00e7\u00f5es interpostas contra a senten\u00e7a da antiga 14\u00aa Vara Federal C\u00edvel da Se\u00e7\u00e3o Judici\u00e1ria de Minas Gerais (atual 5\u00aa Vara Federal C\u00edvel da Subse\u00e7\u00e3o Judici\u00e1ria de Belo Horizonte) e manteve a \u00edntegra da senten\u00e7a de primeira inst\u00e2ncia. O julgamento ocorreu nesta ter\u00e7a-feira (08\/04), na sede do TRF6.<\/p>\n","protected":false},"author":5,"featured_media":10293,"comment_status":"open","ping_status":"open","sticky":false,"template":"","format":"standard","meta":{"postBodyCss":"","postBodyMargin":[],"postBodyPadding":[],"postBodyBackground":{"backgroundType":"classic","gradient":""},"_price":"","_stock":"","_tribe_ticket_header":"","_tribe_default_ticket_provider":"","_tribe_ticket_capacity":"0","_ticket_start_date":"","_ticket_end_date":"","_tribe_ticket_show_description":"","_tribe_ticket_show_not_going":false,"_tribe_ticket_use_global_stock":"","_tribe_ticket_global_stock_level":"","_global_stock_mode":"","_global_stock_cap":"","_tribe_rsvp_for_event":"","_tribe_ticket_going_count":"","_tribe_ticket_not_going_count":"","_tribe_tickets_list":"[]","_tribe_ticket_has_attendee_info_fields":false,"footnotes":""},"categories":[46],"tags":[8753,5884,8750,8751,8754,696,3587,8744,3270,8752,8758,4993,4992,8756,8749,8757,8755,1176,3061,7247,1043,1627,8759],"class_list":["post-10292","post","type-post","status-publish","format-standard","has-post-thumbnail","hentry","category-noticias","tag-4a-turma","tag-acao-civil-publica","tag-antiga-14a-vara-federal-civel-da-secao-judiciaria-de-minas-gerais","tag-apelacoes","tag-atual-5a-vara-federal-civel-da-subsecao-judiciaria-de-belo-horizonte","tag-direitos","tag-direitos-humanos","tag-estado-de-minas-gerais","tag-funai","tag-fundacao-nacional-dos-povos-indigenas","tag-krenak","tag-ministerio-publico-federal","tag-mpf","tag-povo-indigena","tag-povo-krenak","tag-regime-militar","tag-sentenca-de-primeira-instancia","tag-servidor-publico","tag-trf6","tag-tribunal-regional-federal-da-6a-regiao","tag-unanimidade","tag-uniao","tag-violacoes"],"acf":[],"_links":{"self":[{"href":"https:\/\/sgpsolucoes.com.br\/site\/wp-json\/wp\/v2\/posts\/10292"}],"collection":[{"href":"https:\/\/sgpsolucoes.com.br\/site\/wp-json\/wp\/v2\/posts"}],"about":[{"href":"https:\/\/sgpsolucoes.com.br\/site\/wp-json\/wp\/v2\/types\/post"}],"author":[{"embeddable":true,"href":"https:\/\/sgpsolucoes.com.br\/site\/wp-json\/wp\/v2\/users\/5"}],"replies":[{"embeddable":true,"href":"https:\/\/sgpsolucoes.com.br\/site\/wp-json\/wp\/v2\/comments?post=10292"}],"version-history":[{"count":0,"href":"https:\/\/sgpsolucoes.com.br\/site\/wp-json\/wp\/v2\/posts\/10292\/revisions"}],"wp:featuredmedia":[{"embeddable":true,"href":"https:\/\/sgpsolucoes.com.br\/site\/wp-json\/wp\/v2\/media\/10293"}],"wp:attachment":[{"href":"https:\/\/sgpsolucoes.com.br\/site\/wp-json\/wp\/v2\/media?parent=10292"}],"wp:term":[{"taxonomy":"category","embeddable":true,"href":"https:\/\/sgpsolucoes.com.br\/site\/wp-json\/wp\/v2\/categories?post=10292"},{"taxonomy":"post_tag","embeddable":true,"href":"https:\/\/sgpsolucoes.com.br\/site\/wp-json\/wp\/v2\/tags?post=10292"}],"curies":[{"name":"wp","href":"https:\/\/api.w.org\/{rel}","templated":true}]}}