{"id":10298,"date":"2025-04-11T18:04:39","date_gmt":"2025-04-11T21:04:39","guid":{"rendered":"https:\/\/sgpsolucoes.com.br\/site\/?p=10298"},"modified":"2025-04-11T18:04:40","modified_gmt":"2025-04-11T21:04:40","slug":"trf6-mantem-participacao-do-municipio-de-contagem-em-acao-sobre-o-rodoanel-que-envolve-comunidades-quilombolas","status":"publish","type":"post","link":"https:\/\/sgpsolucoes.com.br\/site\/trf6-mantem-participacao-do-municipio-de-contagem-em-acao-sobre-o-rodoanel-que-envolve-comunidades-quilombolas\/","title":{"rendered":"TRF6 mant\u00e9m participa\u00e7\u00e3o do Munic\u00edpio de Contagem em a\u00e7\u00e3o sobre o Rodoanel que envolve comunidades quilombolas"},"content":{"rendered":"<p>Nesta ter\u00e7a-feira, 8 de abril, a Terceira Turma do Tribunal Regional Federal da 6\u00aa Regi\u00e3o (TRF6) decidiu, por unanimidade, restabelecer decis\u00e3o de primeira inst\u00e2ncia que reconhece o direito do Munic\u00edpio de Contagem de participar como parte ativa de uma a\u00e7\u00e3o civil p\u00fablica relacionada \u00e0 constru\u00e7\u00e3o do Rodoanel Metropolitano de Belo Horizonte, que pode afetar diretamente as mais de 70 comunidades quilombolas situadas no munic\u00edpio.<\/p><p>A decis\u00e3o foi proferida no julgamento de dois recursos internos apresentados pela Federa\u00e7\u00e3o das Comunidades Quilombolas de Minas Gerais \u2013 N\u2019GOLO e pelo pr\u00f3prio Munic\u00edpio de Contagem. Ambos argumentaram que essas comunidades est\u00e3o localizadas dentro dos limites do munic\u00edpio, conforme comprovado por certid\u00e3o da Funda\u00e7\u00e3o Cultural Palmares.<\/p><p>O Estado de Minas Gerais havia recorrido, pedindo a exclus\u00e3o de Contagem do processo, por entender que o munic\u00edpio n\u00e3o teria interesse jur\u00eddico no caso. No entanto, com base nos novos elementos apresentados \u2014 como a documenta\u00e7\u00e3o que confirma a localiza\u00e7\u00e3o das comunidades e o protocolo firmado entre o munic\u00edpio e o INCRA para a titula\u00e7\u00e3o dos territ\u00f3rios \u2014 o relator, desembargador federal Dolzany da Costa, reformulou seu entendimento e reconheceu a legitimidade da participa\u00e7\u00e3o de Contagem na a\u00e7\u00e3o.<\/p><p>Em seu voto, o relator destacou que \u201ca rela\u00e7\u00e3o jur\u00eddica controvertida na a\u00e7\u00e3o civil p\u00fablica tem o cond\u00e3o de comprometer direito do munic\u00edpio\u201d, reconhecendo que h\u00e1, sim, interesse jur\u00eddico direto na causa. Ele tamb\u00e9m afirmou que \u201ca certid\u00e3o de autodefini\u00e7\u00e3o emitida pela Funda\u00e7\u00e3o Cultural Palmares comprova a localiza\u00e7\u00e3o da Comunidade Quilombola Arturos dentro dos limites de Contagem\u201d, o que refor\u00e7a a pertin\u00eancia da participa\u00e7\u00e3o do ente municipal no processo.<\/p><p>A a\u00e7\u00e3o discute, entre outros pontos, o direito das comunidades quilombolas de serem ouvidas antes da implementa\u00e7\u00e3o de grandes obras que possam impactar suas formas de vida, em conformidade com as normas constitucionais e os tratados internacionais de direitos humanos. Nesse sentido, o Minist\u00e9rio P\u00fablico Federal destacou a obrigatoriedade da consulta pr\u00e9via, livre e informada, conforme estabelece a Conven\u00e7\u00e3o 169 da Organiza\u00e7\u00e3o Internacional do Trabalho (OIT), ratificada pelo Brasil e com for\u00e7a normativa.<\/p><p>Para o TRF6, o ingresso do Munic\u00edpio de Contagem no processo \u00e9 leg\u00edtimo e contribui para garantir a efetividade dos direitos das popula\u00e7\u00f5es tradicionais. A decis\u00e3o tamb\u00e9m refor\u00e7a a aplica\u00e7\u00e3o da Lei n\u00ba 7.347\/1985, que trata das a\u00e7\u00f5es civis p\u00fablicas, afastando, nesse caso, regras gerais do C\u00f3digo de Processo Civil.<\/p><p>Com essa decis\u00e3o, fica assegurada a continuidade da atua\u00e7\u00e3o conjunta entre os entes p\u00fablicos e as comunidades quilombolas na defesa de seus direitos, especialmente diante dos impactos provocados por grandes obras de infraestrutura.<\/p><p>Processo: 6009142-77.2024.4.06.0000. Julgamento em 08\/04\/2025<\/p><p><strong>Fonte: TRF6<\/strong><\/p>\n    <div class=\"xs_social_share_widget xs_share_url after_content \t\tmain_content  wslu-style-1 wslu-share-box-shaped wslu-fill-colored wslu-none wslu-share-horizontal wslu-theme-font-no wslu-main_content\">\n\n\t\t\n        <ul>\n\t\t\t        <\/ul>\n    <\/div> \n","protected":false},"excerpt":{"rendered":"<p>Nesta ter\u00e7a-feira, 8 de abril, a Terceira Turma do Tribunal Regional Federal da 6\u00aa Regi\u00e3o (TRF6) decidiu, por unanimidade, restabelecer decis\u00e3o de primeira inst\u00e2ncia que reconhece o direito do Munic\u00edpio de Contagem de participar como parte ativa de uma a\u00e7\u00e3o civil p\u00fablica relacionada \u00e0 constru\u00e7\u00e3o do Rodoanel Metropolitano de Belo Horizonte, que pode afetar diretamente as mais de 70 comunidades quilombolas situadas no munic\u00edpio.<\/p>\n","protected":false},"author":5,"featured_media":10299,"comment_status":"open","ping_status":"open","sticky":false,"template":"","format":"standard","meta":{"postBodyCss":"","postBodyMargin":[],"postBodyPadding":[],"postBodyBackground":{"backgroundType":"classic","gradient":""},"_price":"","_stock":"","_tribe_ticket_header":"","_tribe_default_ticket_provider":"","_tribe_ticket_capacity":"0","_ticket_start_date":"","_ticket_end_date":"","_tribe_ticket_show_description":"","_tribe_ticket_show_not_going":false,"_tribe_ticket_use_global_stock":"","_tribe_ticket_global_stock_level":"","_global_stock_mode":"","_global_stock_cap":"","_tribe_rsvp_for_event":"","_tribe_ticket_going_count":"","_tribe_ticket_not_going_count":"","_tribe_tickets_list":"[]","_tribe_ticket_has_attendee_info_fields":false,"footnotes":""},"categories":[46],"tags":[3793,5884,4154,6329,460,8761,8762,3033,8760,8763,2685,3061,7247,1043],"class_list":["post-10298","post","type-post","status-publish","format-standard","has-post-thumbnail","hentry","category-noticias","tag-acao","tag-acao-civil-publica","tag-comunidades-quilombolas","tag-contagem","tag-municipio-2","tag-municipio-de-contagem","tag-parte-ativa","tag-primeira-instancia","tag-rodoanel","tag-rodoanel-metropolitano-de-belo-horizonte","tag-terceira-turma","tag-trf6","tag-tribunal-regional-federal-da-6a-regiao","tag-unanimidade"],"acf":[],"_links":{"self":[{"href":"https:\/\/sgpsolucoes.com.br\/site\/wp-json\/wp\/v2\/posts\/10298"}],"collection":[{"href":"https:\/\/sgpsolucoes.com.br\/site\/wp-json\/wp\/v2\/posts"}],"about":[{"href":"https:\/\/sgpsolucoes.com.br\/site\/wp-json\/wp\/v2\/types\/post"}],"author":[{"embeddable":true,"href":"https:\/\/sgpsolucoes.com.br\/site\/wp-json\/wp\/v2\/users\/5"}],"replies":[{"embeddable":true,"href":"https:\/\/sgpsolucoes.com.br\/site\/wp-json\/wp\/v2\/comments?post=10298"}],"version-history":[{"count":0,"href":"https:\/\/sgpsolucoes.com.br\/site\/wp-json\/wp\/v2\/posts\/10298\/revisions"}],"wp:featuredmedia":[{"embeddable":true,"href":"https:\/\/sgpsolucoes.com.br\/site\/wp-json\/wp\/v2\/media\/10299"}],"wp:attachment":[{"href":"https:\/\/sgpsolucoes.com.br\/site\/wp-json\/wp\/v2\/media?parent=10298"}],"wp:term":[{"taxonomy":"category","embeddable":true,"href":"https:\/\/sgpsolucoes.com.br\/site\/wp-json\/wp\/v2\/categories?post=10298"},{"taxonomy":"post_tag","embeddable":true,"href":"https:\/\/sgpsolucoes.com.br\/site\/wp-json\/wp\/v2\/tags?post=10298"}],"curies":[{"name":"wp","href":"https:\/\/api.w.org\/{rel}","templated":true}]}}