{"id":10302,"date":"2025-04-11T18:17:22","date_gmt":"2025-04-11T21:17:22","guid":{"rendered":"https:\/\/sgpsolucoes.com.br\/site\/?p=10302"},"modified":"2025-04-11T18:17:23","modified_gmt":"2025-04-11T21:17:23","slug":"stf-invalida-norma-do-parana-que-estendia-reajuste-do-tribunal-de-contas-a-servidores-da-assembleia-legislativa","status":"publish","type":"post","link":"https:\/\/sgpsolucoes.com.br\/site\/stf-invalida-norma-do-parana-que-estendia-reajuste-do-tribunal-de-contas-a-servidores-da-assembleia-legislativa\/","title":{"rendered":"STF invalida norma do Paran\u00e1 que estendia reajuste do Tribunal de Contas a servidores da Assembleia Legislativa"},"content":{"rendered":"<p><strong><em>Fixa\u00e7\u00e3o da remunera\u00e7\u00e3o dos servidores do Legislativo deve ser tratada por lei de iniciativa da pr\u00f3pria Casa<\/em><\/strong><\/p><p>O Supremo Tribunal Federal (STF) declarou, por unanimidade, a inconstitucionalidade de dispositivos de lei do Paran\u00e1 que estendiam aos servidores da Assembleia Legislativa o reajuste salarial originalmente proposto para os servidores do Tribunal de Contas estadual (TCE-PR) A decis\u00e3o foi tomada na sess\u00e3o plen\u00e1ria virtual encerrada em 28\/3, no julgamento da A\u00e7\u00e3o Direta de Inconstitucionalidade<strong><a href=\"https:\/\/portal.stf.jus.br\/processos\/detalhe.asp?incidente=4041501\" target=\"_blank\" rel=\"noreferrer noopener\">&nbsp;(ADI) 4570<\/a><\/strong>.<\/p><figure class=\"wp-block-image size-full is-resized\"><img fetchpriority=\"high\" decoding=\"async\" width=\"800\" height=\"534\" src=\"https:\/\/sgpsolucoes.com.br\/site\/wp-content\/uploads\/2025\/04\/image-7.png\" alt=\"\" class=\"wp-image-10303\" style=\"width:840px;height:auto\" srcset=\"https:\/\/sgpsolucoes.com.br\/site\/wp-content\/uploads\/2025\/04\/image-7.png 800w, https:\/\/sgpsolucoes.com.br\/site\/wp-content\/uploads\/2025\/04\/image-7-300x200.png 300w, https:\/\/sgpsolucoes.com.br\/site\/wp-content\/uploads\/2025\/04\/image-7-768x513.png 768w, https:\/\/sgpsolucoes.com.br\/site\/wp-content\/uploads\/2025\/04\/image-7-600x401.png 600w\" sizes=\"(max-width: 800px) 100vw, 800px\" \/><\/figure><p>Autora da a\u00e7\u00e3o no STF, a Mesa Diretora da Assembleia Legislativa do Paran\u00e1 questionava dispositivos da Lei estadual 16.661\/2010, com a alega\u00e7\u00e3o de viola\u00e7\u00e3o da sua compet\u00eancia para propor leis voltadas \u00e0 fixa\u00e7\u00e3o da remunera\u00e7\u00e3o dos seus servidores. No caso, o Tribunal de Contas apresentou projeto com proposta de reajuste para seus funcion\u00e1rios, mas, mediante emenda de deputados estaduais, foram inseridos dispositivos que estendiam o aumento aos servidores da Casa legislativa.<\/p><p><strong>Iniciativa legislativa<\/strong><\/p><p>No voto pela inconstitucionalidade da regra, o ministro Nunes Marques, relator, explicou que a fixa\u00e7\u00e3o da remunera\u00e7\u00e3o dos servidores da Assembleia Legislativa deve ser tratada por lei espec\u00edfica de iniciativa da pr\u00f3pria Casa. Segundo o ministro, a medida n\u00e3o poderia ter sido implementada por meio de emenda parlamentar em projeto de lei do Tribunal de Contas voltado a estipular reajuste para seus servidores.<\/p><p>Ele ressaltou ainda que, embora o Legislativo tenha compet\u00eancia para propor emendas, essa prerrogativa encontra limites quando se trata de mat\u00e9rias cuja iniciativa \u00e9 reservada, porque as altera\u00e7\u00f5es n\u00e3o podem gerar impacto or\u00e7ament\u00e1rio n\u00e3o previsto e devem manter pertin\u00eancia tem\u00e1tica com o texto original. No caso dos autos, as mudan\u00e7as resultaram em aumento de despesa com pessoal n\u00e3o contemplado no texto original e em reajuste a servidores de \u00f3rg\u00e3o que tem compet\u00eancia para iniciar o processo legislativo.<\/p><p><strong>Fonte: STF<\/strong><\/p>\n    <div class=\"xs_social_share_widget xs_share_url after_content \t\tmain_content  wslu-style-1 wslu-share-box-shaped wslu-fill-colored wslu-none wslu-share-horizontal wslu-theme-font-no wslu-main_content\">\n\n\t\t\n        <ul>\n\t\t\t        <\/ul>\n    <\/div> \n","protected":false},"excerpt":{"rendered":"<p>O Supremo Tribunal Federal (STF) declarou, por unanimidade, a inconstitucionalidade de dispositivos de lei do Paran\u00e1 que estendiam aos servidores da Assembleia Legislativa o reajuste salarial originalmente proposto para os servidores do Tribunal de Contas estadual (TCE-PR) A decis\u00e3o foi tomada na sess\u00e3o plen\u00e1ria virtual encerrada em 28\/3, no julgamento da A\u00e7\u00e3o Direta de Inconstitucionalidade\u00a0(ADI) 4570.<\/p>\n","protected":false},"author":5,"featured_media":10304,"comment_status":"open","ping_status":"open","sticky":false,"template":"","format":"standard","meta":{"postBodyCss":"","postBodyMargin":[],"postBodyPadding":[],"postBodyBackground":{"backgroundType":"classic","gradient":""},"_price":"","_stock":"","_tribe_ticket_header":"","_tribe_default_ticket_provider":"","_tribe_ticket_capacity":"0","_ticket_start_date":"","_ticket_end_date":"","_tribe_ticket_show_description":"","_tribe_ticket_show_not_going":false,"_tribe_ticket_use_global_stock":"","_tribe_ticket_global_stock_level":"","_global_stock_mode":"","_global_stock_cap":"","_tribe_rsvp_for_event":"","_tribe_ticket_going_count":"","_tribe_ticket_not_going_count":"","_tribe_tickets_list":"[]","_tribe_ticket_has_attendee_info_fields":false,"footnotes":""},"categories":[46],"tags":[1054,8766,1070,1784,6838,8765,1055,2639,1556,833,8767,692,1344,8764,347,348,354,451,1068,1043],"class_list":["post-10302","post","type-post","status-publish","format-standard","has-post-thumbnail","hentry","category-noticias","tag-acao-direta-de-inconstitucionalidade","tag-adi-4570","tag-assembleia-legislativa","tag-inconstitucionalidade","tag-invalidacao","tag-lei-de-iniciativa-da-assembleia-legislativa","tag-lei-do-parana","tag-norma","tag-parana","tag-reajuste","tag-reajuste-salarial","tag-remuneracao","tag-servidores","tag-servidores-do-legislativo","tag-stf","tag-supremo-tribunal-federal","tag-tce-pr","tag-tribunal-de-contas","tag-tribunal-de-contas-estadual","tag-unanimidade"],"acf":[],"_links":{"self":[{"href":"https:\/\/sgpsolucoes.com.br\/site\/wp-json\/wp\/v2\/posts\/10302"}],"collection":[{"href":"https:\/\/sgpsolucoes.com.br\/site\/wp-json\/wp\/v2\/posts"}],"about":[{"href":"https:\/\/sgpsolucoes.com.br\/site\/wp-json\/wp\/v2\/types\/post"}],"author":[{"embeddable":true,"href":"https:\/\/sgpsolucoes.com.br\/site\/wp-json\/wp\/v2\/users\/5"}],"replies":[{"embeddable":true,"href":"https:\/\/sgpsolucoes.com.br\/site\/wp-json\/wp\/v2\/comments?post=10302"}],"version-history":[{"count":0,"href":"https:\/\/sgpsolucoes.com.br\/site\/wp-json\/wp\/v2\/posts\/10302\/revisions"}],"wp:featuredmedia":[{"embeddable":true,"href":"https:\/\/sgpsolucoes.com.br\/site\/wp-json\/wp\/v2\/media\/10304"}],"wp:attachment":[{"href":"https:\/\/sgpsolucoes.com.br\/site\/wp-json\/wp\/v2\/media?parent=10302"}],"wp:term":[{"taxonomy":"category","embeddable":true,"href":"https:\/\/sgpsolucoes.com.br\/site\/wp-json\/wp\/v2\/categories?post=10302"},{"taxonomy":"post_tag","embeddable":true,"href":"https:\/\/sgpsolucoes.com.br\/site\/wp-json\/wp\/v2\/tags?post=10302"}],"curies":[{"name":"wp","href":"https:\/\/api.w.org\/{rel}","templated":true}]}}