{"id":10306,"date":"2025-04-11T18:22:49","date_gmt":"2025-04-11T21:22:49","guid":{"rendered":"https:\/\/sgpsolucoes.com.br\/site\/?p=10306"},"modified":"2025-04-11T18:22:51","modified_gmt":"2025-04-11T21:22:51","slug":"stf-afasta-exigencia-de-profissional-de-educacao-fisica-em-tempo-integral-em-atividades-recreativas-do-rs","status":"publish","type":"post","link":"https:\/\/sgpsolucoes.com.br\/site\/stf-afasta-exigencia-de-profissional-de-educacao-fisica-em-tempo-integral-em-atividades-recreativas-do-rs\/","title":{"rendered":"STF afasta exig\u00eancia de profissional de educa\u00e7\u00e3o f\u00edsica em tempo integral em atividades recreativas do RS"},"content":{"rendered":"<p><em><strong>Decis\u00e3o se deu no julgamento de a\u00e7\u00e3o contra lei estadual que ampliava as atividades exclusivas de profissionais da educa\u00e7\u00e3o f\u00edsica<\/strong><\/em><\/p><p>O Supremo Tribunal Federal (STF) afastou a exig\u00eancia de perman\u00eancia em tempo integral de profissionais de educa\u00e7\u00e3o f\u00edsica em estabelecimentos de pr\u00e1tica desportiva e atividade f\u00edsica do Rio Grande do Sul que n\u00e3o representem riscos excepcionais \u00e0 sa\u00fade e \u00e0 integridade f\u00edsica. A decis\u00e3o foi tomada na sess\u00e3o virtual encerrada em 4\/4, no julgamento da A\u00e7\u00e3o Direta de Inconstitucionalidade\u00a0<strong><a href=\"https:\/\/portal.stf.jus.br\/processos\/detalhe.asp?incidente=3856942\" target=\"_blank\" rel=\"noreferrer noopener\">(ADI) 4399<\/a><\/strong>, apresentada pela Confedera\u00e7\u00e3o Nacional de Servi\u00e7os (CNS).<\/p><p><img decoding=\"async\" src=\"https:\/\/noticias-stf-wp-prd.s3.sa-east-1.amazonaws.com\/wp-content\/uploads\/wpallimport\/uploads\/2025\/03\/18145220\/Fellipe-Sampaio-Revista-Suprema-4-scaled.jpg\" alt=\"A imagem mostra colunas de m\u00e1rmore curvadas, formando parte da estrutura arquitet\u00f4nica moderna da Fachada do STF.\"><em>Foto: Fellipe Sampaio\/STF<\/em><\/p><h5 class=\"wp-block-heading\"><strong>Tempo integral<\/strong><\/h5><p>O objeto de questionamento era o artigo 2\u00ba da Lei estadual 11.721\/2002, aplicada a academias, clubes e outros estabelecimentos que ofere\u00e7am atividades de gin\u00e1stica, lutas, muscula\u00e7\u00e3o, artes marciais, esportes e demais atividades f\u00edsico-desportiva-recreativas. O dispositivo prev\u00ea que, para que possam funcionar regularmente, esses locais devem ter registro no Conselho Regional de Educa\u00e7\u00e3o F\u00edsica do Estado do Rio Grande do Sul (CREF-RS) e manter em tempo integral profissionais de educa\u00e7\u00e3o f\u00edsica devidamente registrados no \u00f3rg\u00e3o.<\/p><p>Na a\u00e7\u00e3o, a CNS argumentava, entre outros pontos, que as normas tratam de exerc\u00edcio profissional e direito do trabalho, mat\u00e9rias de compet\u00eancia privativa da Uni\u00e3o.<\/p><h5 class=\"wp-block-heading\"><strong>Lei federal<\/strong><\/h5><p>No voto que prevaleceu no julgamento, o ministro Fl\u00e1vio Dino afirmou que as exig\u00eancias apenas d\u00e3o efetividade \u00e0s leis federais sobre o tema, como a que regulamenta a profiss\u00e3o de educador f\u00edsico. Contudo, a seu ver, a norma estadual adotou uma reda\u00e7\u00e3o excessivamente ampla.<\/p><p>Segundo Dino, a supervis\u00e3o profissional imposta na legisla\u00e7\u00e3o federal destina-se apenas a estabelecimentos cujas atividades envolvam, por sua pr\u00f3pria natureza, riscos \u00e0 sa\u00fade, \u00e0 integridade f\u00edsica ou \u00e0 seguran\u00e7a pessoal dos praticantes.<\/p><p>J\u00e1 as atividades de natureza exclusivamente l\u00fadica ou recreativa, voltadas \u00e0 divers\u00e3o, \u00e0 socializa\u00e7\u00e3o e ao lazer e que n\u00e3o oferecem riscos excepcionais \u00e0 sa\u00fade n\u00e3o se submetem a exig\u00eancias de registro profissional ou de supervis\u00e3o especializada. Isso, para o ministro, violaria as liberdades individuais e coletivas, o direito social ao lazer e \u00e0 pr\u00e1tica desportiva e, ainda, os princ\u00edpios da livre iniciativa e da liberdade de exerc\u00edcio de atividades econ\u00f4micas.<\/p><h5 class=\"wp-block-heading\"><strong>Consumidores<\/strong><\/h5><p>Ficaram vencidos os ministros Nunes Marques (relator), Cristiano Zanin e Edson Fachin. Para Nunes Marques, a norma apenas cria mecanismos para dar efetividade \u00e0 lei federal no territ\u00f3rio ga\u00facho, visando resguardar a sa\u00fade dos consumidores.<\/p><p><strong>Fonte: STF<\/strong><\/p>\n    <div class=\"xs_social_share_widget xs_share_url after_content \t\tmain_content  wslu-style-1 wslu-share-box-shaped wslu-fill-colored wslu-none wslu-share-horizontal wslu-theme-font-no wslu-main_content\">\n\n\t\t\n        <ul>\n\t\t\t        <\/ul>\n    <\/div> \n","protected":false},"excerpt":{"rendered":"<p>O Supremo Tribunal Federal (STF) afastou a exig\u00eancia de perman\u00eancia em tempo integral de profissionais de educa\u00e7\u00e3o f\u00edsica em estabelecimentos de pr\u00e1tica desportiva e atividade f\u00edsica do Rio Grande do Sul que n\u00e3o representem riscos excepcionais \u00e0 sa\u00fade e \u00e0 integridade f\u00edsica. A decis\u00e3o foi tomada na sess\u00e3o virtual encerrada em 4\/4, no julgamento da A\u00e7\u00e3o Direta de Inconstitucionalidade\u00a0(ADI) 4399, apresentada pela Confedera\u00e7\u00e3o Nacional de Servi\u00e7os (CNS).<\/p>\n","protected":false},"author":5,"featured_media":10307,"comment_status":"open","ping_status":"open","sticky":false,"template":"","format":"standard","meta":{"postBodyCss":"","postBodyMargin":[],"postBodyPadding":[],"postBodyBackground":{"backgroundType":"classic","gradient":""},"_price":"","_stock":"","_tribe_ticket_header":"","_tribe_default_ticket_provider":"","_tribe_ticket_capacity":"0","_ticket_start_date":"","_ticket_end_date":"","_tribe_ticket_show_description":"","_tribe_ticket_show_not_going":false,"_tribe_ticket_use_global_stock":"","_tribe_ticket_global_stock_level":"","_global_stock_mode":"","_global_stock_cap":"","_tribe_rsvp_for_event":"","_tribe_ticket_going_count":"","_tribe_ticket_not_going_count":"","_tribe_tickets_list":"[]","_tribe_ticket_has_attendee_info_fields":false,"footnotes":""},"categories":[46],"tags":[3793,1054,8775,8776,8774,8770,1410,8777,1461,8773,7019,8771,8772,8768,2165,8778,4782,347,348,8769],"class_list":["post-10306","post","type-post","status-publish","format-standard","has-post-thumbnail","hentry","category-noticias","tag-acao","tag-acao-direta-de-inconstitucionalidade","tag-adi-4399","tag-atividade-fisica","tag-atividades-exclusivas-de-profissionais-da-educacao-fisica","tag-atividades-recreativas","tag-cns","tag-confederacao-nacional-de-servicos","tag-decisao","tag-educacao-fisica","tag-lei-estadual","tag-pratica-desportiva","tag-profissionais-de-educacao-fisica","tag-profissional-de-educacao-fisica","tag-rio-grande-do-sul","tag-riscos-a-integridade-fisica","tag-riscos-a-saude","tag-stf","tag-supremo-tribunal-federal","tag-tempo-integral"],"acf":[],"_links":{"self":[{"href":"https:\/\/sgpsolucoes.com.br\/site\/wp-json\/wp\/v2\/posts\/10306"}],"collection":[{"href":"https:\/\/sgpsolucoes.com.br\/site\/wp-json\/wp\/v2\/posts"}],"about":[{"href":"https:\/\/sgpsolucoes.com.br\/site\/wp-json\/wp\/v2\/types\/post"}],"author":[{"embeddable":true,"href":"https:\/\/sgpsolucoes.com.br\/site\/wp-json\/wp\/v2\/users\/5"}],"replies":[{"embeddable":true,"href":"https:\/\/sgpsolucoes.com.br\/site\/wp-json\/wp\/v2\/comments?post=10306"}],"version-history":[{"count":0,"href":"https:\/\/sgpsolucoes.com.br\/site\/wp-json\/wp\/v2\/posts\/10306\/revisions"}],"wp:featuredmedia":[{"embeddable":true,"href":"https:\/\/sgpsolucoes.com.br\/site\/wp-json\/wp\/v2\/media\/10307"}],"wp:attachment":[{"href":"https:\/\/sgpsolucoes.com.br\/site\/wp-json\/wp\/v2\/media?parent=10306"}],"wp:term":[{"taxonomy":"category","embeddable":true,"href":"https:\/\/sgpsolucoes.com.br\/site\/wp-json\/wp\/v2\/categories?post=10306"},{"taxonomy":"post_tag","embeddable":true,"href":"https:\/\/sgpsolucoes.com.br\/site\/wp-json\/wp\/v2\/tags?post=10306"}],"curies":[{"name":"wp","href":"https:\/\/api.w.org\/{rel}","templated":true}]}}