{"id":10320,"date":"2025-04-14T14:37:09","date_gmt":"2025-04-14T17:37:09","guid":{"rendered":"https:\/\/sgpsolucoes.com.br\/site\/?p=10320"},"modified":"2025-04-14T14:37:10","modified_gmt":"2025-04-14T17:37:10","slug":"1a-camara-do-tce-es-julga-irregulares-as-contas-do-instituto-de-previdencia-do-municipio-de-ibiracu-e-aplica-multa-a-gestora","status":"publish","type":"post","link":"https:\/\/sgpsolucoes.com.br\/site\/1a-camara-do-tce-es-julga-irregulares-as-contas-do-instituto-de-previdencia-do-municipio-de-ibiracu-e-aplica-multa-a-gestora\/","title":{"rendered":"1\u00aa C\u00e2mara do TCE-ES julga irregulares as contas do Instituto de Previd\u00eancia do munic\u00edpio de Ibira\u00e7u e aplica multa \u00e0 gestora"},"content":{"rendered":"<p>A\u00a0<mark><mark style=\"background-color:#ffffff\" class=\"has-inline-color\">presta\u00e7\u00e3o de contas anual<\/mark><\/mark>\u00a0do\u00a0<mark><mark style=\"background-color:#ffffff\" class=\"has-inline-color\">Instituto de Previd\u00eancia Social dos Servidores do Munic\u00edpio de Ibira\u00e7u (IPRESI)<\/mark><\/mark>\u00a0de\u00a0<mark><mark style=\"background-color:#ffffff\" class=\"has-inline-color\">2023<\/mark><\/mark>\u00a0foi julgada\u00a0<mark><mark style=\"background-color:#ffffff\" class=\"has-inline-color\">irregular<\/mark><\/mark>\u00a0pela 1\u00aa C\u00e2mara do TCE-ES, na sess\u00e3o virtual de 4 de abril. Ap\u00f3s an\u00e1lise, o colegiado entendeu que houve\u00a0<mark><mark style=\"background-color:#ffffff\" class=\"has-inline-color\">irregularidades e impropriedades<\/mark><\/mark>\u00a0nas\u00a0<mark><mark style=\"background-color:#ffffff\" class=\"has-inline-color\">demonstra\u00e7\u00f5es cont\u00e1beis<\/mark><\/mark>\u00a0e na\u00a0<mark><mark style=\"background-color:#ffffff\" class=\"has-inline-color\">gest\u00e3o dos recursos<\/mark><\/mark>\u00a0da entidade, representada naquele ano pela diretora-presidente Eliziara Delunardo da Silva.\u00a0\u00a0<\/p><p>O tribunal tamb\u00e9m decidiu aplicar\u00a0<mark><mark style=\"background-color:#ffffff\" class=\"has-inline-color\">multa<\/mark><\/mark>\u00a0\u00e0 ent\u00e3o gestora\u00a0<mark><mark style=\"background-color:#ffffff\" class=\"has-inline-color\">no valor de R$ 6.678,00,<\/mark><\/mark>\u00a0por sua responsabilidade nas\u00a0<mark><mark style=\"background-color:#ffffff\" class=\"has-inline-color\">infra\u00e7\u00f5es<\/mark><\/mark>\u00a0identificadas, como o erro no reconhecimento das provis\u00f5es matem\u00e1ticas previdenci\u00e1rias e os gastos administrativos superiores ao limite legal.\u00a0<\/p><p>Na presta\u00e7\u00e3o de contas, o tribunal avaliou se as demonstra\u00e7\u00f5es cont\u00e1beis da entidade apresentadas representavam, adequadamente, a sua posi\u00e7\u00e3o financeira, or\u00e7ament\u00e1ria e patrimonial, na data de encerramento do exerc\u00edcio. E referente \u00e0 gest\u00e3o dos recursos, o objetivo foi opinar se os dinheiros, bens e valores p\u00fablicos sob a administra\u00e7\u00e3o dos ordenadores de despesas foram geridos em conformidade com os princ\u00edpios da legalidade, legitimidade, economicidade, efetividade e razoabilidade.&nbsp;<\/p><p>Em seu voto, o relator do processo,\u00a0<mark><mark style=\"background-color:#ffffff\" class=\"has-inline-color\">conselheiro substituto Donato Volkers,<\/mark><\/mark>\u00a0constatou a ocorr\u00eancia de infra\u00e7\u00f5es legais e regulamentares. A primeira delas, referiu-se \u00e0\u00a0<mark><mark style=\"background-color:#ffffff\" class=\"has-inline-color\">defici\u00eancia no registro patrimonial de aporte peri\u00f3dico destinado \u00e0 amortiza\u00e7\u00e3o do d\u00e9ficit atuarial.\u00a0<\/mark><\/mark>\u00a0<\/p><p>Segundo a an\u00e1lise, o demonstrativo cont\u00e9m distor\u00e7\u00e3o por superavalia\u00e7\u00e3o dos valores divulgados de contribui\u00e7\u00f5es sociais e subavalia\u00e7\u00e3o dos valores divulgados de transfer\u00eancias intragovernamentais, decorrente de classifica\u00e7\u00e3o cont\u00e1bil equivocada do valor de R$ 2.954.966,27, violando normas legais. Observou-se que a demonstra\u00e7\u00e3o das varia\u00e7\u00f5es patrimoniais n\u00e3o era fidedigna e, em consequ\u00eancia, as demonstra\u00e7\u00f5es cont\u00e1beis n\u00e3o apresentam adequadamente o desempenho da entidade, o que significou grave infra\u00e7\u00e3o \u00e0s normas legais.&nbsp;&nbsp;<\/p><p>A segunda infra\u00e7\u00e3o foi o\u00a0<mark><mark style=\"background-color:#ffffff\" class=\"has-inline-color\">erro no reconhecimento das provis\u00f5es matem\u00e1ticas previdenci\u00e1rias.<\/mark><\/mark>\u00a0Na presta\u00e7\u00e3o de contas foi identificada distor\u00e7\u00e3o relevante no balan\u00e7o patrimonial da entidade, por subavalia\u00e7\u00e3o das provis\u00f5es matem\u00e1ticas previdenci\u00e1rias e, em consequ\u00eancia, do passivo total em R$ 76.181.809,90, equivalentes a 56,71% do valor total do passivo, o que tamb\u00e9m representou infra\u00e7\u00e3o.\u00a0\u00a0<\/p><p>Ainda, a an\u00e1lise da PCA concluiu ter havido\u00a0<mark><mark style=\"background-color:#ffffff\" class=\"has-inline-color\">gastos administrativos superiores ao limite legal.<\/mark><\/mark>\u00a0Conforme lei municipal, o valor anual da taxa de administra\u00e7\u00e3o ser\u00e1 de 2% do valor total da remunera\u00e7\u00e3o e proventos e pens\u00f5es pagas aos segurados e dependentes do IPRESI no exerc\u00edcio financeiro anterior.\u00a0\u00a0<\/p><p>A unidade t\u00e9cnica apurou que os gastos administrativos extrapolaram o limite de gastos fixado em lei municipal em R$ 166.957,84. Adicionalmente, a unidade t\u00e9cnica registrou que o munic\u00edpio realizou aporte para cobertura de insufici\u00eancia financeira dos gastos administrativos, no valor de R$ 89.154,70.&nbsp;<\/p><p>\u201cDessa maneira, devia a ordenadora de despesas ter adotado as provid\u00eancias administrativas necess\u00e1rias \u00e0 compatibiliza\u00e7\u00e3o dos gastos administrativos do RPPS com o limite legal estipulado, inclusive com o corte de custeio, a redu\u00e7\u00e3o de despesas com pessoal e a posterga\u00e7\u00e3o de investimentos. No entanto, verifica-se que ocorreu o contr\u00e1rio, pois, no exerc\u00edcio de 2023, as despesas administrativas da entidade cresceram 30,85% em rela\u00e7\u00e3o ao exerc\u00edcio anterior, 2022\u201d, esclareceu o relator.&nbsp;&nbsp;<\/p><p>Por fim, a diretora-presidente tamb\u00e9m foi responsabilizada pela impropriedade da altera\u00e7\u00e3o indevida da classifica\u00e7\u00e3o da fonte de recursos de despesa com pessoal.&nbsp;&nbsp;<\/p><p>Com isso, al\u00e9m das contas julgadas irregulares, sofreu a aplica\u00e7\u00e3o de multa no valor de R$ 6.678,00. O prefeito de Ibira\u00e7u o atual diretor-presidente do IPRESI receberam a\u00a0<mark><mark style=\"background-color:#ffffff\" class=\"has-inline-color\">determina\u00e7\u00e3o<\/mark><\/mark><mark style=\"background-color:#ffffff\" class=\"has-inline-color\">\u00a0<\/mark>para comprovarem ao TCE-ES, em 30 dias, que adotaram as provid\u00eancias necess\u00e1rias \u00e0 realiza\u00e7\u00e3o de aporte para a cobertura de insufici\u00eancia financeira decorrente do excesso de gastos administrativos, no valor de R$ 5.095,37, acrescidos de atualiza\u00e7\u00e3o e juros, tendo como limite m\u00ednimo a meta atuarial.\u00a0\u00a0<\/p><p><strong><a href=\"https:\/\/www.tcees.tc.br\/consultas\/processo\/detalhar-processo?numero=4217&amp;ano=2024&amp;key=8bfb4b623fa117c43b5cae9ab3a2d49b462fdc6ae75047189c42c054881789ce504f4b89bb515fd914589c6f54a7006d290596caecfe821150ba8f8579937f76\" target=\"_blank\" rel=\"noreferrer noopener\">Processo TC 4217\/2024<\/a><\/strong><\/p><figure class=\"wp-block-table\"><table class=\"has-fixed-layout\"><tbody><tr><td><strong>Resumo em t\u00f3picos \u00a0 <\/strong><br><br><strong>Irregulares:\u00a0<\/strong>A 1\u00aa C\u00e2mara do Tribunal de Contas do Estado do Esp\u00edrito Santo (TCE-ES) julgou irregulares as contas de 2023 do Instituto de Previd\u00eancia Social dos Servidores do Munic\u00edpio de Ibira\u00e7u (IPRESI). \u00a0 <br><br><strong>An\u00e1lise:\u00a0<\/strong>A decis\u00e3o foi tomada durante sess\u00e3o virtual realizada em 4 de abril de 2025, ap\u00f3s an\u00e1lise das demonstra\u00e7\u00f5es cont\u00e1beis e da gest\u00e3o dos recursos da entidade. <strong>\u00a0<\/strong> <br><br><strong>Irregularidades:\u00a0<\/strong>Foram constatadas irregularidades e impropriedades nas demonstra\u00e7\u00f5es cont\u00e1beis e na administra\u00e7\u00e3o financeira do IPRESI. Foram elas a defici\u00eancia no registro patrimonial de aporte peri\u00f3dico destinado \u00e0 amortiza\u00e7\u00e3o do d\u00e9ficit atuarial; o erro no reconhecimento das provis\u00f5es matem\u00e1ticas previdenci\u00e1rias, e gastos administrativos superiores ao limite legal. <strong>\u00a0<\/strong> <br><br><strong>Responsabiliza\u00e7\u00e3o:\u00a0<\/strong>A diretora-presidente do IPRESI em 2023, Eliziara Delunardo da Silva, foi considerada respons\u00e1vel pelas falhas na gest\u00e3o. <strong>\u00a0<\/strong> <br><br><strong>Aplica\u00e7\u00e3o de Multa:\u00a0<\/strong>Como consequ\u00eancia, o TCE-ES aplicou uma multa \u00e0 gestora no valor de R$ 6.678,00.<\/td><\/tr><\/tbody><\/table><\/figure><p><strong>Fonte: <\/strong><strong>TCE-ES<\/strong><\/p>\n    <div class=\"xs_social_share_widget xs_share_url after_content \t\tmain_content  wslu-style-1 wslu-share-box-shaped wslu-fill-colored wslu-none wslu-share-horizontal wslu-theme-font-no wslu-main_content\">\n\n\t\t\n        <ul>\n\t\t\t        <\/ul>\n    <\/div> \n","protected":false},"excerpt":{"rendered":"<p>A\u00a0presta\u00e7\u00e3o de contas anual\u00a0do\u00a0Instituto de Previd\u00eancia Social dos Servidores do Munic\u00edpio de Ibira\u00e7u (IPRESI)\u00a0de\u00a02023\u00a0foi julgada\u00a0irregular\u00a0pela 1\u00aa C\u00e2mara do TCE-ES, na sess\u00e3o virtual de 4 de abril. Ap\u00f3s an\u00e1lise, o colegiado entendeu que houve\u00a0irregularidades e impropriedades\u00a0nas\u00a0demonstra\u00e7\u00f5es cont\u00e1beis\u00a0e na\u00a0gest\u00e3o dos recursos\u00a0da entidade, representada naquele ano pela diretora-presidente Eliziara Delunardo da Silva.\u00a0\u00a0<\/p>\n","protected":false},"author":5,"featured_media":10321,"comment_status":"open","ping_status":"open","sticky":false,"template":"","format":"standard","meta":{"postBodyCss":"","postBodyMargin":[],"postBodyPadding":[],"postBodyBackground":{"backgroundType":"classic","gradient":""},"_price":"","_stock":"","_tribe_ticket_header":"","_tribe_default_ticket_provider":"","_tribe_ticket_capacity":"0","_ticket_start_date":"","_ticket_end_date":"","_tribe_ticket_show_description":"","_tribe_ticket_show_not_going":false,"_tribe_ticket_use_global_stock":"","_tribe_ticket_global_stock_level":"","_global_stock_mode":"","_global_stock_cap":"","_tribe_rsvp_for_event":"","_tribe_ticket_going_count":"","_tribe_ticket_not_going_count":"","_tribe_tickets_list":"[]","_tribe_ticket_has_attendee_info_fields":false,"footnotes":""},"categories":[46],"tags":[7610,3688,1338,8827,8828,3214,8829,8824,8826,8825,1304,291,8823,4849,4702],"class_list":["post-10320","post","type-post","status-publish","format-standard","has-post-thumbnail","hentry","category-noticias","tag-1a-camara","tag-3688","tag-contas","tag-demonstracoes-contabeis","tag-gestao-dos-recursos","tag-gestora","tag-impropriedades","tag-instituto-de-previdencia","tag-instituto-de-previdencia-social-dos-servidores-do-municipio-de-ibiracu","tag-ipresi","tag-irregulares","tag-multa","tag-municipio-de-ibiracu","tag-prestacao-de-contas-anual","tag-tce-es"],"acf":[],"_links":{"self":[{"href":"https:\/\/sgpsolucoes.com.br\/site\/wp-json\/wp\/v2\/posts\/10320"}],"collection":[{"href":"https:\/\/sgpsolucoes.com.br\/site\/wp-json\/wp\/v2\/posts"}],"about":[{"href":"https:\/\/sgpsolucoes.com.br\/site\/wp-json\/wp\/v2\/types\/post"}],"author":[{"embeddable":true,"href":"https:\/\/sgpsolucoes.com.br\/site\/wp-json\/wp\/v2\/users\/5"}],"replies":[{"embeddable":true,"href":"https:\/\/sgpsolucoes.com.br\/site\/wp-json\/wp\/v2\/comments?post=10320"}],"version-history":[{"count":0,"href":"https:\/\/sgpsolucoes.com.br\/site\/wp-json\/wp\/v2\/posts\/10320\/revisions"}],"wp:featuredmedia":[{"embeddable":true,"href":"https:\/\/sgpsolucoes.com.br\/site\/wp-json\/wp\/v2\/media\/10321"}],"wp:attachment":[{"href":"https:\/\/sgpsolucoes.com.br\/site\/wp-json\/wp\/v2\/media?parent=10320"}],"wp:term":[{"taxonomy":"category","embeddable":true,"href":"https:\/\/sgpsolucoes.com.br\/site\/wp-json\/wp\/v2\/categories?post=10320"},{"taxonomy":"post_tag","embeddable":true,"href":"https:\/\/sgpsolucoes.com.br\/site\/wp-json\/wp\/v2\/tags?post=10320"}],"curies":[{"name":"wp","href":"https:\/\/api.w.org\/{rel}","templated":true}]}}