{"id":10323,"date":"2025-04-14T14:44:31","date_gmt":"2025-04-14T17:44:31","guid":{"rendered":"https:\/\/sgpsolucoes.com.br\/site\/?p=10323"},"modified":"2025-04-14T14:44:32","modified_gmt":"2025-04-14T17:44:32","slug":"sesp-pr-deve-comprovar-correcao-de-falhas-sanitarias-no-preparo-de-refeicoes-de-presos","status":"publish","type":"post","link":"https:\/\/sgpsolucoes.com.br\/site\/sesp-pr-deve-comprovar-correcao-de-falhas-sanitarias-no-preparo-de-refeicoes-de-presos\/","title":{"rendered":"Sesp-PR deve comprovar corre\u00e7\u00e3o de falhas sanit\u00e1rias no preparo de refei\u00e7\u00f5es de presos"},"content":{"rendered":"<p>A Secretaria de Estado da Seguran\u00e7a P\u00fablica (Sesp-PR) deve cumprir, no prazo de 30 dias, tr\u00eas determina\u00e7\u00f5es emitidas pelo Pleno do Tribunal de Contas do Paran\u00e1 (TCE-PR) para comprovar a corre\u00e7\u00e3o de falhas, inclusive sanit\u00e1rias, na execu\u00e7\u00e3o do contrato emergencial firmado em 2023 entre a pasta e a empresa Bom Sabor Alimenta\u00e7\u00e3o para fornecer refei\u00e7\u00f5es aos presos alocados na Casa de Cust\u00f3dia de Curitiba, Casa de Cust\u00f3dia de S\u00e3o Jos\u00e9 dos Pinhais e Penitenci\u00e1ria de Integra\u00e7\u00e3o Social de Piraquara.<\/p><p>A decis\u00e3o foi tomada pelos conselheiros ao darem parcial provimento a Representa\u00e7\u00e3o da Lei de Licita\u00e7\u00f5es apresentada pela Risotol\u00e2ndia Ind\u00fastria e Com\u00e9rcio de Alimentos Ltda., por meio da qual a empresa apontou para a exist\u00eancia de irregularidades no procedimento de contrata\u00e7\u00e3o direta por dispensa de licita\u00e7\u00e3o que resultou na celebra\u00e7\u00e3o do referido contrato.<\/p><p><strong>Falhas sanit\u00e1rias<\/strong><\/p><p>Em primeiro lugar, foi julgado procedente o item relativo \u00e0 exist\u00eancia de falhas sanit\u00e1rias na execu\u00e7\u00e3o do objeto contratado, conforme atestado pelo Departamento de Pol\u00edcia Penal do Paran\u00e1 (Deppen-PR) durante vistoria \u00e0s instala\u00e7\u00f5es f\u00edsicas da Bom Sabor Alimenta\u00e7\u00e3o.<\/p><p>Entre elas, est\u00e3o a inadequa\u00e7\u00e3o das instala\u00e7\u00f5es f\u00edsicas da contratada para conten\u00e7\u00e3o de vetores transmissores de doen\u00e7as e pragas urbanas; pisos com problemas que dificultam a higieniza\u00e7\u00e3o; colaboradores sem os devidos vestu\u00e1rios e equipamento de prote\u00e7\u00e3o individual; sujeira na \u00e1rea externa capaz de contaminar o ambiente interno da edifica\u00e7\u00e3o; e ve\u00edculos voltados ao transporte de alimentos sem condi\u00e7\u00f5es de uso.<\/p><p>Diante disso, foi determinado que a Sesp-PR encaminhe, no prazo previsto, documenta\u00e7\u00e3o que comprove o saneamento, por parte da empresa, das impropriedades higi\u00eanico-sanit\u00e1rias constatadas pelo Deppen-PR, incluindo os resultados e as conclus\u00f5es dos protocolos administrativos instaurados para acompanhar e apurar a quest\u00e3o no \u00e2mbito da secretaria.<\/p><p><strong>Subcontrata\u00e7\u00e3o<\/strong><\/p><p>Ainda conforme a representante, a Bom Sabor Alimenta\u00e7\u00e3o estaria descumprindo o contrato firmado com a pasta ao delegar a terceiros o servi\u00e7o de transporte dos alimentos j\u00e1 preparados at\u00e9 as unidades prisionais. Entre as cl\u00e1usulas do contrato, est\u00e1 a proibi\u00e7\u00e3o da subcontrata\u00e7\u00e3o de qualquer parte do servi\u00e7o, devendo a contratada dispor de ve\u00edculos apropriados para a entrega dos produtos.<\/p><p>Em raz\u00e3o dessa irregularidade, comprovada por meio da apresenta\u00e7\u00e3o de fotografias pela autora do processo, os conselheiros determinaram que a Sesp-PR comprove, dentro do prazo previsto, a instaura\u00e7\u00e3o de procedimento administrativo espec\u00edfico para apurar o ocorrido, com a aplica\u00e7\u00e3o, se for o caso, de medidas corretivas ou sancionat\u00f3rias apropriadas \u00e0 contratada. A pasta deve ainda informar ao Tribunal de Contas o prazo estimado para a conclus\u00e3o do processo administrativo.<\/p><p><strong>Decis\u00e3o<\/strong><\/p><p>Em seu voto, o relator do processo, conselheiro Ivan Bonilha, acompanhou a instru\u00e7\u00e3o da Sexta Inspetoria de Controle Externo (6\u00aa ICE) da Corte, que tem como superintentende o conselheiro Fabio Camargo, e o parecer do Minist\u00e9rio P\u00fablico de Contas (MPC-PR) a respeito do caso no que diz respeito \u00e0 parcial proced\u00eancia da Representa\u00e7\u00e3o da Lei de Licita\u00e7\u00f5es.<\/p><p>O voto do relator foi acompanhado, de forma un\u00e2nime, pelos demais membros do \u00f3rg\u00e3o colegiado do TCE-PR na Sess\u00e3o de Plen\u00e1rio Virtual n\u00ba 5\/2025, conclu\u00edda em 27 de mar\u00e7o. Cabe recurso contra o Ac\u00f3rd\u00e3o n\u00ba 676\/25 &#8211; Tribunal Pleno, publicado no dia 7 de abril, na&nbsp;<a href=\"https:\/\/www1.tce.pr.gov.br\/conteudo\/diario-eletronico-3419-2025-de-7-de-abril-de-2025\/362152\/area\/10\">edi\u00e7\u00e3o n\u00ba 3.419 do Di\u00e1rio Eletr\u00f4nico do TCE-PR<\/a>.<\/p><p><strong><u>Servi\u00e7o<\/u><\/strong><\/p><figure class=\"wp-block-table\"><table class=\"has-fixed-layout\"><tbody><tr><td><strong>Processo<\/strong>&nbsp;<strong>n\u00ba<\/strong>:<\/td><td>34903\/24<\/td><\/tr><tr><td><strong>Ac\u00f3rd\u00e3o n\u00ba:<\/strong><\/td><td>676\/25 &#8211; Tribunal Pleno<\/td><\/tr><tr><td><strong>Assunto<\/strong>:<\/td><td>Representa\u00e7\u00e3o da Lei de Licita\u00e7\u00f5es<\/td><\/tr><tr><td><strong>Entidade<\/strong>:<\/td><td>Secretaria de Estado da Seguran\u00e7a P\u00fablica<\/td><\/tr><tr><td><strong>Interessados:<\/strong><\/td><td>Hudson Leoncio Teixeira, Risotol\u00e2ndia Ind\u00fastria e Com\u00e9rcio de Alimentos Ltda., Telma Bussmann Vilas Boas e Telma Bussmann Vilas Boas Servi\u00e7o de Alimenta\u00e7\u00e3o Ltda.<\/td><\/tr><tr><td><strong>Relator<\/strong>:<\/td><td>Conselheiro Ivan Lelis Bonilha<\/td><\/tr><\/tbody><\/table><\/figure><p><strong>Fonte:\u00a0TCE\/PR<\/strong><\/p>\n    <div class=\"xs_social_share_widget xs_share_url after_content \t\tmain_content  wslu-style-1 wslu-share-box-shaped wslu-fill-colored wslu-none wslu-share-horizontal wslu-theme-font-no wslu-main_content\">\n\n\t\t\n        <ul>\n\t\t\t        <\/ul>\n    <\/div> \n","protected":false},"excerpt":{"rendered":"<p>A Secretaria de Estado da Seguran\u00e7a P\u00fablica (Sesp-PR) deve cumprir, no prazo de 30 dias, tr\u00eas determina\u00e7\u00f5es emitidas pelo Pleno do Tribunal de Contas do Paran\u00e1 (TCE-PR) para comprovar a corre\u00e7\u00e3o de falhas, inclusive sanit\u00e1rias, na execu\u00e7\u00e3o do contrato emergencial firmado em 2023 entre a pasta e a empresa Bom Sabor Alimenta\u00e7\u00e3o para fornecer refei\u00e7\u00f5es aos presos alocados na Casa de Cust\u00f3dia de Curitiba, Casa de Cust\u00f3dia de S\u00e3o Jos\u00e9 dos Pinhais e Penitenci\u00e1ria de Integra\u00e7\u00e3o Social de Piraquara.<\/p>\n","protected":false},"author":5,"featured_media":10324,"comment_status":"open","ping_status":"open","sticky":false,"template":"","format":"standard","meta":{"postBodyCss":"","postBodyMargin":[],"postBodyPadding":[],"postBodyBackground":{"backgroundType":"classic","gradient":""},"_price":"","_stock":"","_tribe_ticket_header":"","_tribe_default_ticket_provider":"","_tribe_ticket_capacity":"0","_ticket_start_date":"","_ticket_end_date":"","_tribe_ticket_show_description":"","_tribe_ticket_show_not_going":false,"_tribe_ticket_use_global_stock":"","_tribe_ticket_global_stock_level":"","_global_stock_mode":"","_global_stock_cap":"","_tribe_rsvp_for_event":"","_tribe_ticket_going_count":"","_tribe_ticket_not_going_count":"","_tribe_tickets_list":"[]","_tribe_ticket_has_attendee_info_fields":false,"footnotes":""},"categories":[46],"tags":[8835,8838,8840,151,8836,8834,8830,7226,4879,218,8837,1199,8831,8839,8841,717,8833,7372,6960,354,8832],"class_list":["post-10323","post","type-post","status-publish","format-standard","has-post-thumbnail","hentry","category-noticias","tag-bom-sabor-alimentacao","tag-casa-de-custodia-de-curitiba","tag-casa-de-custodia-de-sao-jose-dos-pinhais","tag-contratacao-direta","tag-contrato-emergencial","tag-correcao-de-falhas","tag-correcao-de-falhas-sanitarias","tag-determinacoes","tag-dispensa-de-licitacao","tag-lei-de-licitacoes","tag-penitenciaria-de-integracao-social-de-piraquara","tag-pleno","tag-preparo-de-refeicoes-de-presos","tag-presos","tag-refeicoes","tag-representacao","tag-sanitarias","tag-secretaria-de-estado-da-seguranca-publica","tag-sesp-pr","tag-tce-pr","tag-tribunal-de-contas-do-parana"],"acf":[],"_links":{"self":[{"href":"https:\/\/sgpsolucoes.com.br\/site\/wp-json\/wp\/v2\/posts\/10323"}],"collection":[{"href":"https:\/\/sgpsolucoes.com.br\/site\/wp-json\/wp\/v2\/posts"}],"about":[{"href":"https:\/\/sgpsolucoes.com.br\/site\/wp-json\/wp\/v2\/types\/post"}],"author":[{"embeddable":true,"href":"https:\/\/sgpsolucoes.com.br\/site\/wp-json\/wp\/v2\/users\/5"}],"replies":[{"embeddable":true,"href":"https:\/\/sgpsolucoes.com.br\/site\/wp-json\/wp\/v2\/comments?post=10323"}],"version-history":[{"count":0,"href":"https:\/\/sgpsolucoes.com.br\/site\/wp-json\/wp\/v2\/posts\/10323\/revisions"}],"wp:featuredmedia":[{"embeddable":true,"href":"https:\/\/sgpsolucoes.com.br\/site\/wp-json\/wp\/v2\/media\/10324"}],"wp:attachment":[{"href":"https:\/\/sgpsolucoes.com.br\/site\/wp-json\/wp\/v2\/media?parent=10323"}],"wp:term":[{"taxonomy":"category","embeddable":true,"href":"https:\/\/sgpsolucoes.com.br\/site\/wp-json\/wp\/v2\/categories?post=10323"},{"taxonomy":"post_tag","embeddable":true,"href":"https:\/\/sgpsolucoes.com.br\/site\/wp-json\/wp\/v2\/tags?post=10323"}],"curies":[{"name":"wp","href":"https:\/\/api.w.org\/{rel}","templated":true}]}}