{"id":10330,"date":"2025-04-14T15:09:57","date_gmt":"2025-04-14T18:09:57","guid":{"rendered":"https:\/\/sgpsolucoes.com.br\/site\/?p=10330"},"modified":"2025-04-14T15:09:58","modified_gmt":"2025-04-14T18:09:58","slug":"trf5-condena-ex-prefeito-que-desviou-recursos-destinados-ao-programa-educacao-de-jovens-e-adultos","status":"publish","type":"post","link":"https:\/\/sgpsolucoes.com.br\/site\/trf5-condena-ex-prefeito-que-desviou-recursos-destinados-ao-programa-educacao-de-jovens-e-adultos\/","title":{"rendered":"TRF5 condena ex-prefeito que desviou recursos destinados ao programa \u201cEduca\u00e7\u00e3o de Jovens e Adultos\u201d"},"content":{"rendered":"<p><a href=\"javascript:ampliarImagem();\"><\/a><em><strong>Entre as acusa\u00e7\u00f5es est\u00e1 a contrata\u00e7\u00e3o de professores \u201cfantasmas\u201d<\/strong><\/em><\/p><p>Acolhendo apela\u00e7\u00e3o do Minist\u00e9rio P\u00fablico Federal (MPF), a Quinta Turma do Tribunal Regional Federal da 5\u00aa Regi\u00e3o \u2013 TRF5 condenou o ex-prefeito do munic\u00edpio de S\u00e3o Jos\u00e9 de Espinharas\/PB a uma pena de quatro anos e seis meses de reclus\u00e3o, em regime inicial semiaberto, e \u00e0 inabilita\u00e7\u00e3o para exercer cargo p\u00fablico por cinco anos, pelo crime de desvio de verba p\u00fablica, previsto no Artigo 1\u00ba, inciso I, do Decreto-Lei n\u00ba 201\/67, que trata da responsabilidade de prefeitos e vereadores. A decis\u00e3o reforma a senten\u00e7a da 14\u00aa Vara Federal da Para\u00edba, que absolveu o r\u00e9u por insufici\u00eancia de provas.<\/p><p>R.T.C. foi acusado de desviar recursos p\u00fablicos destinados ao Programa de Apoio \u00e0 Alfabetiza\u00e7\u00e3o e \u00e0 Educa\u00e7\u00e3o de Jovens e Adultos (EJA), atrav\u00e9s da contrata\u00e7\u00e3o da Funda\u00e7\u00e3o Allyrio Meira Wanderley e de professores &#8220;fantasmas&#8221;, por meio de fraude, al\u00e9m de ter efetuado pagamentos pessoalmente e diretamente ao representante da Funda\u00e7\u00e3o.&nbsp;<\/p><p>De acordo com o relator do processo, desembargador federal Francisco Alves, a materialidade do crime ficou demonstrada pelo pagamento de R$ 7 mil ao representante da Funda\u00e7\u00e3o Allyrio Meira Wanderley, sem a comprova\u00e7\u00e3o de uma suposta capacita\u00e7\u00e3o de professores contratados para lecionar no EJA.&nbsp;<\/p><p>Segundo o magistrado, documentos apontam a montagem do procedimento licitat\u00f3rio para conferir apar\u00eancia de legalidade \u00e0 contrata\u00e7\u00e3o. \u201cA inexist\u00eancia de comprova\u00e7\u00e3o da efetiva presta\u00e7\u00e3o dos servi\u00e7os contratados, aliada \u00e0 realiza\u00e7\u00e3o de pagamentos indevidos, constitui prova suficiente da materialidade do crime\u201d, afirmou Alves.<\/p><p>Quanto \u00e0 autoria do delito, o relator destacou que foi evidenciada pela atua\u00e7\u00e3o direta do ex-prefeito na contrata\u00e7\u00e3o fraudulenta da Funda\u00e7\u00e3o, sem conhecimento da Secret\u00e1ria de Educa\u00e7\u00e3o, e na autoriza\u00e7\u00e3o dos pagamentos, sem atesto da presta\u00e7\u00e3o dos servi\u00e7os.&nbsp;&nbsp;<\/p><p>\u201cO dolo do r\u00e9u, ora recorrente, est\u00e1 caracterizado pela instrumentaliza\u00e7\u00e3o da licita\u00e7\u00e3o para viabilizar o desvio dos recursos p\u00fablicos, dispensando formalidades essenciais e possibilitando o favorecimento indevido da Funda\u00e7\u00e3o e do seu dirigente, ainda mais, quando se sobressai a participa\u00e7\u00e3o ativa do gestor p\u00fablico na autoriza\u00e7\u00e3o de pagamentos indevidos sem comprova\u00e7\u00e3o de execu\u00e7\u00e3o do objeto contratual\u201d, concluiu Francisco Alves.<\/p><p>PROCESSO N\u00ba: 0800464-03.2021.4.05.8205<\/p><p><strong>Fonte: TRF5<\/strong><\/p>\n    <div class=\"xs_social_share_widget xs_share_url after_content \t\tmain_content  wslu-style-1 wslu-share-box-shaped wslu-fill-colored wslu-none wslu-share-horizontal wslu-theme-font-no wslu-main_content\">\n\n\t\t\n        <ul>\n\t\t\t        <\/ul>\n    <\/div> \n","protected":false},"excerpt":{"rendered":"<p>Acolhendo apela\u00e7\u00e3o do Minist\u00e9rio P\u00fablico Federal (MPF), a Quinta Turma do Tribunal Regional Federal da 5\u00aa Regi\u00e3o \u2013 TRF5 condenou o ex-prefeito do munic\u00edpio de S\u00e3o Jos\u00e9 de Espinharas\/PB a uma pena de quatro anos e seis meses de reclus\u00e3o, em regime inicial semiaberto, e \u00e0 inabilita\u00e7\u00e3o para exercer cargo p\u00fablico por cinco anos, pelo crime de desvio de verba p\u00fablica, previsto no Artigo 1\u00ba, inciso I, do Decreto-Lei n\u00ba 201\/67, que trata da responsabilidade de prefeitos e vereadores. A decis\u00e3o reforma a senten\u00e7a da 14\u00aa Vara Federal da Para\u00edba, que absolveu o r\u00e9u por insufici\u00eancia de provas.<\/p>\n","protected":false},"author":5,"featured_media":10331,"comment_status":"open","ping_status":"open","sticky":false,"template":"","format":"standard","meta":{"postBodyCss":"","postBodyMargin":[],"postBodyPadding":[],"postBodyBackground":{"backgroundType":"classic","gradient":""},"_price":"","_stock":"","_tribe_ticket_header":"","_tribe_default_ticket_provider":"","_tribe_ticket_capacity":"0","_ticket_start_date":"","_ticket_end_date":"","_tribe_ticket_show_description":"","_tribe_ticket_show_not_going":false,"_tribe_ticket_use_global_stock":"","_tribe_ticket_global_stock_level":"","_global_stock_mode":"","_global_stock_cap":"","_tribe_rsvp_for_event":"","_tribe_ticket_going_count":"","_tribe_ticket_not_going_count":"","_tribe_tickets_list":"[]","_tribe_ticket_has_attendee_info_fields":false,"footnotes":""},"categories":[46],"tags":[3467,5249,8853,8850,3212,494,3232,8851,4993,4992,8846,8845,8844,8847,8848,8849,8852,4685,4689],"class_list":["post-10330","post","type-post","status-publish","format-standard","has-post-thumbnail","hentry","category-noticias","tag-apelacao","tag-cargo-publico","tag-crime-de-desvio-de-verba-publica","tag-decreto-lei-no-201-67","tag-desvio-de-recursos","tag-ex-prefeito","tag-inabilitacao-2","tag-insuficiencia-de-provas","tag-ministerio-publico-federal","tag-mpf","tag-municipio-de-sao-jose-de-espinharas-pb","tag-professores-fantasmas","tag-programa-educacao-de-jovens-e-adultos","tag-quinta-turma","tag-reclusao","tag-regime-semiaberto","tag-responsabilidade-de-prefeitos-e-vereadores","tag-trf5","tag-tribunal-regional-federal-da-5a-regiao"],"acf":[],"_links":{"self":[{"href":"https:\/\/sgpsolucoes.com.br\/site\/wp-json\/wp\/v2\/posts\/10330"}],"collection":[{"href":"https:\/\/sgpsolucoes.com.br\/site\/wp-json\/wp\/v2\/posts"}],"about":[{"href":"https:\/\/sgpsolucoes.com.br\/site\/wp-json\/wp\/v2\/types\/post"}],"author":[{"embeddable":true,"href":"https:\/\/sgpsolucoes.com.br\/site\/wp-json\/wp\/v2\/users\/5"}],"replies":[{"embeddable":true,"href":"https:\/\/sgpsolucoes.com.br\/site\/wp-json\/wp\/v2\/comments?post=10330"}],"version-history":[{"count":0,"href":"https:\/\/sgpsolucoes.com.br\/site\/wp-json\/wp\/v2\/posts\/10330\/revisions"}],"wp:featuredmedia":[{"embeddable":true,"href":"https:\/\/sgpsolucoes.com.br\/site\/wp-json\/wp\/v2\/media\/10331"}],"wp:attachment":[{"href":"https:\/\/sgpsolucoes.com.br\/site\/wp-json\/wp\/v2\/media?parent=10330"}],"wp:term":[{"taxonomy":"category","embeddable":true,"href":"https:\/\/sgpsolucoes.com.br\/site\/wp-json\/wp\/v2\/categories?post=10330"},{"taxonomy":"post_tag","embeddable":true,"href":"https:\/\/sgpsolucoes.com.br\/site\/wp-json\/wp\/v2\/tags?post=10330"}],"curies":[{"name":"wp","href":"https:\/\/api.w.org\/{rel}","templated":true}]}}