{"id":10337,"date":"2025-04-14T19:46:08","date_gmt":"2025-04-14T22:46:08","guid":{"rendered":"https:\/\/sgpsolucoes.com.br\/site\/?p=10337"},"modified":"2025-04-14T19:46:09","modified_gmt":"2025-04-14T22:46:09","slug":"stf-mantem-decisao-que-impede-que-guarda-civil-de-sao-paulo-use-nome-de-policia-municipal","status":"publish","type":"post","link":"https:\/\/sgpsolucoes.com.br\/site\/stf-mantem-decisao-que-impede-que-guarda-civil-de-sao-paulo-use-nome-de-policia-municipal\/","title":{"rendered":"STF mant\u00e9m decis\u00e3o que impede que Guarda Civil de S\u00e3o Paulo use nome de \u201cPol\u00edcia Municipal\u201d"},"content":{"rendered":"<p><strong><em>Segundo ministro Fl\u00e1vio Dino, nomenclatura \u00e9 definida pela Constitui\u00e7\u00e3o Federal e deve ser respeitada pelos munic\u00edpios<\/em><\/strong><\/p><p>O ministro Fl\u00e1vio Dino, do Supremo Tribunal Federal (STF), manteve decis\u00e3o da Justi\u00e7a de S\u00e3o Paulo que suspendeu a mudan\u00e7a de nome da Guarda Civil Metropolitana para Pol\u00edcia Municipal de S\u00e3o Paulo. A decis\u00e3o individual rejeitou pedido da Federa\u00e7\u00e3o Nacional de Sindicatos de Guardas Municipais (Fenaguardas) na Argui\u00e7\u00e3o de Descumprimento de Preceito Fundamental&nbsp;<strong><a href=\"https:\/\/portal.stf.jus.br\/processos\/detalhe.asp?incidente=7209524\" target=\"_blank\" rel=\"noreferrer noopener\">(ADPF) 1214<\/a><\/strong>.<\/p><p>A altera\u00e7\u00e3o ocorreu em mar\u00e7o deste ano, e, numa a\u00e7\u00e3o direta de inconstitucionalidade estadual, o TJ-SP deferiu liminar para suspender o trecho da Lei Org\u00e2nica do Munic\u00edpio de S\u00e3o Paulo que admitia o uso do nome de Pol\u00edcia Municipal. Na ADPF, a Fenaguardas pretende cassar essa liminar, com o argumento de que a lei n\u00e3o exclui a nomenclatura original nem retira sua identidade institucional, mas apenas utiliza outra denomina\u00e7\u00e3o \u201csem desnaturar a institui\u00e7\u00e3o\u201d.<\/p><p>Ao negar o pedido para suspender de imediato a decis\u00e3o do TJ-SP, o ministro Fl\u00e1vio Dino afirmou que a Constitui\u00e7\u00e3o Federal \u00e9 clara ao estabelecer que os munic\u00edpios podem manter \u201cguardas municipais\u201d, e n\u00e3o \u201cpol\u00edcias municipais\u201d. Trata-se, segundo ele, de uma op\u00e7\u00e3o jur\u00eddica e pol\u00edtica deliberada, \u201cresultado de uma escolha que reflete a distin\u00e7\u00e3o entre os diferentes \u00f3rg\u00e3os de seguran\u00e7a p\u00fablica\u201d.&nbsp;<\/p><p>Dino ressaltou que tanto a Constitui\u00e7\u00e3o Federal quanto as leis que regulamentam a seguran\u00e7a p\u00fablica utilizam de forma sistem\u00e1tica o termo \u201cguarda municipal\u201d, como o Estatuto Geral das Guardas Municipais (Lei 13.022\/2014) e a Lei 13.675\/2018, que instituiu o Sistema \u00danico de Seguran\u00e7a P\u00fablica (SUSP). \u201cPermitir que um munic\u00edpio altere essa nomenclatura por meio de lei local criaria um precedente perigoso, podendo levar \u00e0 modifica\u00e7\u00e3o arbitr\u00e1ria de outras institui\u00e7\u00f5es constitucionalmente nomeadas\u201d, assinalou.<\/p><p>Al\u00e9m do aspecto jur\u00eddico, o ministro levou em considera\u00e7\u00e3o os impactos administrativos e financeiros da mudan\u00e7a. Conforme destacado pelo TJ-SP e ratificado por Dino, a altera\u00e7\u00e3o de nome exigiria uma s\u00e9rie de medidas da administra\u00e7\u00e3o p\u00fablica, como a troca de uniformes, viaturas, placas e materiais de divulga\u00e7\u00e3o institucional.&nbsp;<\/p><p>O ministro tamb\u00e9m apontou decis\u00f5es anteriores da Corte que reconhecem as guardas municipais como integrantes do sistema de seguran\u00e7a p\u00fablica, sem, contudo, equipar\u00e1-las a pol\u00edcias ou denomin\u00e1-las dessa forma.<\/p><p>A decis\u00e3o ser\u00e1 submetida a referendo do Plen\u00e1rio.<\/p><p>Leia a&nbsp;<strong><a href=\"https:\/\/portal.stf.jus.br\/processos\/downloadPeca.asp?id=15375817170&amp;ext=.pdf\" target=\"_blank\" rel=\"noreferrer noopener\">\u00edntegra da decis\u00e3o<\/a><\/strong>.<\/p><p><strong>Fonte: STF<\/strong><\/p>\n    <div class=\"xs_social_share_widget xs_share_url after_content \t\tmain_content  wslu-style-1 wslu-share-box-shaped wslu-fill-colored wslu-none wslu-share-horizontal wslu-theme-font-no wslu-main_content\">\n\n\t\t\n        <ul>\n\t\t\t        <\/ul>\n    <\/div> \n","protected":false},"excerpt":{"rendered":"<p>O ministro Fl\u00e1vio Dino, do Supremo Tribunal Federal (STF), manteve decis\u00e3o da Justi\u00e7a de S\u00e3o Paulo que suspendeu a mudan\u00e7a de nome da Guarda Civil Metropolitana para Pol\u00edcia Municipal de S\u00e3o Paulo. A decis\u00e3o individual rejeitou pedido da Federa\u00e7\u00e3o Nacional de Sindicatos de Guardas Municipais (Fenaguardas) na Argui\u00e7\u00e3o de Descumprimento de Preceito Fundamental\u00a0(ADPF) 1214.<\/p>\n","protected":false},"author":5,"featured_media":10338,"comment_status":"open","ping_status":"open","sticky":false,"template":"","format":"standard","meta":{"postBodyCss":"","postBodyMargin":[],"postBodyPadding":[],"postBodyBackground":{"backgroundType":"classic","gradient":""},"_price":"","_stock":"","_tribe_ticket_header":"","_tribe_default_ticket_provider":"","_tribe_ticket_capacity":"0","_ticket_start_date":"","_ticket_end_date":"","_tribe_ticket_show_description":"","_tribe_ticket_show_not_going":false,"_tribe_ticket_use_global_stock":"","_tribe_ticket_global_stock_level":"","_global_stock_mode":"","_global_stock_cap":"","_tribe_rsvp_for_event":"","_tribe_ticket_going_count":"","_tribe_ticket_not_going_count":"","_tribe_tickets_list":"[]","_tribe_ticket_has_attendee_info_fields":false,"footnotes":""},"categories":[46],"tags":[8859,5618,1047,1461,8860,8861,8864,8854,8858,1848,8856,8862,399,5472,8855,7560,8863,8857,347,348],"class_list":["post-10337","post","type-post","status-publish","format-standard","has-post-thumbnail","hentry","category-noticias","tag-adpf-1214","tag-arguicao-de-descumprimento-de-preceito-fundamental","tag-constituicao-federal","tag-decisao","tag-decisao-individual","tag-federacao-nacional-de-sindicatos-de-guardas-municipais","tag-fenaguardas","tag-guarda-civil-de-sao-paulo","tag-guarda-civil-metropolitana","tag-impede","tag-justica-de-sao-paulo","tag-mudanca-de-nome","tag-municipios","tag-nome","tag-nomenclatura","tag-policia-municipal","tag-policia-municipal-de-sao-paulo","tag-respeitada","tag-stf","tag-supremo-tribunal-federal"],"acf":[],"_links":{"self":[{"href":"https:\/\/sgpsolucoes.com.br\/site\/wp-json\/wp\/v2\/posts\/10337"}],"collection":[{"href":"https:\/\/sgpsolucoes.com.br\/site\/wp-json\/wp\/v2\/posts"}],"about":[{"href":"https:\/\/sgpsolucoes.com.br\/site\/wp-json\/wp\/v2\/types\/post"}],"author":[{"embeddable":true,"href":"https:\/\/sgpsolucoes.com.br\/site\/wp-json\/wp\/v2\/users\/5"}],"replies":[{"embeddable":true,"href":"https:\/\/sgpsolucoes.com.br\/site\/wp-json\/wp\/v2\/comments?post=10337"}],"version-history":[{"count":0,"href":"https:\/\/sgpsolucoes.com.br\/site\/wp-json\/wp\/v2\/posts\/10337\/revisions"}],"wp:featuredmedia":[{"embeddable":true,"href":"https:\/\/sgpsolucoes.com.br\/site\/wp-json\/wp\/v2\/media\/10338"}],"wp:attachment":[{"href":"https:\/\/sgpsolucoes.com.br\/site\/wp-json\/wp\/v2\/media?parent=10337"}],"wp:term":[{"taxonomy":"category","embeddable":true,"href":"https:\/\/sgpsolucoes.com.br\/site\/wp-json\/wp\/v2\/categories?post=10337"},{"taxonomy":"post_tag","embeddable":true,"href":"https:\/\/sgpsolucoes.com.br\/site\/wp-json\/wp\/v2\/tags?post=10337"}],"curies":[{"name":"wp","href":"https:\/\/api.w.org\/{rel}","templated":true}]}}