{"id":10419,"date":"2025-04-16T12:19:50","date_gmt":"2025-04-16T15:19:50","guid":{"rendered":"https:\/\/sgpsolucoes.com.br\/site\/?p=10419"},"modified":"2025-04-16T12:19:52","modified_gmt":"2025-04-16T15:19:52","slug":"stf-invalida-leis-municipais-que-estabeleciam-taxas-para-instalacao-de-antenas-de-celular-no-municipio","status":"publish","type":"post","link":"https:\/\/sgpsolucoes.com.br\/site\/stf-invalida-leis-municipais-que-estabeleciam-taxas-para-instalacao-de-antenas-de-celular-no-municipio\/","title":{"rendered":"STF invalida leis municipais que estabeleciam taxas para instala\u00e7\u00e3o de antenas de celular no Munic\u00edpio"},"content":{"rendered":"<p><strong><em>Para Tribunal, trechos de duas leis do munic\u00edpio mineiro violam compet\u00eancia exclusiva da Uni\u00e3o<\/em><\/strong><\/p><p>O Supremo Tribunal Federal (STF) julgou inconstitucional a cobran\u00e7a de uma taxa em Po\u00e7os de Caldas (MG) como condi\u00e7\u00e3o para que empresas de telefonia instalassem torres ou antenas de celular no munic\u00edpio. A decis\u00e3o foi tomada na Argui\u00e7\u00e3o de Descumprimento de Preceito Fundamental&nbsp;<strong><a href=\"https:\/\/portal.stf.jus.br\/processos\/detalhe.asp?incidente=6800856\" target=\"_blank\" rel=\"noreferrer noopener\">(ADPF) 1099<\/a><\/strong>.<\/p><p>O ministro Cristiano Zanin, relator do caso, destacou que, segundo a jurisprud\u00eancia consolidada do Tribunal, s\u00f3 a Uni\u00e3o pode cobrar taxas sobre equipamentos de telecomunica\u00e7\u00f5es. Seu voto foi seguido por unanimidade na sess\u00e3o virtual encerrada em 4 de abril.<\/p><p><strong>Leis invalidadas<\/strong><\/p><p>A decis\u00e3o invalida trechos das Leis municipais 9638\/2022 e 9763\/2023. As normas estabeleciam que, para instalar antenas, as empresas de telefonia teriam de pagar aos cofres do munic\u00edpio cerca de R$ 26,3 mil em valores atuais, segundo c\u00e1lculo da Associa\u00e7\u00e3o Brasileira de Infraestrutura para Telecomunica\u00e7\u00f5es (Abrintel).<\/p><p>A Abrintel, autora da ADPF 1099, alegou ao STF que a cobran\u00e7a colocava em risco a cobertura de sinal n\u00e3o s\u00f3 no munic\u00edpio, mas em outras \u00e1reas, j\u00e1 que, segundo explicou, o sistema de telefonia celular opera em cadeia e depende de uma s\u00e9rie de torres para funcionar.<\/p><p><strong>Fonte: STF<\/strong><\/p>\n    <div class=\"xs_social_share_widget xs_share_url after_content \t\tmain_content  wslu-style-1 wslu-share-box-shaped wslu-fill-colored wslu-none wslu-share-horizontal wslu-theme-font-no wslu-main_content\">\n\n\t\t\n        <ul>\n\t\t\t        <\/ul>\n    <\/div> \n","protected":false},"excerpt":{"rendered":"<p>O Supremo Tribunal Federal (STF) julgou inconstitucional a cobran\u00e7a de uma taxa em Po\u00e7os de Caldas (MG) como condi\u00e7\u00e3o para que empresas de telefonia instalassem torres ou antenas de celular no munic\u00edpio. A decis\u00e3o foi tomada na Argui\u00e7\u00e3o de Descumprimento de Preceito Fundamental\u00a0(ADPF) 1099.<\/p>\n","protected":false},"author":5,"featured_media":10420,"comment_status":"open","ping_status":"open","sticky":false,"template":"","format":"standard","meta":{"postBodyCss":"","postBodyMargin":[],"postBodyPadding":[],"postBodyBackground":{"backgroundType":"classic","gradient":""},"_price":"","_stock":"","_tribe_ticket_header":"","_tribe_default_ticket_provider":"","_tribe_ticket_capacity":"0","_ticket_start_date":"","_ticket_end_date":"","_tribe_ticket_show_description":"","_tribe_ticket_show_not_going":false,"_tribe_ticket_use_global_stock":"","_tribe_ticket_global_stock_level":"","_global_stock_mode":"","_global_stock_cap":"","_tribe_rsvp_for_event":"","_tribe_ticket_going_count":"","_tribe_ticket_not_going_count":"","_tribe_tickets_list":"[]","_tribe_ticket_has_attendee_info_fields":false,"footnotes":""},"categories":[46],"tags":[8982,8984,8978,5618,1679,8979,2252,8980,8981,2075,3444,1645,460,8977,347,348,1384,8983,7904,1627],"class_list":["post-10419","post","type-post","status-publish","format-standard","has-post-thumbnail","hentry","category-noticias","tag-adpf-1099","tag-antenas","tag-antenas-de-celular","tag-arguicao-de-descumprimento-de-preceito-fundamental","tag-celular","tag-cobranca-de-taxa","tag-competencia-exclusiva-da-uniao","tag-empresas-de-telefonia","tag-equipamentos-de-telecomunicacoes","tag-inconstitucional","tag-instalacao","tag-invalida","tag-municipio-2","tag-pocos-de-caldas","tag-stf","tag-supremo-tribunal-federal","tag-taxa","tag-taxas","tag-torres","tag-uniao"],"acf":[],"_links":{"self":[{"href":"https:\/\/sgpsolucoes.com.br\/site\/wp-json\/wp\/v2\/posts\/10419"}],"collection":[{"href":"https:\/\/sgpsolucoes.com.br\/site\/wp-json\/wp\/v2\/posts"}],"about":[{"href":"https:\/\/sgpsolucoes.com.br\/site\/wp-json\/wp\/v2\/types\/post"}],"author":[{"embeddable":true,"href":"https:\/\/sgpsolucoes.com.br\/site\/wp-json\/wp\/v2\/users\/5"}],"replies":[{"embeddable":true,"href":"https:\/\/sgpsolucoes.com.br\/site\/wp-json\/wp\/v2\/comments?post=10419"}],"version-history":[{"count":0,"href":"https:\/\/sgpsolucoes.com.br\/site\/wp-json\/wp\/v2\/posts\/10419\/revisions"}],"wp:featuredmedia":[{"embeddable":true,"href":"https:\/\/sgpsolucoes.com.br\/site\/wp-json\/wp\/v2\/media\/10420"}],"wp:attachment":[{"href":"https:\/\/sgpsolucoes.com.br\/site\/wp-json\/wp\/v2\/media?parent=10419"}],"wp:term":[{"taxonomy":"category","embeddable":true,"href":"https:\/\/sgpsolucoes.com.br\/site\/wp-json\/wp\/v2\/categories?post=10419"},{"taxonomy":"post_tag","embeddable":true,"href":"https:\/\/sgpsolucoes.com.br\/site\/wp-json\/wp\/v2\/tags?post=10419"}],"curies":[{"name":"wp","href":"https:\/\/api.w.org\/{rel}","templated":true}]}}