{"id":10422,"date":"2025-04-16T12:29:00","date_gmt":"2025-04-16T15:29:00","guid":{"rendered":"https:\/\/sgpsolucoes.com.br\/site\/?p=10422"},"modified":"2025-04-16T12:29:01","modified_gmt":"2025-04-16T15:29:01","slug":"stf-suspende-extradicao-de-cidadao-bulgaro-a-pedido-da-espanha-e-pede-esclarecimentos-sobre-reciprocidade","status":"publish","type":"post","link":"https:\/\/sgpsolucoes.com.br\/site\/stf-suspende-extradicao-de-cidadao-bulgaro-a-pedido-da-espanha-e-pede-esclarecimentos-sobre-reciprocidade\/","title":{"rendered":"STF suspende extradi\u00e7\u00e3o de cidad\u00e3o b\u00falgaro a pedido da Espanha e pede esclarecimentos sobre reciprocidade"},"content":{"rendered":"<p><strong><em>Segundo o ministro Alexandre de Moraes, o respeito ao princ\u00edpio da reciprocidade \u00e9 um requisito fundamental para o exame do pedido<\/em><\/strong><\/p><p>O ministro Alexandre de Moraes, do Supremo Tribunal Federal (STF), suspendeu o processo de extradi\u00e7\u00e3o (<strong><a href=\"https:\/\/portal.stf.jus.br\/processos\/detalhe.asp?incidente=7099411\" target=\"_blank\" rel=\"noreferrer noopener\">Ext 1902<\/a><\/strong>) do cidad\u00e3o b\u00falgaro Vasil Georgiev Vasilev, solicitada pelo governo da Espanha, at\u00e9 que o pa\u00eds comprove a exist\u00eancia de reciprocidade no cumprimento do tratado bilateral de extradi\u00e7\u00e3o firmado com o Brasil em 1988. Segundo o ministro, o respeito ao princ\u00edpio da reciprocidade \u00e9 um requisito fundamental previsto tanto na Lei de Migra\u00e7\u00e3o brasileira quanto no tratado de extradi\u00e7\u00e3o entre os dois pa\u00edses, e sua aus\u00eancia impede o seguimento do pedido.<\/p><figure class=\"wp-block-image size-full is-resized\"><img fetchpriority=\"high\" decoding=\"async\" width=\"799\" height=\"533\" src=\"https:\/\/sgpsolucoes.com.br\/site\/wp-content\/uploads\/2025\/04\/image-15.png\" alt=\"\" class=\"wp-image-10423\" style=\"width:840px;height:auto\" srcset=\"https:\/\/sgpsolucoes.com.br\/site\/wp-content\/uploads\/2025\/04\/image-15.png 799w, https:\/\/sgpsolucoes.com.br\/site\/wp-content\/uploads\/2025\/04\/image-15-300x200.png 300w, https:\/\/sgpsolucoes.com.br\/site\/wp-content\/uploads\/2025\/04\/image-15-768x512.png 768w, https:\/\/sgpsolucoes.com.br\/site\/wp-content\/uploads\/2025\/04\/image-15-600x400.png 600w\" sizes=\"(max-width: 799px) 100vw, 799px\" \/><figcaption class=\"wp-element-caption\"><em>Foto: PGR<\/em><\/figcaption><\/figure><p>A decis\u00e3o foi tomada ap\u00f3s a Justi\u00e7a espanhola negar, recentemente, o pedido de extradi\u00e7\u00e3o feito pelo Brasil de Oswaldo Eust\u00e1quio Filho, investigado por crimes como amea\u00e7a, persegui\u00e7\u00e3o, incita\u00e7\u00e3o ao crime, associa\u00e7\u00e3o criminosa e tentativa de aboli\u00e7\u00e3o violenta do Estado Democr\u00e1tico de Direito.<\/p><p><strong>Pris\u00e3o domiciliar e esclarecimentos<\/strong><\/p><p>Enquanto aguarda resposta formal da Espanha, o ministro determinou a convers\u00e3o da pris\u00e3o preventiva de Vasilev em pris\u00e3o domiciliar, condicionada ao uso de tornozeleira eletr\u00f4nica. A medida prev\u00ea monitoramento semanal pela Pol\u00edcia Penal e estabelece que qualquer descumprimento das condi\u00e7\u00f5es resultar\u00e1 no retorno do extraditando ao regime prisional fechado.<\/p><p>O governo espanhol, por meio de sua embaixada, ter\u00e1 cinco dias para apresentar informa\u00e7\u00f5es que comprovem a reciprocidade no cumprimento do tratado. Caso n\u00e3o haja manifesta\u00e7\u00e3o dentro do prazo, o pedido de extradi\u00e7\u00e3o de Vasilev poder\u00e1 ser indeferido de forma definitiva.<\/p><p><strong>Comunica\u00e7\u00e3o oficial<\/strong><\/p><p>A decis\u00e3o foi comunicada ao Minist\u00e9rio da Justi\u00e7a e Seguran\u00e7a P\u00fablica, ao Minist\u00e9rio das Rela\u00e7\u00f5es Exteriores, \u00e0 Procuradoria-Geral da Rep\u00fablica e \u00e0 Advocacia-Geral da Uni\u00e3o, al\u00e9m de ser encaminhada ao embaixador da Espanha no Brasil para ci\u00eancia e provid\u00eancias.<\/p><p>Leia a&nbsp;<strong><a href=\"https:\/\/noticias-stf-wp-prd.s3.sa-east-1.amazonaws.com\/wp-content\/uploads\/wpallimport\/uploads\/2025\/04\/15213333\/ext1902.pdf\" target=\"_blank\" rel=\"noreferrer noopener\">\u00edntegra da decis\u00e3o<\/a><\/strong>.<\/p><p><strong>Fonte: STF<\/strong><\/p>\n    <div class=\"xs_social_share_widget xs_share_url after_content \t\tmain_content  wslu-style-1 wslu-share-box-shaped wslu-fill-colored wslu-none wslu-share-horizontal wslu-theme-font-no wslu-main_content\">\n\n\t\t\n        <ul>\n\t\t\t        <\/ul>\n    <\/div> \n","protected":false},"excerpt":{"rendered":"<p>O ministro Alexandre de Moraes, do Supremo Tribunal Federal (STF), suspendeu o processo de extradi\u00e7\u00e3o (Ext 1902) do cidad\u00e3o b\u00falgaro Vasil Georgiev Vasilev, solicitada pelo governo da Espanha, at\u00e9 que o pa\u00eds comprove a exist\u00eancia de reciprocidade no cumprimento do tratado bilateral de extradi\u00e7\u00e3o firmado com o Brasil em 1988. Segundo o ministro, o respeito ao princ\u00edpio da reciprocidade \u00e9 um requisito fundamental previsto tanto na Lei de Migra\u00e7\u00e3o brasileira quanto no tratado de extradi\u00e7\u00e3o entre os dois pa\u00edses, e sua aus\u00eancia impede o seguimento do pedido.<\/p>\n","protected":false},"author":5,"featured_media":10424,"comment_status":"open","ping_status":"open","sticky":false,"template":"","format":"standard","meta":{"postBodyCss":"","postBodyMargin":[],"postBodyPadding":[],"postBodyBackground":{"backgroundType":"classic","gradient":""},"_price":"","_stock":"","_tribe_ticket_header":"","_tribe_default_ticket_provider":"","_tribe_ticket_capacity":"0","_ticket_start_date":"","_ticket_end_date":"","_tribe_ticket_show_description":"","_tribe_ticket_show_not_going":false,"_tribe_ticket_use_global_stock":"","_tribe_ticket_global_stock_level":"","_global_stock_mode":"","_global_stock_cap":"","_tribe_rsvp_for_event":"","_tribe_ticket_going_count":"","_tribe_ticket_not_going_count":"","_tribe_tickets_list":"[]","_tribe_ticket_has_attendee_info_fields":false,"footnotes":""},"categories":[46],"tags":[5990,909,8986,8987,8985,8995,8992,8988,8996,8998,8990,8993,8989,8991,347,348,8997,8999,8994],"class_list":["post-10422","post","type-post","status-publish","format-standard","has-post-thumbnail","hentry","category-noticias","tag-5990","tag-brasil","tag-cidadao-bulgaro","tag-esclarecimentos","tag-espanha","tag-exame-do-pedido","tag-ext-1902","tag-extradicao","tag-governo-da-espanha","tag-lei-de-migracao","tag-principio-da-reciprocidade","tag-processo-de-extradicao","tag-reciprocidade","tag-requisito-fundamental","tag-stf","tag-supremo-tribunal-federal","tag-tratado-bilateral-de-extradicao","tag-tratado-de-extradicao","tag-vasil-georgiev-vasilev"],"acf":[],"_links":{"self":[{"href":"https:\/\/sgpsolucoes.com.br\/site\/wp-json\/wp\/v2\/posts\/10422"}],"collection":[{"href":"https:\/\/sgpsolucoes.com.br\/site\/wp-json\/wp\/v2\/posts"}],"about":[{"href":"https:\/\/sgpsolucoes.com.br\/site\/wp-json\/wp\/v2\/types\/post"}],"author":[{"embeddable":true,"href":"https:\/\/sgpsolucoes.com.br\/site\/wp-json\/wp\/v2\/users\/5"}],"replies":[{"embeddable":true,"href":"https:\/\/sgpsolucoes.com.br\/site\/wp-json\/wp\/v2\/comments?post=10422"}],"version-history":[{"count":0,"href":"https:\/\/sgpsolucoes.com.br\/site\/wp-json\/wp\/v2\/posts\/10422\/revisions"}],"wp:featuredmedia":[{"embeddable":true,"href":"https:\/\/sgpsolucoes.com.br\/site\/wp-json\/wp\/v2\/media\/10424"}],"wp:attachment":[{"href":"https:\/\/sgpsolucoes.com.br\/site\/wp-json\/wp\/v2\/media?parent=10422"}],"wp:term":[{"taxonomy":"category","embeddable":true,"href":"https:\/\/sgpsolucoes.com.br\/site\/wp-json\/wp\/v2\/categories?post=10422"},{"taxonomy":"post_tag","embeddable":true,"href":"https:\/\/sgpsolucoes.com.br\/site\/wp-json\/wp\/v2\/tags?post=10422"}],"curies":[{"name":"wp","href":"https:\/\/api.w.org\/{rel}","templated":true}]}}