{"id":10426,"date":"2025-04-16T13:06:43","date_gmt":"2025-04-16T16:06:43","guid":{"rendered":"https:\/\/sgpsolucoes.com.br\/site\/?p=10426"},"modified":"2025-04-16T13:11:16","modified_gmt":"2025-04-16T16:11:16","slug":"stj-informativo-n-847","status":"publish","type":"post","link":"https:\/\/sgpsolucoes.com.br\/site\/stj-informativo-n-847\/","title":{"rendered":"STJ. Informativo n\u00b0 847"},"content":{"rendered":"<h5 class=\"wp-block-heading\">J\u00e1 est\u00e1 dispon\u00edvel o Informativo n\u00b0 847 do Superior Tribunal de Justi\u00e7a (STJ), de 15 de abril de 2025.<\/h5><h5 class=\"wp-block-heading\">Aten\u00e7\u00e3o para nossos destaques:<\/h5><h5 class=\"wp-block-heading\">RECURSOS REPETITIVOS<\/h5><h5 class=\"wp-block-heading\">Processos:<\/h5><h5 class=\"wp-block-heading\"><a href=\"https:\/\/processo.stj.jus.br\/SCON\/jurisprudencia\/toc.jsp?livre=%28RESP.clas.+e+%40num%3D%222129162%22%29+ou+%28RESP+adj+%222129162%22%29.suce.\" target=\"_blank\" rel=\"noreferrer noopener\">REsp 2.129.162-MG<\/a>, Rel. Ministro Paulo S\u00e9rgio Domingues, Primeira Se\u00e7\u00e3o, por unanimidade, julgado em 9\/4\/2025. (<a href=\"http:\/\/www.stj.jus.br\/repetitivos\/temas_repetitivos\/pesquisa.jsp?novaConsulta=true&amp;tipo_pesquisa=T&amp;cod_tema_inicial=1298&amp;cod_tema_final=1298\">Tema 1298<\/a>).<\/h5><h5 class=\"wp-block-heading\"><a href=\"https:\/\/processo.stj.jus.br\/SCON\/jurisprudencia\/toc.jsp?livre=%28RESP.clas.+e+%40num%3D%222131059%22%29+ou+%28RESP+adj+%222131059%22%29.suce.\" target=\"_blank\" rel=\"noreferrer noopener\">REsp 2.131.059-MG<\/a>, Rel. Ministro Paulo S\u00e9rgio Domingues, Primeira Se\u00e7\u00e3o, por unanimidade, julgado em 9\/4\/2025 (<a href=\"http:\/\/www.stj.jus.br\/repetitivos\/temas_repetitivos\/pesquisa.jsp?novaConsulta=true&amp;tipo_pesquisa=T&amp;cod_tema_inicial=1298&amp;cod_tema_final=1298\">Tema 1298<\/a>).<\/h5><h5 class=\"wp-block-heading\">Ramo do Direito: DIREITO ADMINISTRATIVO, DIREITO PROCESSUAL CIVIL<\/h5><h5 class=\"wp-block-heading\">Tema: A\u00e7\u00e3o de desapropria\u00e7\u00e3o por utilidade p\u00fablica ou de constitui\u00e7\u00e3o de servid\u00e3o administrativa. Desist\u00eancia. Honor\u00e1rios sucumbenciais. Limites percentuais do art. 27, \u00a7 1\u00ba, do DL n. 3.365\/41. Incid\u00eancia. Base de c\u00e1lculo dos honor\u00e1rios. Valor atualizado da causa. Arbitramento por aprecia\u00e7\u00e3o equitativa (Art. 85, \u00a7 8\u00ba, do CPC). Cabimento apenas quando o valor da causa \u00e9 muito baixo.&nbsp;<a href=\"http:\/\/www.stj.jus.br\/repetitivos\/temas_repetitivos\/pesquisa.jsp?novaConsulta=true&amp;tipo_pesquisa=T&amp;cod_tema_inicial=1298&amp;cod_tema_final=1298\">Tema 1298.<\/a><\/h5><h5 class=\"wp-block-heading\">Destaque: Aplicam-se os percentuais do art. 27, \u00a7 1\u00ba, do DL n. 3.365\/1941 no arbitramento de honor\u00e1rios sucumbenciais devidos pelo autor em caso de desist\u00eancia de a\u00e7\u00e3o de desapropria\u00e7\u00e3o por utilidade p\u00fablica ou de constitui\u00e7\u00e3o de servid\u00e3o administrativa, os quais ter\u00e3o como base de c\u00e1lculo o valor atualizado da causa. Esses percentuais n\u00e3o se aplicam somente se o valor da causa for muito baixo, caso em que os honor\u00e1rios ser\u00e3o arbitrados por aprecia\u00e7\u00e3o equitativa do juiz, na forma do art. 85, \u00a7 8\u00ba, do CPC.<\/h5><h3 class=\"wp-block-heading\">&nbsp;<\/h3><h5 class=\"wp-block-heading\">Processos:<\/h5><h5 class=\"wp-block-heading\"><a href=\"https:\/\/processo.stj.jus.br\/processo\/pesquisa\/?num_processo=REsp1976618\" target=\"_blank\" rel=\"noreferrer noopener\">REsp 1.976.618-RJ<\/a>, Rel. Ministro Marco Aur\u00e9lio Bellizze, Primeira Se\u00e7\u00e3o, por unanimidade, julgado em 9\/4\/2025. (<a href=\"http:\/\/www.stj.jus.br\/repetitivos\/temas_repetitivos\/pesquisa.jsp?novaConsulta=true&amp;tipo_pesquisa=T&amp;cod_tema_inicial=1247&amp;cod_tema_final=1247\">Tema 1247<\/a>).<\/h5><h5 class=\"wp-block-heading\"><a href=\"https:\/\/processo.stj.jus.br\/processo\/pesquisa\/?num_processo=REsp1995220\" target=\"_blank\" rel=\"noreferrer noopener\">REsp 1.995.220-RJ<\/a>, Rel. Ministro Marco Aur\u00e9lio Bellizze, Primeira Se\u00e7\u00e3o, por unanimidade, julgado em 9\/4\/2025 (<a href=\"http:\/\/www.stj.jus.br\/repetitivos\/temas_repetitivos\/pesquisa.jsp?novaConsulta=true&amp;tipo_pesquisa=T&amp;cod_tema_inicial=1247&amp;cod_tema_final=1247\">Tema 1247<\/a>).<\/h5><h5 class=\"wp-block-heading\">Ramo do Direito: DIREITO TRIBUT\u00c1RIO<\/h5><h5 class=\"wp-block-heading\">Tema: Imposto sobre Produtos Industrializados &#8211; IPI. Creditamento. Aquisi\u00e7\u00e3o tributada de insumos aplicados na industrializa\u00e7\u00e3o de produtos imunes. Direito ao benef\u00edcio fiscal institu\u00eddo no art. 11 da Lei n. 9.779\/1999. Reconhecimento.&nbsp;<a href=\"http:\/\/www.stj.jus.br\/repetitivos\/temas_repetitivos\/pesquisa.jsp?novaConsulta=true&amp;tipo_pesquisa=T&amp;cod_tema_inicial=1247&amp;cod_tema_final=1247\">Tema 1247.<\/a><\/h5><h5 class=\"wp-block-heading\">Destaque: O creditamento de IPI, estabelecido no art. 11 da Lei n. 9.779\/1999,decorrente da aquisi\u00e7\u00e3o tributada de mat\u00e9ria-prima, produto intermedi\u00e1rio e material de embalagem utilizados na industrializa\u00e7\u00e3o, abrange a sa\u00edda de produtos isentos, sujeitos \u00e0 al\u00edquota zero e imunes.<\/h5><h3 class=\"wp-block-heading\">&nbsp;<\/h3><h5 class=\"wp-block-heading\">SEGUNDA TURMA<\/h5><h5 class=\"wp-block-heading\">Processo: <a href=\"https:\/\/processo.stj.jus.br\/SCON\/jurisprudencia\/toc.jsp?livre=%28RESP.clas.+e+%40num%3D%222123875%22%29+ou+%28RESP+adj+%222123875%22%29.suce.\" target=\"_blank\" rel=\"noreferrer noopener\">REsp 2.123.875-MG<\/a>, Rel. Ministro Marco Aur\u00e9lio Bellizze, Segunda Turma, por unanimidade, julgado em 1\/4\/2025, DJEN 4\/4\/2025.<\/h5><h5 class=\"wp-block-heading\">Ramo do Direito: DIREITO ADMINISTRATIVO, DIREITO PROCESSUAL CIVIL<\/h5><h5 class=\"wp-block-heading\">Tema: Execu\u00e7\u00e3o fiscal. Cobran\u00e7a de multa por ato de improbidade administrativa. Cabimento. Ente p\u00fablico lesado. Legitimidade ativa. Exist\u00eancia.<\/h5><h5 class=\"wp-block-heading\">Destaque: A execu\u00e7\u00e3o fiscal \u00e9 cab\u00edvel para a cobran\u00e7a de multas civis fixadas em senten\u00e7a decorrentes de atos de improbidade administrativa, desde que instru\u00edda com a respectiva CDA; sendo a Fazenda P\u00fablica lesada parte leg\u00edtima para propor tal execu\u00e7\u00e3o.<\/h5><h3 class=\"wp-block-heading\">&nbsp;<\/h3><h5 class=\"wp-block-heading\">RECURSOS REPETITIVOS \u2013 AFETA\u00c7\u00c3O<\/h5><h5 class=\"wp-block-heading\">Processos:<\/h5><h5 class=\"wp-block-heading\"><a href=\"https:\/\/processo.stj.jus.br\/SCON\/jurisprudencia\/toc.jsp?livre=%28%28PAFRESP.clas.+ou+%22ProAfR+no+REsp%22.clap.%29+e+%40num%3D%222154735%22%29+ou+%28%28PAFRESP+ou+%22ProAfR+no+REsp%22%29+adj+%222154735%22%29.suce.\" target=\"_blank\" rel=\"noreferrer noopener\">ProAfR no REsp 2.154.735-AM<\/a>, Rel. Ministro Teodoro Silva Santos, Primeira Se\u00e7\u00e3o, por unanimidade, julgado em 1\u00ba\/4\/2025, DJEN 8\/4\/2025. (<a href=\"http:\/\/www.stj.jus.br\/repetitivos\/temas_repetitivos\/pesquisa.jsp?novaConsulta=true&amp;tipo_pesquisa=T&amp;cod_tema_inicial=1326&amp;cod_tema_final=1326\">Tema 1326<\/a>).<\/h5><h5 class=\"wp-block-heading\"><a href=\"https:\/\/processo.stj.jus.br\/SCON\/jurisprudencia\/toc.jsp?livre=%28%28PAFRESP.clas.+ou+%22ProAfR+no+REsp%22.clap.%29+e+%40num%3D%222154746%22%29+ou+%28%28PAFRESP+ou+%22ProAfR+no+REsp%22%29+adj+%222154746%22%29.suce.\" target=\"_blank\" rel=\"noreferrer noopener\">ProAfR no REsp 2.154.746-PI<\/a>, Rel. Ministro Teodoro Silva Santos, Primeira Se\u00e7\u00e3o, por unanimidade, julgado em 1\u00ba\/4\/2025, DJEN 8\/4\/2025 (<a href=\"http:\/\/www.stj.jus.br\/repetitivos\/temas_repetitivos\/pesquisa.jsp?novaConsulta=true&amp;tipo_pesquisa=T&amp;cod_tema_inicial=1326&amp;cod_tema_final=1326\">Tema 1326<\/a>).<\/h5><h5 class=\"wp-block-heading\">Ramo do Direito: DIREITO ADMINISTRATIVO<\/h5><h5 class=\"wp-block-heading\">Tema: A Primeira Se\u00e7\u00e3o acolheu a proposta de afeta\u00e7\u00e3o do REsp 2.154.735-AM e REsp 2.154.746-PI ao rito dos recursos repetitivos, a fim de uniformizar o entendimento a respeito da seguinte controv\u00e9rsia: &#8220;definir se o prazo prescricional da pretens\u00e3o de cobran\u00e7a de complementa\u00e7\u00e3o de recursos relativos ao Valor M\u00ednimo Anual por Aluno (VMAA), repassado ao FUNDEB \/FUNDEF, deve ser apurado m\u00eas a m\u00eas, e n\u00e3o anualmente&#8221;.<\/h5><h3 class=\"wp-block-heading\">&nbsp;<\/h3><h5 class=\"wp-block-heading\">Processos:<\/h5><h5 class=\"wp-block-heading\"><a href=\"https:\/\/processo.stj.jus.br\/SCON\/jurisprudencia\/toc.jsp?livre=%28%28PAFRESP.clas.+ou+%22ProAfR+no+REsp%22.clap.%29+e+%40num%3D%222175768%22%29+ou+%28%28PAFRESP+ou+%22ProAfR+no+REsp%22%29+adj+%222175768%22%29.suce.\" target=\"_blank\" rel=\"noreferrer noopener\">ProAfR no REsp 2.175.768-ES<\/a>, Rel. Ministro Paulo S\u00e9rgio Domingues, Primeira Se\u00e7\u00e3o, julgado em 1\u00ba\/4\/2025, DJEN 10\/4\/2025. (<a href=\"http:\/\/www.stj.jus.br\/repetitivos\/temas_repetitivos\/pesquisa.jsp?novaConsulta=true&amp;tipo_pesquisa=T&amp;cod_tema_inicial=1327&amp;cod_tema_final=1327\">Tema 1327<\/a>).<\/h5><h5 class=\"wp-block-heading\"><a href=\"https:\/\/processo.stj.jus.br\/SCON\/jurisprudencia\/toc.jsp?livre=%28%28PAFRESP.clas.+ou+%22ProAfR+no+REsp%22.clap.%29+e+%40num%3D%222175767%22%29+ou+%28%28PAFRESP+ou+%22ProAfR+no+REsp%22%29+adj+%222175767%22%29.suce.\" target=\"_blank\" rel=\"noreferrer noopener\">ProAfR no REsp 2.175.767-ES<\/a>, Rel. Ministro Paulo S\u00e9rgio Domingues, Primeira Se\u00e7\u00e3o, julgado em 1\u00ba\/4\/2025, DJEN 10\/4\/2025 (<a href=\"http:\/\/www.stj.jus.br\/repetitivos\/temas_repetitivos\/pesquisa.jsp?novaConsulta=true&amp;tipo_pesquisa=T&amp;cod_tema_inicial=1327&amp;cod_tema_final=1327\">Tema 1327<\/a>).<\/h5><h5 class=\"wp-block-heading\">Ramo do Direito: DIREITO ADMINISTRATIVO<\/h5><h5 class=\"wp-block-heading\">Tema: A Primeira Se\u00e7\u00e3o acolheu a proposta de afeta\u00e7\u00e3o do REsp 2.175.768-ES e REsp 2.175.767-ES ao rito dos recursos repetitivos, a fim de uniformizar o entendimento a respeito da seguinte controv\u00e9rsia: &#8220;possibilidade de aplica\u00e7\u00e3o retroativa da Resolu\u00e7\u00e3o ANTT 5.847\/2019, por ser mais ben\u00e9fica ao infrator, ainda que a infra\u00e7\u00e3o cometida seja anterior \u00e0 sua edi\u00e7\u00e3o&#8221;.<\/h5><h3 class=\"wp-block-heading\">&nbsp;<\/h3><h5 class=\"wp-block-heading\">Confira a \u00edntegra deste Informativo no link abaixo:<\/h5><p><a href=\"https:\/\/processo.stj.jus.br\/jurisprudencia\/externo\/informativo\/?acao=pesquisarumaedicao&amp;livre=0847.cod.&amp;from=feed\" target=\"_blank\" rel=\"noreferrer noopener\">Clique aqui para visualizar o documento completo<\/a><\/p><p><strong>Fonte: STJ<\/strong><\/p>\n    <div class=\"xs_social_share_widget xs_share_url after_content \t\tmain_content  wslu-style-1 wslu-share-box-shaped wslu-fill-colored wslu-none wslu-share-horizontal wslu-theme-font-no wslu-main_content\">\n\n\t\t\n        <ul>\n\t\t\t        <\/ul>\n    <\/div> \n","protected":false},"excerpt":{"rendered":"<p>J\u00e1 est\u00e1 dispon\u00edvel o Informativo n\u00b0 847 do Superior Tribunal de Justi\u00e7a (STJ), de 15 de abril de 2025.<\/p>\n","protected":false},"author":5,"featured_media":10427,"comment_status":"open","ping_status":"open","sticky":false,"template":"","format":"standard","meta":{"postBodyCss":"","postBodyMargin":[],"postBodyPadding":[],"postBodyBackground":{"backgroundType":"classic","gradient":""},"_price":"","_stock":"","_tribe_ticket_header":"","_tribe_default_ticket_provider":"","_tribe_ticket_capacity":"0","_ticket_start_date":"","_ticket_end_date":"","_tribe_ticket_show_description":"","_tribe_ticket_show_not_going":false,"_tribe_ticket_use_global_stock":"","_tribe_ticket_global_stock_level":"","_global_stock_mode":"","_global_stock_cap":"","_tribe_rsvp_for_event":"","_tribe_ticket_going_count":"","_tribe_ticket_not_going_count":"","_tribe_tickets_list":"[]","_tribe_ticket_has_attendee_info_fields":false,"footnotes":""},"categories":[46],"tags":[9000,176,2868,1919,9001,2219,229,230],"class_list":["post-10426","post","type-post","status-publish","format-standard","has-post-thumbnail","hentry","category-noticias","tag-15-de-abril-de-2025","tag-direito-administrativo","tag-direito-processual-civil","tag-direito-tributario","tag-informativo-n-847","tag-recursos-repetitivos","tag-stj","tag-superior-tribunal-de-justica"],"acf":[],"_links":{"self":[{"href":"https:\/\/sgpsolucoes.com.br\/site\/wp-json\/wp\/v2\/posts\/10426"}],"collection":[{"href":"https:\/\/sgpsolucoes.com.br\/site\/wp-json\/wp\/v2\/posts"}],"about":[{"href":"https:\/\/sgpsolucoes.com.br\/site\/wp-json\/wp\/v2\/types\/post"}],"author":[{"embeddable":true,"href":"https:\/\/sgpsolucoes.com.br\/site\/wp-json\/wp\/v2\/users\/5"}],"replies":[{"embeddable":true,"href":"https:\/\/sgpsolucoes.com.br\/site\/wp-json\/wp\/v2\/comments?post=10426"}],"version-history":[{"count":0,"href":"https:\/\/sgpsolucoes.com.br\/site\/wp-json\/wp\/v2\/posts\/10426\/revisions"}],"wp:featuredmedia":[{"embeddable":true,"href":"https:\/\/sgpsolucoes.com.br\/site\/wp-json\/wp\/v2\/media\/10427"}],"wp:attachment":[{"href":"https:\/\/sgpsolucoes.com.br\/site\/wp-json\/wp\/v2\/media?parent=10426"}],"wp:term":[{"taxonomy":"category","embeddable":true,"href":"https:\/\/sgpsolucoes.com.br\/site\/wp-json\/wp\/v2\/categories?post=10426"},{"taxonomy":"post_tag","embeddable":true,"href":"https:\/\/sgpsolucoes.com.br\/site\/wp-json\/wp\/v2\/tags?post=10426"}],"curies":[{"name":"wp","href":"https:\/\/api.w.org\/{rel}","templated":true}]}}