{"id":10461,"date":"2025-04-17T15:09:51","date_gmt":"2025-04-17T18:09:51","guid":{"rendered":"https:\/\/sgpsolucoes.com.br\/site\/?p=10461"},"modified":"2025-04-17T15:09:52","modified_gmt":"2025-04-17T18:09:52","slug":"tcu-boletim-de-pessoal-n-132","status":"publish","type":"post","link":"https:\/\/sgpsolucoes.com.br\/site\/tcu-boletim-de-pessoal-n-132\/","title":{"rendered":"TCU. BOLETIM DE PESSOAL n\u00b0 132"},"content":{"rendered":"<p>J\u00e1 est\u00e1 dispon\u00edvel o Boletim de Pessoal n\u00b0 132\u00a0do Tribunal de Contas da Uni\u00e3o, mar\u00e7o de 2025.<\/p><p>Este Boletim cont\u00e9m informa\u00e7\u00f5es sint\u00e9ticas de decis\u00f5es proferidas pelos Colegiados do TCU, relativas \u00e0 \u00e1rea de Pessoal, que receberam indica\u00e7\u00e3o de relev\u00e2ncia sob o prisma jurisprudencial no per\u00edodo acima indicado. Os enunciados procuram retratar o entendimento das delibera\u00e7\u00f5es das quais foram extra\u00eddos. As informa\u00e7\u00f5es aqui apresentadas n\u00e3o constituem, todavia, resumo oficial da decis\u00e3o proferida pelo Tribunal nem representam, necessariamente, o posicionamento prevalecente do TCU sobre a mat\u00e9ria. O objetivo \u00e9 facilitar o acompanhamento dos ac\u00f3rd\u00e3os mais importantes do TCU. Para aprofundamento, o leitor pode acessar o inteiro teor das delibera\u00e7\u00f5es por meio dos links dispon\u00edveis.<\/p><p><strong>Confira nossos destaques:<\/strong><\/p><ul class=\"wp-block-list\"><li><strong>Ac\u00f3rd\u00e3o 611\/2025 Plen\u00e1rio <\/strong>(Consulta, Relator Ministro Jhonatan de Jesus). Tempo de servi\u00e7o. Carreira. Cargo. Cargo isolado. Magistrado. Aposentadoria. Consulta.<\/li><\/ul><ul class=\"wp-block-list\"><li><strong>Ac\u00f3rd\u00e3o 643\/2025 Plen\u00e1rio <\/strong>(Consulta, Relator Ministro Antonio Anastasia). Quintos. Acumula\u00e7\u00e3o. Gratifica\u00e7\u00e3o de Atividade Externa. D\u00e9cimos. VPNI. Poder Judici\u00e1rio. Consulta.<\/li><\/ul><ul class=\"wp-block-list\"><li><strong>Ac\u00f3rd\u00e3o 1508\/2025 Primeira C\u00e2mara <\/strong>(Aposentadoria, Relator Ministro Walton Alencar Rodrigues). Ato sujeito a registro. Altera\u00e7\u00e3o. Prazo. Entendimento. Prescri\u00e7\u00e3o. Termo inicial.<\/li><\/ul><ul class=\"wp-block-list\"><li><strong>Ac\u00f3rd\u00e3o 1533\/2025 Primeira C\u00e2mara <\/strong>(Aposentadoria, Relator Ministro-Substituto Augusto Sherman). Aposentadoria especial. Policial. Proventos. Proventos integrais. Paridade.<\/li><\/ul><ul class=\"wp-block-list\"><li><strong>Ac\u00f3rd\u00e3o 1846\/2025 Primeira C\u00e2mara <\/strong>(Pedido de Reexame, Relator Ministro Walton Alencar Rodrigues). Transposi\u00e7\u00e3o de regime jur\u00eddico. Hora extra judicial. VPNI. Remunera\u00e7\u00e3o. Irredutibilidade. Regime estatut\u00e1rio. Regime celetista.<\/li><\/ul><ul class=\"wp-block-list\"><li><strong>Ac\u00f3rd\u00e3o 1888\/2025 Primeira C\u00e2mara <\/strong>(Aposentadoria, Relator Ministro Benjamin Zymler). Aposentadoria. Proventos. M\u00e9dia aritm\u00e9tica. C\u00e1lculo. Marco temporal.<\/li><\/ul><ul class=\"wp-block-list\"><li><strong>Ac\u00f3rd\u00e3o 2094\/2025 Primeira C\u00e2mara <\/strong>(Pens\u00e3o Civil, Relator Ministro Benjamin Zymler). Aposentadoria especial. Policial. Tempo ficto. Marco temporal. Legisla\u00e7\u00e3o.<\/li><\/ul><ul class=\"wp-block-list\"><li><strong>Ac\u00f3rd\u00e3o 2237\/2025 Primeira C\u00e2mara <\/strong>(Pens\u00e3o Civil, Relator Ministro Jhonatan de Jesus). Pens\u00e3o civil. Depend\u00eancia econ\u00f4mica. Aposentadoria por invalidez. Filho. Maioridade. Invalidez.<\/li><\/ul><ul class=\"wp-block-list\"><li><strong>Ac\u00f3rd\u00e3o 1350\/2025 Segunda C\u00e2mara <\/strong>(Pens\u00e3o Civil, Relator Ministro Antonio Anastasia). Quintos. Requisito. VPNI. Reajuste. D\u00e9cimos. C\u00e2mara dos Deputados. Absor\u00e7\u00e3o.<\/li><\/ul><ul class=\"wp-block-list\"><li><strong>Ac\u00f3rd\u00e3o 1353\/2025 Segunda C\u00e2mara <\/strong>(Pens\u00e3o Civil, Relator Ministro Antonio Anastasia). Transposi\u00e7\u00e3o de regime jur\u00eddico. Enquadramento. Fun\u00e7\u00e3o de confian\u00e7a. Cargo em comiss\u00e3o. Cargo efetivo. Secret\u00e1rio parlamentar.<\/li><\/ul><ul class=\"wp-block-list\"><li><strong>Ac\u00f3rd\u00e3o 1696\/2025 Segunda C\u00e2mara <\/strong>(Pens\u00e3o Civil, Relator Ministro Antonio Anastasia). Aposentadoria. Proventos. Pens\u00e3o. Decis\u00e3o judicial. Vantagem pecuni\u00e1ria.<\/li><\/ul><p><strong>Acesse a \u00edntegra deste Boletim nos links abaixo:<\/strong><\/p><p><a href=\"https:\/\/contas.tcu.gov.br\/egestao\/ObterDocumentoSisdoc?codArqCatalogado=31201187\" target=\"_blank\" rel=\"noreferrer noopener\">vers\u00e3o PDF<\/a><\/p><p><a href=\"https:\/\/contas.tcu.gov.br\/egestao\/ObterDocumentoSisdoc?codArqCatalogado=31201187&amp;codVersao=1\" target=\"_blank\" rel=\"noreferrer noopener\">vers\u00e3o DOCX<\/a><\/p><p><strong>Fonte: TCU<\/strong><\/p>\n    <div class=\"xs_social_share_widget xs_share_url after_content \t\tmain_content  wslu-style-1 wslu-share-box-shaped wslu-fill-colored wslu-none wslu-share-horizontal wslu-theme-font-no wslu-main_content\">\n\n\t\t\n        <ul>\n\t\t\t        <\/ul>\n    <\/div> \n","protected":false},"excerpt":{"rendered":"<p>J\u00e1 est\u00e1 dispon\u00edvel o Boletim de Pessoal n\u00b0 132\u00a0do Tribunal de Contas da Uni\u00e3o, mar\u00e7o de 2025.<\/p>\n","protected":false},"author":5,"featured_media":10462,"comment_status":"open","ping_status":"open","sticky":false,"template":"","format":"standard","meta":{"postBodyCss":"","postBodyMargin":[],"postBodyPadding":[],"postBodyBackground":{"backgroundType":"classic","gradient":""},"_price":"","_stock":"","_tribe_ticket_header":"","_tribe_default_ticket_provider":"","_tribe_ticket_capacity":"0","_ticket_start_date":"","_ticket_end_date":"","_tribe_ticket_show_description":"","_tribe_ticket_show_not_going":false,"_tribe_ticket_use_global_stock":"","_tribe_ticket_global_stock_level":"","_global_stock_mode":"","_global_stock_cap":"","_tribe_rsvp_for_event":"","_tribe_ticket_going_count":"","_tribe_ticket_not_going_count":"","_tribe_tickets_list":"[]","_tribe_ticket_has_attendee_info_fields":false,"footnotes":""},"categories":[46],"tags":[274,9068,608,258,450],"class_list":["post-10461","post","type-post","status-publish","format-standard","has-post-thumbnail","hentry","category-noticias","tag-boletim","tag-boletim-de-pessoal-n-132","tag-pessoal","tag-tcu","tag-tribunal-de-contas-da-uniao"],"acf":[],"_links":{"self":[{"href":"https:\/\/sgpsolucoes.com.br\/site\/wp-json\/wp\/v2\/posts\/10461"}],"collection":[{"href":"https:\/\/sgpsolucoes.com.br\/site\/wp-json\/wp\/v2\/posts"}],"about":[{"href":"https:\/\/sgpsolucoes.com.br\/site\/wp-json\/wp\/v2\/types\/post"}],"author":[{"embeddable":true,"href":"https:\/\/sgpsolucoes.com.br\/site\/wp-json\/wp\/v2\/users\/5"}],"replies":[{"embeddable":true,"href":"https:\/\/sgpsolucoes.com.br\/site\/wp-json\/wp\/v2\/comments?post=10461"}],"version-history":[{"count":0,"href":"https:\/\/sgpsolucoes.com.br\/site\/wp-json\/wp\/v2\/posts\/10461\/revisions"}],"wp:featuredmedia":[{"embeddable":true,"href":"https:\/\/sgpsolucoes.com.br\/site\/wp-json\/wp\/v2\/media\/10462"}],"wp:attachment":[{"href":"https:\/\/sgpsolucoes.com.br\/site\/wp-json\/wp\/v2\/media?parent=10461"}],"wp:term":[{"taxonomy":"category","embeddable":true,"href":"https:\/\/sgpsolucoes.com.br\/site\/wp-json\/wp\/v2\/categories?post=10461"},{"taxonomy":"post_tag","embeddable":true,"href":"https:\/\/sgpsolucoes.com.br\/site\/wp-json\/wp\/v2\/tags?post=10461"}],"curies":[{"name":"wp","href":"https:\/\/api.w.org\/{rel}","templated":true}]}}