{"id":10474,"date":"2025-04-17T16:22:27","date_gmt":"2025-04-17T19:22:27","guid":{"rendered":"https:\/\/sgpsolucoes.com.br\/site\/?p=10474"},"modified":"2025-04-17T16:22:28","modified_gmt":"2025-04-17T19:22:28","slug":"tce-pb-reprova-contas-da-fundacao-paraibana-de-gestao-em-saude-pb-saude-e-imputa-debito-a-ex-prefeito-por-excesso-de-gastos-com-combustiveis-e-falta-de-comprovacao-de-despesas-com-material-d","status":"publish","type":"post","link":"https:\/\/sgpsolucoes.com.br\/site\/tce-pb-reprova-contas-da-fundacao-paraibana-de-gestao-em-saude-pb-saude-e-imputa-debito-a-ex-prefeito-por-excesso-de-gastos-com-combustiveis-e-falta-de-comprovacao-de-despesas-com-material-d\/","title":{"rendered":"TCE-PB reprova contas da Funda\u00e7\u00e3o Paraibana de Gest\u00e3o em Sa\u00fade \u2013 PB\/Sa\u00fade e imputa d\u00e9bito a ex-prefeito por excesso de gastos com combust\u00edveis e falta de comprova\u00e7\u00e3o de despesas com material de constru\u00e7\u00e3o"},"content":{"rendered":"<p>O Pleno do Tribunal de Contas do Estado da Para\u00edba, reunido em sess\u00e3o ordin\u00e1ria h\u00edbrida, nesta quarta-feira (16), responsabilizou o ex-prefeito de Amparo, In\u00e1cio Luiz N\u00f3brega da Silva, pelo excesso de gastos com combust\u00edveis e falta de comprova\u00e7\u00e3o de despesas com material de constru\u00e7\u00e3o. As irregularidades ensejaram a imputa\u00e7\u00e3o de um d\u00e9bito no montante de R$ 330.255,30, a ser ressarcido pelo gestor, al\u00e9m de multas. Aprovadas foram as contas das prefeituras de Puxinan\u00e3 e Dami\u00e3o, relativas a 2023, bem como as 2022, prestadas pelo munic\u00edpio de Alcantil.<\/p><figure class=\"wp-block-image\"><img decoding=\"async\" src=\"https:\/\/tce.pb.gov.br\/wp-content\/uploads\/2025\/04\/Sessao-Pleno-16-04-1024x683.jpg\" alt=\"\" class=\"wp-image-28915\"\/><\/figure><p>Os processos de Amparo, n\u00fameros 05264\/23 e 01093\/24, decorreram de den\u00fancias formuladas contra atos da Prefeitura no per\u00edodo, entre os anos de 2019 e 2020. Ap\u00f3s inspe\u00e7\u00e3o <em>in loco<\/em>, realizada pela Auditoria, que entendeu pela proced\u00eancia dos fatos, e parecer do Minist\u00e9rio P\u00fablico de Contas, o conselheiro relator, Ant\u00f4nio Gomes Vieira Filho votou pela responsabiliza\u00e7\u00e3o do ex-prefeito, com recomenda\u00e7\u00f5es \u00e0 atual gest\u00e3o. Na defesa, o gestor buscou justificar a compra de material de constru\u00e7\u00e3o, mas n\u00e3o apresentou documentos comprobat\u00f3rios. Ainda cabe recurso.<\/p><p><strong>Gest\u00e3o na Sa\u00fade<\/strong>&nbsp;\u2013 Por maioria, os membros da Corte ainda julgaram irregulares as contas da Funda\u00e7\u00e3o Paraibana de Gest\u00e3o em Sa\u00fade \u2013 PB\/Sa\u00fade, referentes ao exerc\u00edcio de 2021, sob a responsabilidade do ex-diretor Daniel Gomes Monteiro Beltrammi. O relator do processo foi o conselheiro substituto Marcus Vin\u00edcius Carvalho Farias, que em seu voto, apontou como principal irregularidade a falta de v\u00ednculos das despesas da Funda\u00e7\u00e3o com o Or\u00e7amento Geral do Estado, situa\u00e7\u00e3o que impede a fiscaliza\u00e7\u00e3o dos gastos p\u00fablicos pelos \u00f3rg\u00e3os de controle.<\/p><p>O relator explicou, durante o voto, que houve alertas do TCE em rela\u00e7\u00e3o \u00e0 irregularidade, tendo em vista que o \u00f3rg\u00e3o administra um elevado montante de recursos p\u00fablicos, repassados pela Secretaria de Sa\u00fade. \u00c9 indispens\u00e1vel o registro da execu\u00e7\u00e3o or\u00e7ament\u00e1ria e financeira da PB Sa\u00fade no Sistema Integrado de Administra\u00e7\u00e3o Financeira \u2013 SIAF, bem como nos sistemas disponibilizados pelo Tribunal, garantindo assim a transpar\u00eancia acerca da gest\u00e3o dos recursos.<\/p><p>No Ac\u00f3rd\u00e3o, a Corte de Contas fixa um prazo de 60 dias ao diretor da PB Sa\u00fade, Jhony Wesllys Bezerra Costa, ao governador do Estado, Jo\u00e3o Azev\u00eado Lins Filho e ao secret\u00e1rio de sa\u00fade, Arimatheus Silva Reis, para que adotem provid\u00eancias \u2013 conforme as recomenda\u00e7\u00f5es da Corte. Mesmo prazo \u00e0 Secretaria de Planejamento, Or\u00e7amento e Gest\u00e3o, para que de forma articulada, inclua a PB Sa\u00fade no Or\u00e7amento Geral do Estado, com as respectivas dota\u00e7\u00f5es or\u00e7ament\u00e1rias, vinculadas \u00e0s respectivas fontes, com transpar\u00eancia, em respeito aos dispositivos legais, a exemplo do LRF, seguindo a jurisprud\u00eancia do STF, haja visto que s\u00e3o despesas que devem integrar os \u00edndices constitucionais dos gastos com sa\u00fade.<\/p><p><strong>Regulares<\/strong>&nbsp;\u2013 As contas dos Encargos Gerais do Estado foram julgadas regulares com ressalvas, ap\u00f3s an\u00e1lise de inspe\u00e7\u00e3o especial, realizada em raz\u00e3o de decis\u00e3o consubstanciada no Ac\u00f3rd\u00e3o APL-TC-00632\/18, nos autos do processo TC-02660\/14, que envolveu os ex-secret\u00e1rios Gilberto Carneiro Gama e Liv\u00e2nia Maria da Silva Farias. O Pleno ainda deu provimento ao recurso interposto pela ex-prefeita de Pedro R\u00e9gis, Michele Ribeiro de Oliveira, em face do Ac\u00f3rd\u00e3o APL TC 00338\/24, emitido quando do julgamento de den\u00fancia. &nbsp;<\/p><figure class=\"wp-block-image\"><img decoding=\"async\" src=\"https:\/\/tce.pb.gov.br\/wp-content\/uploads\/2025\/04\/Sessao-Pleno1-16-04-1024x683.jpg\" alt=\"\" class=\"wp-image-28916\"\/><\/figure><p><strong>Alunos da UFPB<\/strong>&nbsp;\u2013 Um grupo de alunos dos cursos de Direito e de Contabilidade da Universidade Federal da Para\u00edba \u2013 UFPB, coordenado pelo professor Julian Queiroz, acompanhou o julgamento da presta\u00e7\u00e3o de contas da prefeitura de Alcantil, sob a relatoria do conselheiro substituto Renato S\u00e9rgio Santiago Melo, que fez um relat\u00f3rio did\u00e1tico, e ao final, votou pela emiss\u00e3o de parecer favor\u00e1vel, tendo sido acompanhado pelos demais membros do colegiado, \u00e0 unanimidade. Na visita ao TCE, os alunos ainda participaram de outras atividades inerentes \u00e0s atribui\u00e7\u00f5es constitucionais do \u00f3rg\u00e3o fiscalizador.<\/p><p><strong>Composi\u00e7\u00e3o<\/strong>&nbsp;\u2013 O Tribunal de Contas realizou sua 2490\u00aa sess\u00e3o ordin\u00e1ria remota e presencial, sob a presid\u00eancia do conselheiro Andr\u00e9 Carlo Torres Pontes (vice-presidente), em virtude da aus\u00eancia justificada do presidente F\u00e1bio Nogueira. Na composi\u00e7\u00e3o do qu\u00f3rum estiveram presentes os conselheiros Arn\u00f3bio Alves Viana, Nominando Diniz, Fernando Cat\u00e3o e Ant\u00f4nio Gomes Vieira Filho. Tamb\u00e9m os conselheiros substitutos Marcus Vin\u00edcius Carvalho Farias e Renato S\u00e9rgio Santiago Melo. O Minist\u00e9rio P\u00fablico de Contas esteve representado pelo procurador geral Marc\u00edlio Toscano da Franca.<\/p><p><strong>Fonte: TCE-PB<\/strong><\/p>\n    <div class=\"xs_social_share_widget xs_share_url after_content \t\tmain_content  wslu-style-1 wslu-share-box-shaped wslu-fill-colored wslu-none wslu-share-horizontal wslu-theme-font-no wslu-main_content\">\n\n\t\t\n        <ul>\n\t\t\t        <\/ul>\n    <\/div> \n","protected":false},"excerpt":{"rendered":"<p>O Pleno do Tribunal de Contas do Estado, reunido em sess\u00e3o ordin\u00e1ria h\u00edbrida, nesta quarta-feira (16), responsabilizou o ex-prefeito de Amparo, In\u00e1cio Luiz N\u00f3brega da Silva, pelo excesso de gastos com combust\u00edveis e falta de comprova\u00e7\u00e3o de despesas com material de constru\u00e7\u00e3o. As irregularidades ensejaram a imputa\u00e7\u00e3o de um d\u00e9bito no montante de R$ 330.255,30, a ser ressarcido pelo gestor, al\u00e9m de multas. Aprovadas foram as contas das prefeituras de Puxinan\u00e3 e Dami\u00e3o, relativas a 2023, bem como as 2022, prestadas pelo munic\u00edpio de Alcantil.<\/p>\n","protected":false},"author":5,"featured_media":0,"comment_status":"open","ping_status":"open","sticky":false,"template":"","format":"standard","meta":{"postBodyCss":"","postBodyMargin":[],"postBodyPadding":[],"postBodyBackground":{"backgroundType":"classic","gradient":""},"_price":"","_stock":"","_tribe_ticket_header":"","_tribe_default_ticket_provider":"","_tribe_ticket_capacity":"0","_ticket_start_date":"","_ticket_end_date":"","_tribe_ticket_show_description":"","_tribe_ticket_show_not_going":false,"_tribe_ticket_use_global_stock":"","_tribe_ticket_global_stock_level":"","_global_stock_mode":"","_global_stock_cap":"","_tribe_rsvp_for_event":"","_tribe_ticket_going_count":"","_tribe_ticket_not_going_count":"","_tribe_tickets_list":"[]","_tribe_ticket_has_attendee_info_fields":false,"footnotes":""},"categories":[46],"tags":[9095,288,9092,494,9093,9096,9091,8479,9094,489,1247,891,9090,1199,7322,3425,3413],"class_list":["post-10474","post","type-post","status-publish","format-standard","hentry","category-noticias","tag-amparo","tag-combustiveis","tag-debito-2","tag-ex-prefeito","tag-ex-prefeito-de-amparo","tag-excesso-de-gastos","tag-gastos-irregulares","tag-gestao-2","tag-inacio-luiz-nobrega-da-silva","tag-irregularidades","tag-material-de-construcao","tag-multas","tag-pb-saude","tag-pleno","tag-reprova-contas","tag-tce-pb","tag-tribunal-de-contas-do-estado"],"acf":[],"_links":{"self":[{"href":"https:\/\/sgpsolucoes.com.br\/site\/wp-json\/wp\/v2\/posts\/10474"}],"collection":[{"href":"https:\/\/sgpsolucoes.com.br\/site\/wp-json\/wp\/v2\/posts"}],"about":[{"href":"https:\/\/sgpsolucoes.com.br\/site\/wp-json\/wp\/v2\/types\/post"}],"author":[{"embeddable":true,"href":"https:\/\/sgpsolucoes.com.br\/site\/wp-json\/wp\/v2\/users\/5"}],"replies":[{"embeddable":true,"href":"https:\/\/sgpsolucoes.com.br\/site\/wp-json\/wp\/v2\/comments?post=10474"}],"version-history":[{"count":0,"href":"https:\/\/sgpsolucoes.com.br\/site\/wp-json\/wp\/v2\/posts\/10474\/revisions"}],"wp:attachment":[{"href":"https:\/\/sgpsolucoes.com.br\/site\/wp-json\/wp\/v2\/media?parent=10474"}],"wp:term":[{"taxonomy":"category","embeddable":true,"href":"https:\/\/sgpsolucoes.com.br\/site\/wp-json\/wp\/v2\/categories?post=10474"},{"taxonomy":"post_tag","embeddable":true,"href":"https:\/\/sgpsolucoes.com.br\/site\/wp-json\/wp\/v2\/tags?post=10474"}],"curies":[{"name":"wp","href":"https:\/\/api.w.org\/{rel}","templated":true}]}}