{"id":10477,"date":"2025-04-17T16:31:04","date_gmt":"2025-04-17T19:31:04","guid":{"rendered":"https:\/\/sgpsolucoes.com.br\/site\/?p=10477"},"modified":"2025-04-17T16:31:05","modified_gmt":"2025-04-17T19:31:05","slug":"prestadores-de-servicos-publicos-inadimplentes-ficarao-sem-energia","status":"publish","type":"post","link":"https:\/\/sgpsolucoes.com.br\/site\/prestadores-de-servicos-publicos-inadimplentes-ficarao-sem-energia\/","title":{"rendered":"Prestadores de servi\u00e7os p\u00fablicos inadimplentes ficar\u00e3o sem energia"},"content":{"rendered":"<p><em><strong>AGU assegura no STF validade de norma que permite corte de energia por falta de pagamento<\/strong><\/em><\/p><p>A Advocacia-Geral da Uni\u00e3o (AGU) garantiu, no Supremo Tribunal Federal (STF), a legalidade de dispositivos normativos que autorizam a suspens\u00e3o do fornecimento de energia el\u00e9trica em casos de inadimpl\u00eancia, inclusive quando envolvem entes prestadores de servi\u00e7os p\u00fablicos. A decis\u00e3o reverte entendimento anterior do Tribunal Regional Federal da 2\u00aa Regi\u00e3o (TRF2) e confirma a constitucionalidade do artigo 17 da Lei n\u00ba 9.427\/1996 e do artigo 94 da Resolu\u00e7\u00e3o n\u00ba 456\/2000 da Ag\u00eancia Nacional de Energia El\u00e9trica (Aneel).<\/p><p>A controv\u00e9rsia teve origem em a\u00e7\u00e3o civil p\u00fablica proposta pelo Minist\u00e9rio P\u00fablico Federal (MPF), que buscava impedir o corte de energia el\u00e9trica, por falta de pagamento, de entidades p\u00fablicas prestadoras de servi\u00e7os essenciais. O pedido do MPF sustentava a inconstitucionalidade dos dispositivos que embasavam tais suspens\u00f5es, argumentando que sua aplica\u00e7\u00e3o poderia prejudicar o interesse coletivo e o acesso da popula\u00e7\u00e3o a servi\u00e7os fundamentais.<\/p><p>A a\u00e7\u00e3o foi inicialmente julgada procedente pela 28\u00aa Vara Federal do Rio de Janeiro e teve a decis\u00e3o confirmada pelo TRF2. Contudo, a Procuradoria Regional Federal da 2\u00aa Regi\u00e3o (PRF2), representando a autarquia, recorreu ao STF por meio de agravo interposto ao Recurso Extraordin\u00e1rio, visando \u00e0 preserva\u00e7\u00e3o da norma legal vigente.<\/p><p>No julgamento do agravo, o ministro Andr\u00e9 Mendon\u00e7a acolheu os argumentos da PRF2 e reformou a decis\u00e3o de segunda inst\u00e2ncia. O relator destacou que, apesar de o pedido do MPF alegar uma inconstitucionalidade \u201cin concreto\u201d, ou seja, com base em um caso espec\u00edfico, n\u00e3o houve base f\u00e1tica delimitada no processo. Assim, segundo o ministro, o julgamento do TRF2 acabou por declarar, de forma generalizada e abstrata, a inconstitucionalidade dos dispositivos legais, o que extrapola os limites da a\u00e7\u00e3o civil p\u00fablica em quest\u00e3o.<\/p><p>Segundo o procurador federal Alex Tavares dos Santos,&nbsp;que atuou no caso, o entendimento do STF protege a sustentabilidade do setor el\u00e9trico e a seguran\u00e7a jur\u00eddica dos contratos administrativos firmados com concession\u00e1rias. \u201cA decis\u00e3o do Supremo reafirma a import\u00e2ncia do respeito ao devido processo legislativo e \u00e0 separa\u00e7\u00e3o entre o controle incidental e o controle abstrato de constitucionalidade. Foi uma vit\u00f3ria institucional relevante que assegura a estabilidade das rela\u00e7\u00f5es jur\u00eddicas reguladas pela Aneel\u201d, afirmou o procurador.<\/p><p><strong>Processo:\u00a0<\/strong>0016646-48.2002.4.02.5101\u00a0<\/p><p><strong>Fonte: AGU<\/strong><\/p>\n    <div class=\"xs_social_share_widget xs_share_url after_content \t\tmain_content  wslu-style-1 wslu-share-box-shaped wslu-fill-colored wslu-none wslu-share-horizontal wslu-theme-font-no wslu-main_content\">\n\n\t\t\n        <ul>\n\t\t\t        <\/ul>\n    <\/div> \n","protected":false},"excerpt":{"rendered":"<p>A Advocacia-Geral da Uni\u00e3o (AGU) garantiu, no Supremo Tribunal Federal (STF), a legalidade de dispositivos normativos que autorizam a suspens\u00e3o do fornecimento de energia el\u00e9trica em casos de inadimpl\u00eancia, inclusive quando envolvem entes prestadores de servi\u00e7os p\u00fablicos. A decis\u00e3o reverte entendimento anterior do Tribunal Regional Federal da 2\u00aa Regi\u00e3o (TRF2) e confirma a constitucionalidade do artigo 17 da Lei n\u00ba 9.427\/1996 e do artigo 94 da Resolu\u00e7\u00e3o n\u00ba 456\/2000 da Ag\u00eancia Nacional de Energia El\u00e9trica (Aneel).<\/p>\n","protected":false},"author":5,"featured_media":0,"comment_status":"open","ping_status":"open","sticky":false,"template":"","format":"standard","meta":{"postBodyCss":"","postBodyMargin":[],"postBodyPadding":[],"postBodyBackground":{"backgroundType":"classic","gradient":""},"_price":"","_stock":"","_tribe_ticket_header":"","_tribe_default_ticket_provider":"","_tribe_ticket_capacity":"0","_ticket_start_date":"","_ticket_end_date":"","_tribe_ticket_show_description":"","_tribe_ticket_show_not_going":false,"_tribe_ticket_use_global_stock":"","_tribe_ticket_global_stock_level":"","_global_stock_mode":"","_global_stock_cap":"","_tribe_rsvp_for_event":"","_tribe_ticket_going_count":"","_tribe_ticket_not_going_count":"","_tribe_tickets_list":"[]","_tribe_ticket_has_attendee_info_fields":false,"footnotes":""},"categories":[46],"tags":[5884,1408,5095,79,5094,1792,9104,5338,6291,2538,9103,9106,6290,7514,2595,9105,4993,4992,9102,9098,9101,9099,7070,4484,347,348,9100,6888,6889,9097],"class_list":["post-10477","post","type-post","status-publish","format-standard","hentry","category-noticias","tag-acao-civil-publica","tag-advocacia-geral-da-uniao","tag-agencia-nacional-de-energia-eletrica","tag-agu","tag-aneel","tag-constitucionalidade","tag-controversia","tag-corte-de-energia","tag-corte-de-energia-eletrica","tag-energia-eletrica","tag-entes-prestadores-de-servicos-publicos","tag-entidades-publicas","tag-falta-de-pagamento","tag-inadimplencia","tag-legalidade","tag-lei-no-9-427-1996","tag-ministerio-publico-federal","tag-mpf","tag-prestadoras-de-servicos-essenciais","tag-prestadores-de-servicos-publicos-inadimplentes","tag-resolucao-no-456-2000","tag-sem-energia","tag-servicos-essenciais","tag-servicos-publicos","tag-stf","tag-supremo-tribunal-federal","tag-suspensao-do-fornecimento-de-energia-eletrica","tag-trf2","tag-tribunal-regional-federal-da-2a-regiao","tag-validade-de-norma"],"acf":[],"_links":{"self":[{"href":"https:\/\/sgpsolucoes.com.br\/site\/wp-json\/wp\/v2\/posts\/10477"}],"collection":[{"href":"https:\/\/sgpsolucoes.com.br\/site\/wp-json\/wp\/v2\/posts"}],"about":[{"href":"https:\/\/sgpsolucoes.com.br\/site\/wp-json\/wp\/v2\/types\/post"}],"author":[{"embeddable":true,"href":"https:\/\/sgpsolucoes.com.br\/site\/wp-json\/wp\/v2\/users\/5"}],"replies":[{"embeddable":true,"href":"https:\/\/sgpsolucoes.com.br\/site\/wp-json\/wp\/v2\/comments?post=10477"}],"version-history":[{"count":0,"href":"https:\/\/sgpsolucoes.com.br\/site\/wp-json\/wp\/v2\/posts\/10477\/revisions"}],"wp:attachment":[{"href":"https:\/\/sgpsolucoes.com.br\/site\/wp-json\/wp\/v2\/media?parent=10477"}],"wp:term":[{"taxonomy":"category","embeddable":true,"href":"https:\/\/sgpsolucoes.com.br\/site\/wp-json\/wp\/v2\/categories?post=10477"},{"taxonomy":"post_tag","embeddable":true,"href":"https:\/\/sgpsolucoes.com.br\/site\/wp-json\/wp\/v2\/tags?post=10477"}],"curies":[{"name":"wp","href":"https:\/\/api.w.org\/{rel}","templated":true}]}}