{"id":10483,"date":"2025-04-17T16:39:09","date_gmt":"2025-04-17T19:39:09","guid":{"rendered":"https:\/\/sgpsolucoes.com.br\/site\/?p=10483"},"modified":"2025-04-17T16:39:10","modified_gmt":"2025-04-17T19:39:10","slug":"justica-veda-recebimento-cumulativo-de-adicionais-por-militares","status":"publish","type":"post","link":"https:\/\/sgpsolucoes.com.br\/site\/justica-veda-recebimento-cumulativo-de-adicionais-por-militares\/","title":{"rendered":"Justi\u00e7a veda recebimento cumulativo de adicionais por militares"},"content":{"rendered":"<p><em><strong>Atua\u00e7\u00e3o da Advocacia-Geral da Uni\u00e3o evitar\u00e1 potenciais gastos de R$ 3 bilh\u00f5es com For\u00e7as Armadas<\/strong><\/em><\/p><p>Militares n\u00e3o podem acumular o recebimento simult\u00e2neo do adicional de tempo de servi\u00e7o (ATS) e do adicional de compensa\u00e7\u00e3o por disponibilidade militar (ACDM). Esse foi o entendimento un\u00e2nime da Turma Nacional de Uniformiza\u00e7\u00e3o (TNU) do Conselho da Justi\u00e7a Federal (CJF), que acolheu os argumentos apresentados pela Advocacia-Geral da Uni\u00e3o (AGU) no julgamento do Tema Representativo de Controv\u00e9rsia n\u00ba 363, sobre a possibilidade de percep\u00e7\u00e3o cumulativa dos dois adicionais.\u00a0<\/p><p>A tese fixada deve ser observada pelos Juizados Especiais Federais e respectivas Turmas Recursais de todo o pa\u00eds. Com o resultado, a AGU conseguiu evitar um potencial impacto financeiro de&nbsp;R$ 3 bilh\u00f5es por ano para a Uni\u00e3o com custos remunerat\u00f3rios das For\u00e7as Armadas, caso a acumula\u00e7\u00e3o viesse a ser reconhecida como legal para efetivos militares da Marinha, Ex\u00e9rcito e Aeron\u00e1utica.&nbsp;<\/p><p>A\u00a0quest\u00e3o foi levada \u00e0 TNU\u00a0em Incidente de Uniformiza\u00e7\u00e3o Nacional interposto contra ac\u00f3rd\u00e3o da 2\u00aa Turma Recursal do Esp\u00edrito Santo, que manteve senten\u00e7a de improced\u00eancia de pedido de reconhecimento do direito \u00e0 percep\u00e7\u00e3o cumulativa do ATS com o ACDM.\u00a0O ac\u00f3rd\u00e3o recorrido foi fundamentado na expressa veda\u00e7\u00e3o legal \u00e0 cumula\u00e7\u00e3o dos adicionais, conforme a Lei n\u00ba 13.954\/2019, e na inexist\u00eancia de direito adquirido a regime jur\u00eddico, desde que preservada a irredutibilidade de vencimentos, conforme entendimento do Supremo Tribunal Federal (STF) no Recurso Especial 563.965\/RN.\u00a0 \u00a0<\/p><p>A parte autora argumentou que a proibi\u00e7\u00e3o da acumula\u00e7\u00e3o afrontaria o direito adquirido, o ato jur\u00eddico perfeito e o princ\u00edpio da irredutibilidade de vencimentos, al\u00e9m de divergir de entendimento adotado pela 4\u00aa Turma Recursal da Se\u00e7\u00e3o Judici\u00e1ria de Minas Gerais, que havia declarado a inconstitucionalidade do dispositivo legal.&nbsp;&nbsp;<\/p><p>A\u00a0AGU acompanhou o caso desde a origem, por meio da Coordena\u00e7\u00e3o Regional de Juizados Especiais Federais da 2\u00aa Regi\u00e3o, na TNU, de forma priorit\u00e1ria e estrat\u00e9gica, por meio da Coordena\u00e7\u00e3o Nacional dos Juizados Especiais Federais (Conjef) da Procuradoria Nacional da Uni\u00e3o de Servidores e Militares (PNSM).<\/p><p>E conseguiu demonstrar&nbsp;a veda\u00e7\u00e3o legal expressa \u00e0 cumula\u00e7\u00e3o dos adicionais e a inexist\u00eancia de afronta \u00e0 irredutibilidade de vencimentos, uma vez que a lei assegura ao militar o direito de optar pelo mais vantajoso. Tamb\u00e9m ressaltou que o ATS, extinto em 2001, foi convertido em vantagem pessoal nominalmente identificada (VPNI) para os militares que preenchiam os requisitos at\u00e9 29\/12\/2000, sem garantia de incorpora\u00e7\u00e3o permanente \u00e0 nova estrutura remunerat\u00f3ria.&nbsp;&nbsp;<\/p><p>A Turma Nacional de Uniformiza\u00e7\u00e3o acolheu por unanimidade o entendimento defendido pela Uni\u00e3o, firmando a tese: \u201cN\u00e3o \u00e9 poss\u00edvel o recebimento simult\u00e2neo dos adicionais de tempo de servi\u00e7o, nos termos da Medida Provis\u00f3ria n\u00ba 2.215-10\/2001, e de compensa\u00e7\u00e3o por disponibilidade militar, institu\u00eddo pela Lei n\u00ba 13.954\/2019, por expressa veda\u00e7\u00e3o legal\u201d.&nbsp;&nbsp;<\/p><p>\u201cA decis\u00e3o da TNU, proferida sob a sistem\u00e1tica dos recursos representativos de controv\u00e9rsia, pacifica a quest\u00e3o, reduz a judicializa\u00e7\u00e3o e representa significativa economia de recursos p\u00fablicos para as For\u00e7as Armadas, contribuindo para viabilizar, do ponto de vista or\u00e7ament\u00e1rio, a continuidade do cumprimento de suas relevantes miss\u00f5es institucionais\u201d, informou o advogado da Uni\u00e3o, Lu\u00eds Felipe Cabral Pacheco.&nbsp;<\/p><p><strong>Processo de refer\u00eancia:<\/strong>&nbsp;PEDILEF N\u00ba 5003959-27.2020.4.02.5002&nbsp;<\/p><p><strong>Fonte: AGU<\/strong><\/p>\n    <div class=\"xs_social_share_widget xs_share_url after_content \t\tmain_content  wslu-style-1 wslu-share-box-shaped wslu-fill-colored wslu-none wslu-share-horizontal wslu-theme-font-no wslu-main_content\">\n\n\t\t\n        <ul>\n\t\t\t        <\/ul>\n    <\/div> \n","protected":false},"excerpt":{"rendered":"<p>Militares n\u00e3o podem acumular o recebimento simult\u00e2neo do adicional de tempo de servi\u00e7o (ATS) e do adicional de compensa\u00e7\u00e3o por disponibilidade militar (ACDM). Esse foi o entendimento un\u00e2nime da Turma Nacional de Uniformiza\u00e7\u00e3o (TNU) do Conselho da Justi\u00e7a Federal (CJF), que acolheu os argumentos apresentados pela Advocacia-Geral da Uni\u00e3o (AGU) no julgamento do Tema Representativo de Controv\u00e9rsia n\u00ba 363, sobre a possibilidade de percep\u00e7\u00e3o cumulativa dos dois adicionais.\u00a0<\/p>\n","protected":false},"author":5,"featured_media":0,"comment_status":"open","ping_status":"open","sticky":false,"template":"","format":"standard","meta":{"postBodyCss":"","postBodyMargin":[],"postBodyPadding":[],"postBodyBackground":{"backgroundType":"classic","gradient":""},"_price":"","_stock":"","_tribe_ticket_header":"","_tribe_default_ticket_provider":"","_tribe_ticket_capacity":"0","_ticket_start_date":"","_ticket_end_date":"","_tribe_ticket_show_description":"","_tribe_ticket_show_not_going":false,"_tribe_ticket_use_global_stock":"","_tribe_ticket_global_stock_level":"","_global_stock_mode":"","_global_stock_cap":"","_tribe_rsvp_for_event":"","_tribe_ticket_going_count":"","_tribe_ticket_not_going_count":"","_tribe_tickets_list":"[]","_tribe_ticket_has_attendee_info_fields":false,"footnotes":""},"categories":[46],"tags":[9111,2657,1568,9116,9112,1408,79,9114,4656,4658,2438,394,4510,9117,9113,9115,9118,9119,9120],"class_list":["post-10483","post","type-post","status-publish","format-standard","hentry","category-noticias","tag-acdm","tag-acumular","tag-adicionais","tag-adicional-de-compensacao-por-disponibilidade-militar","tag-adicional-de-tempo-de-servico","tag-advocacia-geral-da-uniao","tag-agu","tag-ats","tag-cjf","tag-conselho-da-justica-federal","tag-forcas-armadas","tag-justica","tag-militares","tag-percepcao-cumulativa-de-adicionais","tag-recebimento-cumulativo","tag-recebimento-simultaneo","tag-tema-representativo-de-controversia-no-363","tag-tnu","tag-turma-nacional-de-uniformizacao"],"acf":[],"_links":{"self":[{"href":"https:\/\/sgpsolucoes.com.br\/site\/wp-json\/wp\/v2\/posts\/10483"}],"collection":[{"href":"https:\/\/sgpsolucoes.com.br\/site\/wp-json\/wp\/v2\/posts"}],"about":[{"href":"https:\/\/sgpsolucoes.com.br\/site\/wp-json\/wp\/v2\/types\/post"}],"author":[{"embeddable":true,"href":"https:\/\/sgpsolucoes.com.br\/site\/wp-json\/wp\/v2\/users\/5"}],"replies":[{"embeddable":true,"href":"https:\/\/sgpsolucoes.com.br\/site\/wp-json\/wp\/v2\/comments?post=10483"}],"version-history":[{"count":0,"href":"https:\/\/sgpsolucoes.com.br\/site\/wp-json\/wp\/v2\/posts\/10483\/revisions"}],"wp:attachment":[{"href":"https:\/\/sgpsolucoes.com.br\/site\/wp-json\/wp\/v2\/media?parent=10483"}],"wp:term":[{"taxonomy":"category","embeddable":true,"href":"https:\/\/sgpsolucoes.com.br\/site\/wp-json\/wp\/v2\/categories?post=10483"},{"taxonomy":"post_tag","embeddable":true,"href":"https:\/\/sgpsolucoes.com.br\/site\/wp-json\/wp\/v2\/tags?post=10483"}],"curies":[{"name":"wp","href":"https:\/\/api.w.org\/{rel}","templated":true}]}}