{"id":10486,"date":"2025-04-17T17:03:17","date_gmt":"2025-04-17T20:03:17","guid":{"rendered":"https:\/\/sgpsolucoes.com.br\/site\/?p=10486"},"modified":"2025-04-17T17:03:57","modified_gmt":"2025-04-17T20:03:57","slug":"a-certidao-de-nascimento-do-congresso-em-brasilia","status":"publish","type":"post","link":"https:\/\/sgpsolucoes.com.br\/site\/a-certidao-de-nascimento-do-congresso-em-brasilia\/","title":{"rendered":"A &#8220;certid\u00e3o de nascimento&#8221; do Congresso em Bras\u00edlia"},"content":{"rendered":"<p>Bras\u00edlia completa 65 anos nesta segunda-feira, 21 de abril. Aquele dia em 1960 marcou n\u00e3o apenas a inaugura\u00e7\u00e3o da nova capital. A data tamb\u00e9m selou a transfer\u00eancia do Poder Legislativo do Rio de Janeiro para o Planalto Central.<\/p><p>Pela Constitui\u00e7\u00e3o da \u00e9poca, o vice-presidente da Rep\u00fablica, Jo\u00e3o Goulart, acumulava o cargo de presidente do Senado. Numa quinta-feira, \u00e0s 11h30 da manh\u00e3, Jango abriu as portas do rec\u00e9m constru\u00eddo Pal\u00e1cio do Congresso Nacional para receber autoridades do Brasil e do exterior.<\/p><p>Em um discurso marcado pelas palavras \u201cjusti\u00e7a\u201d e \u201capre\u00e7o\u201d, ele enalteceu o papel de todos que contribu\u00edram para a conclus\u00e3o de uma \u201cobra t\u00e3o complexa e monumental\u201d. Diante do presidente Juscelino Kubitscheck, destacou que Bras\u00edlia era \u201cs\u00edmbolo da pertin\u00e1cia [perseveran\u00e7a], do devotamento e da capacidade de a\u00e7\u00e3o do trabalhador brasileiro\u201d.<\/p><figure class=\"wp-block-image size-full\"><img decoding=\"async\" src=\"https:\/\/sgpsolucoes.com.br\/site\/wp-content\/uploads\/2025\/04\/image-16.png\" alt=\"\" class=\"wp-image-10487\"\/><figcaption class=\"wp-element-caption\"><em><strong>Jo\u00e3o Goulart e Juscelino Kubitschek na chegada ao Congresso em Bras\u00edlia<\/strong> &#8211; Arquivo P\u00fablico do DF<\/em><\/figcaption><\/figure><figure class=\"wp-block-image size-full\"><img decoding=\"async\" src=\"https:\/\/sgpsolucoes.com.br\/site\/wp-content\/uploads\/2025\/04\/image-17.png\" alt=\"\" class=\"wp-image-10488\"\/><figcaption class=\"wp-element-caption\"><em><strong>Jo\u00e3o Goulart e Juscelino Kubitschek durante a sess\u00e3o de instala\u00e7\u00e3o do Congresso em Bras\u00edlia<\/strong> &#8211; Arquivo P\u00fablico do DF<\/em><\/figcaption><\/figure><p><a href=\"\/noticias\/infomaterias\/2025\/04\/a-2018certidao-de-nascimento2019-do-congresso-em-brasilia\/jango-e-jk\/nov-d-4-4-d-3-3714.jpg\"><\/a><a href=\"\/noticias\/infomaterias\/2025\/04\/a-2018certidao-de-nascimento2019-do-congresso-em-brasilia\/jango-e-jk\/instalacao-do-congresso-_-agencia-nacional_07.jpg\"><\/a>Al\u00e9m de Jango, apenas dois parlamentares discursaram na sess\u00e3o inaugural: o presidente da C\u00e2mara dos Deputados, Ranieri Mazzilli (SP), e o vice-presidente do Senado, Filinto M\u00fcller (MT).<\/p><p>Mazzili destacou que, na \u201c\u00e9pica arrancada para fincar uma cidade na selva\u201d, muitos demonstraram \u201calguma d\u00favida sobre o acerto ou a possibilidade da empreitada\u201d. Apesar disso, ele disse, a Nova Capital foi erguida como \u201co primeiro passo para a fraternal partilha dos bens econ\u00f4micos, sociais e culturais\u201d.<\/p><p>\u2014 N\u00e3o existem solu\u00e7\u00f5es prontas para problema algum. E a inaugura\u00e7\u00e3o de Bras\u00edlia \u00e9 apenas a entrega de um instrumento de a\u00e7\u00e3o aos homens que daqui dever\u00e3o governar o pa\u00eds. Fizeram a sua parte os construtores e os pioneiros. Deram-nos um ambiente de beleza e serenidade, aliando ao funcional o espiritual \u2014 afirmou o deputado.<\/p><p>Por sua vez, o senador Filinto M\u00fcller lembrou que, \u201cpara a concretiza\u00e7\u00e3o do sonho mais que secular dos nossos estadistas\u201d, nunca faltaram \u201ca compreens\u00e3o e a colabora\u00e7\u00e3o do Congresso Nacional\u201d.<\/p><p>\u2014 Todo o Brasil compreendeu o significado de Bras\u00edlia. Todo o Brasil lutou por ela. Todo o Brasil p\u00f4s naquele sonho as suas esperan\u00e7as \u2014 disse.<\/p><figure class=\"wp-block-image size-full\"><img decoding=\"async\" src=\"https:\/\/sgpsolucoes.com.br\/site\/wp-content\/uploads\/2025\/04\/image-18.png\" alt=\"\" class=\"wp-image-10489\"\/><\/figure><figure class=\"wp-block-image size-full\"><img decoding=\"async\" src=\"https:\/\/sgpsolucoes.com.br\/site\/wp-content\/uploads\/2025\/04\/image-19.png\" alt=\"\" class=\"wp-image-10490\"\/><\/figure><p><a href=\"\/noticias\/infomaterias\/2025\/04\/a-2018certidao-de-nascimento2019-do-congresso-em-brasilia\/filinto-muller-e-ranieri-mazzilli\/filinto-muller.jpg\"><\/a><a href=\"\/noticias\/infomaterias\/2025\/04\/a-2018certidao-de-nascimento2019-do-congresso-em-brasilia\/filinto-muller-e-ranieri-mazzilli\/ranieri-mazilli.jpg\"><\/a><strong><em>Al\u00e9m de Jo\u00e3o Goulart, a sess\u00e3o contou com pronunciamentos de Filinto M\u00fcller e Ranieri Mazzilli<\/em><\/strong><\/p><p>[&#8230;]<\/p><h3 class=\"wp-block-heading\">Arquitetura<\/h3><p>Um dos pr\u00e9dios mais ic\u00f4nicos de Bras\u00edlia, o Pal\u00e1cio do Congresso Nacional foi projetado por Oscar Niemeyer com a inten\u00e7\u00e3o de unir Senado e C\u00e2mara, ocupando um dos v\u00e9rtices do tri\u00e2ngulo que delimita a Pra\u00e7a dos Tr\u00eas Poderes \u2014 local que abriga tamb\u00e9m, nos v\u00e9rtices da base, o Pal\u00e1cio do Planalto, sede do Executivo, e o Supremo Tribunal Federal, inst\u00e2ncia m\u00e1xima do Poder Judici\u00e1rio.<\/p><p>Niemeyer definiu assim a arquitetura do Pal\u00e1cio do Congresso:<\/p><blockquote class=\"wp-block-quote is-layout-flow wp-block-quote-is-layout-flow\"><p><em>&#8220;Arquitetura n\u00e3o constitui uma simples quest\u00e3o de engenharia, mas uma manifesta\u00e7\u00e3o do esp\u00edrito, da imagina\u00e7\u00e3o e da poesia (&#8230;). No Pal\u00e1cio do Congresso, por exemplo, a composi\u00e7\u00e3o se formulou em fun\u00e7\u00e3o desse crit\u00e9rio, das conveni\u00eancias da arquitetura e do urbanismo, dos volumes, dos espa\u00e7os livres, da oportunidade visual e das perspectivas e, especialmente, da inten\u00e7\u00e3o de lhe dar o car\u00e1ter de monumentalidade, com a simplifica\u00e7\u00e3o de seus elementos e a ado\u00e7\u00e3o de formas puras e geom\u00e9tricas. Da\u00ed decorreu todo o projeto do Pal\u00e1cio e o aproveitamento da conforma\u00e7\u00e3o local, de maneira a criar no n\u00edvel das avenidas que o ladeiam uma monumental esplanada e sobre ela fixar as c\u00fapulas que deviam hierarquicamente caracteriz\u00e1-lo.&#8221;<\/em><\/p><\/blockquote><p>O consultor legislativo Marcos Magalh\u00e3es afirma que, diferentemente do Rio de Janeiro, onde C\u00e2mara e Senado funcionavam em locais distintos, a arquitetura do pr\u00e9dio do Congresso em Bras\u00edlia criou um novo padr\u00e3o de relacionamento entre as duas Casas Legislativas, justamente pela proximidade entre elas.<\/p><p>A constru\u00e7\u00e3o da nova capital, lembra Magalh\u00e3es, foi uma decis\u00e3o do presidente Juscelino Kubitschek, mas coube ao Congresso, ainda no Rio de Janeiro, autorizar e acompanhar as obras para viabilizar o nascimento de Bras\u00edlia.<\/p><p><strong>Assista abaixo a trechos do v\u00eddeo\u00a0<em>Arquivo S &#8211; O Congresso Nacional na Constru\u00e7\u00e3o de Bras\u00edlia<\/em>, da Ag\u00eancia Senado.<a href=\"javascript:void(0);\"><\/a> <\/strong><\/p><figure class=\"wp-block-embed is-type-video is-provider-youtube wp-block-embed-youtube wp-embed-aspect-16-9 wp-has-aspect-ratio\"><div class=\"wp-block-embed__wrapper\">\n<iframe title=\"O Congresso Nacional na Constru\u00e7\u00e3o de Bras\u00edlia\" width=\"800\" height=\"450\" src=\"https:\/\/www.youtube.com\/embed\/zpthfJ-sAmM?feature=oembed\" frameborder=\"0\" allow=\"accelerometer; autoplay; clipboard-write; encrypted-media; gyroscope; picture-in-picture; web-share\" referrerpolicy=\"strict-origin-when-cross-origin\" allowfullscreen><\/iframe>\n<\/div><\/figure><h3 class=\"wp-block-heading\">Saiba mais:<\/h3><ul class=\"wp-block-list\"><li><a href=\"https:\/\/www.youtube.com\/watch?v=rd0tGHZjffo\" target=\"_blank\" rel=\"noreferrer noopener\">Senado na Hist\u00f3ria &#8211; A Sede do Congresso Nacional<\/a><\/li>\n\n<li><a href=\"\/noticias\/infomaterias\/2020\/05\/brasilia-60-anos-2014-a-festa-de-inauguracao\" target=\"_blank\" rel=\"noreferrer noopener\">Funda\u00e7\u00e3o de Bras\u00edlia: pa\u00eds vivia clima de otimismo, modernidade e eleg\u00e2ncia<\/a><\/li>\n\n<li><a href=\"\/noticias\/videos\/2025\/04\/conheca-as-escalas-urbanas-que-fazem-de-brasilia-uma-cidade-unica\">Conhe\u00e7a as escalas urbanas que fazem de Bras\u00edlia uma cidade \u00fanica<\/a><\/li><\/ul><hr class=\"wp-block-separator has-alpha-channel-opacity\"\/><p>Reportagem:&nbsp;<strong>Dante Accioly<\/strong><\/p><p>Edi\u00e7\u00e3o:\u00a0<strong>Maur\u00edcio M\u00fcller<\/strong><\/p><p>Edi\u00e7\u00e3o de fotos e multim\u00eddia:<strong>\u00a0Bernardo Ururahy<\/strong><\/p><p>Design e videografismo:\u00a0<strong>Aguinaldo Abreu<\/strong><\/p><p>Design web story:<strong>\u00a0Mateus Mativi<\/strong><\/p><p>Voz de Jo\u00e3o Goulart recriada por intelig\u00eancia artificial:<strong> Fernando\u00a0Ribeiro<\/strong><\/p><p>Foto de capa:<strong> Arquivo P\u00fablico do DF<\/strong><\/p><p><strong>Fonte: Ag\u00eancia Senado<\/strong><\/p>\n    <div class=\"xs_social_share_widget xs_share_url after_content \t\tmain_content  wslu-style-1 wslu-share-box-shaped wslu-fill-colored wslu-none wslu-share-horizontal wslu-theme-font-no wslu-main_content\">\n\n\t\t\n        <ul>\n\t\t\t        <\/ul>\n    <\/div> \n","protected":false},"excerpt":{"rendered":"<p>Bras\u00edlia completa 65 anos nesta segunda-feira, 21 de abril. Aquele dia em 1960 marcou n\u00e3o apenas a inaugura\u00e7\u00e3o da nova capital. A data tamb\u00e9m selou a transfer\u00eancia do Poder Legislativo do Rio de Janeiro para o Planalto Central.<\/p>\n","protected":false},"author":5,"featured_media":0,"comment_status":"open","ping_status":"open","sticky":false,"template":"","format":"standard","meta":{"postBodyCss":"","postBodyMargin":[],"postBodyPadding":[],"postBodyBackground":{"backgroundType":"classic","gradient":""},"_price":"","_stock":"","_tribe_ticket_header":"","_tribe_default_ticket_provider":"","_tribe_ticket_capacity":"0","_ticket_start_date":"","_ticket_end_date":"","_tribe_ticket_show_description":"","_tribe_ticket_show_not_going":false,"_tribe_ticket_use_global_stock":"","_tribe_ticket_global_stock_level":"","_global_stock_mode":"","_global_stock_cap":"","_tribe_rsvp_for_event":"","_tribe_ticket_going_count":"","_tribe_ticket_not_going_count":"","_tribe_tickets_list":"[]","_tribe_ticket_has_attendee_info_fields":false,"footnotes":""},"categories":[46],"tags":[9124,9122,9121,9131,9134,7460,1457,1363,9137,9130,9128,9136,9126,9135,9132,9125,9123,9127,9133,9129],"class_list":["post-10486","post","type-post","status-publish","format-standard","hentry","category-noticias","tag-9124","tag-21-de-abril","tag-65-anos","tag-agencia-senado","tag-autoridades-do-brasil-e-do-exterior","tag-brasilia","tag-camara-dos-deputados","tag-constituicao","tag-filinto-muller","tag-jango","tag-joao-goulart","tag-juscelino-kubitschek","tag-nova-capital","tag-o-vice-presidente-do-senado","tag-palacio-do-congresso-nacional","tag-planalto-central","tag-poder-legislativo-do-rio-de-janeiro","tag-presidente-do-senado","tag-ranieri-mazzilli","tag-vice-presidente-da-republica"],"acf":[],"_links":{"self":[{"href":"https:\/\/sgpsolucoes.com.br\/site\/wp-json\/wp\/v2\/posts\/10486"}],"collection":[{"href":"https:\/\/sgpsolucoes.com.br\/site\/wp-json\/wp\/v2\/posts"}],"about":[{"href":"https:\/\/sgpsolucoes.com.br\/site\/wp-json\/wp\/v2\/types\/post"}],"author":[{"embeddable":true,"href":"https:\/\/sgpsolucoes.com.br\/site\/wp-json\/wp\/v2\/users\/5"}],"replies":[{"embeddable":true,"href":"https:\/\/sgpsolucoes.com.br\/site\/wp-json\/wp\/v2\/comments?post=10486"}],"version-history":[{"count":0,"href":"https:\/\/sgpsolucoes.com.br\/site\/wp-json\/wp\/v2\/posts\/10486\/revisions"}],"wp:attachment":[{"href":"https:\/\/sgpsolucoes.com.br\/site\/wp-json\/wp\/v2\/media?parent=10486"}],"wp:term":[{"taxonomy":"category","embeddable":true,"href":"https:\/\/sgpsolucoes.com.br\/site\/wp-json\/wp\/v2\/categories?post=10486"},{"taxonomy":"post_tag","embeddable":true,"href":"https:\/\/sgpsolucoes.com.br\/site\/wp-json\/wp\/v2\/tags?post=10486"}],"curies":[{"name":"wp","href":"https:\/\/api.w.org\/{rel}","templated":true}]}}