{"id":10522,"date":"2025-04-22T13:48:42","date_gmt":"2025-04-22T16:48:42","guid":{"rendered":"https:\/\/sgpsolucoes.com.br\/site\/?p=10522"},"modified":"2025-04-22T13:48:43","modified_gmt":"2025-04-22T16:48:43","slug":"trf6-reconhece-responsabilidade-do-estado-em-adocoes-ilegais-e-condena-uniao-e-minas-gerais-a-indenizarem-vitimas-em-quase-2-milhoes-de-reais","status":"publish","type":"post","link":"https:\/\/sgpsolucoes.com.br\/site\/trf6-reconhece-responsabilidade-do-estado-em-adocoes-ilegais-e-condena-uniao-e-minas-gerais-a-indenizarem-vitimas-em-quase-2-milhoes-de-reais\/","title":{"rendered":"TRF6 reconhece responsabilidade do Estado em ado\u00e7\u00f5es ilegais e condena Uni\u00e3o e Minas Gerais a indenizarem v\u00edtimas em quase 2 milh\u00f5es de reais"},"content":{"rendered":"<p>Em uma decis\u00e3o hist\u00f3rica e emblem\u00e1tica para a prote\u00e7\u00e3o dos direitos humanos no Brasil, a Justi\u00e7a Federal em Minas Gerais reconheceu a responsabilidade da Uni\u00e3o e do Estado de Minas Gerais por viola\u00e7\u00f5es graves cometidas contra fam\u00edlias pobres durante o per\u00edodo de transi\u00e7\u00e3o da ditadura militar para a democracia. A senten\u00e7a acolheu a apela\u00e7\u00e3o de cinco v\u00edtimas e condenou os entes federativos ao pagamento de indeniza\u00e7\u00f5es que somam R$ 1,8 milh\u00e3o. A decis\u00e3o da 3\u00aa Turma do Tribunal Regional Federal da 6\u00aa Regi\u00e3o (TRF6) ocorreu na sess\u00e3o desta ter\u00e7a-feira (8\/4\/2025) sob a relatoria do juiz federal convocado Gl\u00e1ucio Ferreira Maciel Gon\u00e7alves. A decis\u00e3o foi por unanimidade.<\/p><p>O caso trata de um dos epis\u00f3dios mais chocantes e obscuros da hist\u00f3ria recente do pa\u00eds: entre 1985 e 1987, no munic\u00edpio de Santos Dumont (Minas Gerais), localizado na Zona da Mata mineira. Centenas de crian\u00e7as foram retiradas \u00e0 for\u00e7a de suas fam\u00edlias e enviadas para ado\u00e7\u00e3o no exterior \u2014 principalmente para Fran\u00e7a e It\u00e1lia \u2014 por meio de um esquema judicial fraudulento. A rede envolvia advogados, religiosas e agentes p\u00fablicos, como comiss\u00e1rios de menores e oficiais de justi\u00e7a, sob a autoridade do ent\u00e3o juiz Dirceu Silva Pinto, j\u00e1 falecido. O caso foi amplamente noticiado pelos jornais e continua a receber aten\u00e7\u00e3o da Imprensa nos dias atuais.<\/p><p>Os relatos envolvem tr\u00eas fam\u00edlias diretamente afetadas pelo esquema de ado\u00e7\u00f5es ilegais. Maria Ricardina de Souza teve seu filho Paulo C\u00e9sar retirado \u00e0 for\u00e7a de casa pelas autoridades, sendo presa ao tentar resistir. Seus outros filhos, Maria Concebida Marques e Sebasti\u00e3o de Souza Marques, tamb\u00e9m sofreram com a perda do irm\u00e3o. Heloisa Aparecida da Silva perdeu tr\u00eas filhos \u2014 Cristiano, Marcos e Claudinei \u2014 levados sem seu consentimento, restando-lhe apenas fotografias. J\u00e1 Isaura C\u00e2ndida Sobrinho viu seus tr\u00eas filhos \u2014 Maria Aparecida, Ana Paula e Fabiano \u2014 encaminhados irregularmente para ado\u00e7\u00e3o, tamb\u00e9m sendo presa e interditada (considerada louca), assim como Maria Ricardina.<\/p><p>Todas as fam\u00edlias encontravam-se em situa\u00e7\u00e3o de extrema vulnerabilidade social e econ\u00f4mica, o que refor\u00e7ava n\u00e3o apenas a conscientiza\u00e7\u00e3o sobre os pr\u00f3prios direitos, mas tamb\u00e9m a ado\u00e7\u00e3o de medidas legais para garanti-los, especialmente em cidades do interior, nas quais a posi\u00e7\u00e3o de autoridade dos agentes p\u00fablicos representava obst\u00e1culo ainda maior ao questionamento e \u00e0 busca por justi\u00e7a.<\/p><p>O juiz federal convocado Gl\u00e1ucio Ferreira Maciel Gon\u00e7alves afastou o entendimento anterior que havia reconhecido a prescri\u00e7\u00e3o da a\u00e7\u00e3o e reformou a senten\u00e7a de Primeira Inst\u00e2ncia. Para o magistrado, os danos causados \u00e0s fam\u00edlias foram de tal gravidade que justificam a ado\u00e7\u00e3o de um regime excepcional de responsabilidade civil do Estado.<\/p><p>A decis\u00e3o reconhece que a atua\u00e7\u00e3o do Estado de Minas Gerais foi determinante para a concretiza\u00e7\u00e3o das ado\u00e7\u00f5es ilegais, ao passo que a Uni\u00e3o foi omissa ao permitir a sa\u00edda irregular das crian\u00e7as do pa\u00eds, sem qualquer investiga\u00e7\u00e3o sobre a legalidade dos processos.<\/p><p>As v\u00edtimas, todas mulheres, relataram ter sido presas, interditadas e impedidas de reagir \u00e0 retirada de seus filhos. O Tribunal fixou indeniza\u00e7\u00f5es de R$ 500 mil para cada uma das tr\u00eas m\u00e3es que perderam seus filhos \u2014 Maria Ricardina de Souza, Heloisa Aparecida da Silva e Isaura C\u00e2ndida Sobrinho \u2014 e de R$ 150 mil para os irm\u00e3os das crian\u00e7as, reconhecendo o abalo emocional e a ruptura precoce dos la\u00e7os familiares.<\/p><p>A divis\u00e3o da responsabilidade foi estabelecida em 80% para o Estado de Minas Gerais e 20% para a Uni\u00e3o, com base na atua\u00e7\u00e3o de cada ente na cadeia de viola\u00e7\u00f5es. A Justi\u00e7a tamb\u00e9m determinou o pagamento de honor\u00e1rios advocat\u00edcios, destacando o trabalho \u201cexcelente\u201d da defesa ao longo do processo.<\/p><p>Em seu voto, o juiz federal convocado alertou sobre a necessidade de justi\u00e7a para essas fam\u00edlias. \u201cAs atrocidades cometidas n\u00e3o apenas violaram direitos fundamentais, mas tamb\u00e9m impuseram sofrimento duradouro, rompendo la\u00e7os familiares de forma definitiva e causando danos emocionais irrepar\u00e1veis\u201d, afirmou o juiz em seu voto.<\/p><p>A decis\u00e3o \u00e9 considerada um marco para o direito \u00e0 repara\u00e7\u00e3o e pode abrir precedentes para outros casos envolvendo ado\u00e7\u00f5es irregulares no Brasil. Ela tamb\u00e9m refor\u00e7a a necessidade de enfrentamento dos crimes cometidos no contexto do autoritarismo e da neglig\u00eancia institucional, especialmente contra as mulheres e os mais vulner\u00e1veis.<\/p><p>Processo Apela\u00e7\u00e3o C\u00edvel n\u00famero 1000920-39.2017.4.01.3801\/MG.<\/p><p>Julgamento em 8\/4\/2025.<\/p><p><strong>Fonte: TRF6<\/strong><\/p>\n    <div class=\"xs_social_share_widget xs_share_url after_content \t\tmain_content  wslu-style-1 wslu-share-box-shaped wslu-fill-colored wslu-none wslu-share-horizontal wslu-theme-font-no wslu-main_content\">\n\n\t\t\n        <ul>\n\t\t\t        <\/ul>\n    <\/div> \n","protected":false},"excerpt":{"rendered":"<p>Em uma decis\u00e3o hist\u00f3rica e emblem\u00e1tica para a prote\u00e7\u00e3o dos direitos humanos no Brasil, a Justi\u00e7a Federal em Minas Gerais reconheceu a responsabilidade da Uni\u00e3o e do Estado de Minas Gerais por viola\u00e7\u00f5es graves cometidas contra fam\u00edlias pobres durante o per\u00edodo de transi\u00e7\u00e3o da ditadura militar para a democracia. A senten\u00e7a acolheu a apela\u00e7\u00e3o de cinco v\u00edtimas e condenou os entes federativos ao pagamento de indeniza\u00e7\u00f5es que somam R$ 1,8 milh\u00e3o. A decis\u00e3o da 3\u00aa Turma do Tribunal Regional Federal da 6\u00aa Regi\u00e3o (TRF6) ocorreu na sess\u00e3o desta ter\u00e7a-feira (8\/4\/2025) sob a relatoria do juiz federal convocado Gl\u00e1ucio Ferreira Maciel Gon\u00e7alves. A decis\u00e3o foi por unanimidade.<\/p>\n","protected":false},"author":5,"featured_media":0,"comment_status":"open","ping_status":"open","sticky":false,"template":"","format":"standard","meta":{"postBodyCss":"","postBodyMargin":[],"postBodyPadding":[],"postBodyBackground":{"backgroundType":"classic","gradient":""},"_price":"","_stock":"","_tribe_ticket_header":"","_tribe_default_ticket_provider":"","_tribe_ticket_capacity":"0","_ticket_start_date":"","_ticket_end_date":"","_tribe_ticket_show_description":"","_tribe_ticket_show_not_going":false,"_tribe_ticket_use_global_stock":"","_tribe_ticket_global_stock_level":"","_global_stock_mode":"","_global_stock_cap":"","_tribe_rsvp_for_event":"","_tribe_ticket_going_count":"","_tribe_ticket_not_going_count":"","_tribe_tickets_list":"[]","_tribe_ticket_has_attendee_info_fields":false,"footnotes":""},"categories":[46],"tags":[9046,9227,909,9229,9231,928,9233,9236,200,9228,1836,9237,9230,655,9234,9226,9232,3061,7247,1627,9235,3362],"class_list":["post-10522","post","type-post","status-publish","format-standard","hentry","category-noticias","tag-3a-turma","tag-adocoes-ilegais","tag-brasil","tag-decisao-emblematica","tag-decisao-historica","tag-democracia","tag-ditadura-militar","tag-familias-pobres","tag-indenizacao","tag-justica-federal-em-minas-gerais","tag-minas-gerais","tag-periodo-de-transicao","tag-protecao-dos-direitos-humanos","tag-responsabilidade","tag-responsabilidade-da-uniao","tag-responsabilidade-do-estado","tag-responsabilidade-do-estado-de-minas-gerais","tag-trf6","tag-tribunal-regional-federal-da-6a-regiao","tag-uniao","tag-violacoes-graves","tag-vitimas"],"acf":[],"_links":{"self":[{"href":"https:\/\/sgpsolucoes.com.br\/site\/wp-json\/wp\/v2\/posts\/10522"}],"collection":[{"href":"https:\/\/sgpsolucoes.com.br\/site\/wp-json\/wp\/v2\/posts"}],"about":[{"href":"https:\/\/sgpsolucoes.com.br\/site\/wp-json\/wp\/v2\/types\/post"}],"author":[{"embeddable":true,"href":"https:\/\/sgpsolucoes.com.br\/site\/wp-json\/wp\/v2\/users\/5"}],"replies":[{"embeddable":true,"href":"https:\/\/sgpsolucoes.com.br\/site\/wp-json\/wp\/v2\/comments?post=10522"}],"version-history":[{"count":0,"href":"https:\/\/sgpsolucoes.com.br\/site\/wp-json\/wp\/v2\/posts\/10522\/revisions"}],"wp:attachment":[{"href":"https:\/\/sgpsolucoes.com.br\/site\/wp-json\/wp\/v2\/media?parent=10522"}],"wp:term":[{"taxonomy":"category","embeddable":true,"href":"https:\/\/sgpsolucoes.com.br\/site\/wp-json\/wp\/v2\/categories?post=10522"},{"taxonomy":"post_tag","embeddable":true,"href":"https:\/\/sgpsolucoes.com.br\/site\/wp-json\/wp\/v2\/tags?post=10522"}],"curies":[{"name":"wp","href":"https:\/\/api.w.org\/{rel}","templated":true}]}}