{"id":10525,"date":"2025-04-22T13:59:02","date_gmt":"2025-04-22T16:59:02","guid":{"rendered":"https:\/\/sgpsolucoes.com.br\/site\/?p=10525"},"modified":"2025-04-22T13:59:03","modified_gmt":"2025-04-22T16:59:03","slug":"deputados-lamentam-a-morte-do-papa-francisco-hugo-motta-decreta-luto-oficial-de-sete-dias","status":"publish","type":"post","link":"https:\/\/sgpsolucoes.com.br\/site\/deputados-lamentam-a-morte-do-papa-francisco-hugo-motta-decreta-luto-oficial-de-sete-dias\/","title":{"rendered":"Deputados lamentam a morte do papa Francisco \u2013 Hugo Motta decreta luto oficial de sete dias"},"content":{"rendered":"<p><em><strong>Frente Parlamentar Cat\u00f3lica destaca o &#8220;zelo incans\u00e1vel pelos pobres&#8221;<\/strong><\/em><\/p><p><em><strong>Papa Francisco estava \u00e0 frente da Igreja Cat\u00f3lica desde 2013<\/strong><\/em><\/p><p>Deputados manifestaram, em suas redes sociais, pesar pela morte do papa Francisco, aos 88 anos, nessa segunda-feira (21). O presidente da C\u00e2mara dos Deputados, Hugo Motta (Republicanos-PB), decretou luto oficial de sete dias na Casa, sem preju\u00edzo das atividades legislativas e administrativas, em sinal de pesar.<\/p><p>A morte do pont\u00edfice foi anunciada pelo cardeal Kevin Farrell, camerlengo do Vaticano. Jorge Mario Bergoglio sofreu um AVC e uma insufici\u00eancia card\u00edaca. Ele se recuperava ap\u00f3s um quadro respirat\u00f3rio grave, que o deixou 37 dias no hospital, entre fevereiro e mar\u00e7o deste ano.<\/p><p>Hugo Motta destacou que poucos l\u00edderes foram t\u00e3o marcantes para ele como o Jorge M\u00e1rio Bergoglio. Papa Francisco foi o primeiro jesu\u00edta e o primeiro latino a ocupar o posto mais alto da Igreja cat\u00f3lica.<\/p><p>\u201cPara mim, o que mais marcou sua passagem foram as transforma\u00e7\u00f5es que ele promoveu. Francisco foi o s\u00edmbolo do di\u00e1logo, do acolhimento, da compreens\u00e3o e, principalmente, da inclus\u00e3o. Foi o papa que abriu a Igreja e a colocou no s\u00e9culo 21. Um l\u00edder que ficar\u00e1 na hist\u00f3ria pela for\u00e7a dos seus gestos\u201d, afirmou.<\/p><p>Motta acrescentou que ele e a fam\u00edlia seguir\u00e3o em ora\u00e7\u00e3o pelo papa, \u201cque foi s\u00edmbolo de esperan\u00e7a e justi\u00e7a. Sem d\u00favida um exemplo de vida e luta para todos n\u00f3s\u201d.<\/p><p>A Frente Parlamentar Cat\u00f3lica na C\u00e2mara, presidida pelo deputado Luiz Gast\u00e3o (PSD-CE), divulgou nota de pesar. &#8220;Homem de ora\u00e7\u00e3o e de gestos marcantes, Francisco compreendeu que a autoridade reside na coer\u00eancia de uma vida ofertada. Seu pontificado, marcado por um zelo incans\u00e1vel pelos pobres, pelos descartados, pelos menores \u2013 \u00edcones do pr\u00f3prio Cristo sofredor \u2013 foi express\u00e3o viva da miseric\u00f3rdia que n\u00e3o contradiz a verdade.&#8221;<\/p><p>O 1\u00ba vice-presidente da C\u00e2mara, deputado Altineu C\u00f4rtes (PL-RJ), afirmou ter recebido com tristeza a not\u00edcia do falecimento do papa Francisco. &#8220;Um l\u00edder de f\u00e9, simplicidade e coragem, que marcou o mundo com sua dedica\u00e7\u00e3o aos mais humildes. Que Deus o receba em sua infinita miseric\u00f3rdia e que seu legado continue inspirando amor ao pr\u00f3ximo&#8221;, escreveu.<\/p><p>A deputada Duda Salabert (PDT-MG) destacou que Francisco foi uma das vozes mais humanas da f\u00e9. \u201cPapa Francisco foi uma luz progressista que criticou o fascismo, defendeu os pobres, acolheu minorias e denunciou a destrui\u00e7\u00e3o do planeta. O mundo perde mais que um l\u00edder religioso. Perde um s\u00edmbolo de coragem\u201d, escreveu.<\/p><p>O deputado Antonio Carlos Rodrigues (PL-SP) tamb\u00e9m lamentou a partida do papa. &#8220;N\u00f3s, cat\u00f3licos, nos unimos em ora\u00e7\u00e3o e lamento pela partida de Sua Santidade, o Papa Francisco \u2014 o primeiro papa latino-americano, um verdadeiro pastor que guiou a Igreja com humildade, coragem e amor pelos mais necessitados. Que Deus o acolha em Sua infinita miseric\u00f3rdia&#8221;.<\/p><p>O deputado Guilherme Boulos (Psol-SP) lembrou que o papa Francisco optou pelos pobres e pela simplicidade. \u201cDefendeu o amor contra o \u00f3dio, inclus\u00e3o e integra\u00e7\u00e3o contra a discrimina\u00e7\u00e3o. Esse \u00e9 o legado do primeiro pont\u00edfice latino\u2011americano, que tem o respeito de todos aqueles que lutam por um mundo mais justo.\u201d<\/p><p>A deputada Tabata Amaral (PSB-SP) escreveu que papa Francisco \u201cnos ensinou que f\u00e9 e compaix\u00e3o devem caminhar juntas. Ensinou-nos tamb\u00e9m que a Igreja precisa voltar seu olhar para as periferias do mundo \u2014 com humildade, ternura e amor pelos que mais precisam de n\u00f3s.\u201d<\/p><p>Para o deputado A\u00e9cio Neves (PSDB-MG), o papa Francisco foi um homem transformador, justo, corajoso, solid\u00e1rio e tamb\u00e9m um homem do seu tempo. \u201cUm verdadeiro farol para os cat\u00f3licos e um defensor dos direitos dos mais pobres e oprimidos. Ser\u00e1 sempre lembrado, respeitado por n\u00f3s e admirado pelo que fez pelo mundo.\u201d<\/p><p>A deputada C\u00e9lia Xakriab\u00e1 (Psol-MG) descreveu Francisco como \u201cum crist\u00e3o que teve a coragem de pedir perd\u00e3o pelos crimes do colonialismo e reconhecer a sabedoria dos povos ind\u00edgenas\u201d. Para ela, \u201cem tempos de silenciamento, sua escuta foi rara. Que sua mem\u00f3ria siga viva em nossa luta por justi\u00e7a e repara\u00e7\u00e3o\u201d.<\/p><p><strong>Fonte: Ag\u00eancia C\u00e2mara de Not\u00edcias<\/strong><\/p>\n    <div class=\"xs_social_share_widget xs_share_url after_content \t\tmain_content  wslu-style-1 wslu-share-box-shaped wslu-fill-colored wslu-none wslu-share-horizontal wslu-theme-font-no wslu-main_content\">\n\n\t\t\n        <ul>\n\t\t\t        <\/ul>\n    <\/div> \n","protected":false},"excerpt":{"rendered":"<p>Deputados manifestaram, em suas redes sociais, pesar pela morte do papa Francisco, aos 88 anos, nessa segunda-feira (21). O presidente da C\u00e2mara dos Deputados, Hugo Motta (Republicanos-PB), decretou luto oficial de sete dias na Casa, sem preju\u00edzo das atividades legislativas e administrativas, em sinal de pesar.<\/p>\n","protected":false},"author":5,"featured_media":0,"comment_status":"open","ping_status":"open","sticky":false,"template":"","format":"standard","meta":{"postBodyCss":"","postBodyMargin":[],"postBodyPadding":[],"postBodyBackground":{"backgroundType":"classic","gradient":""},"_price":"","_stock":"","_tribe_ticket_header":"","_tribe_default_ticket_provider":"","_tribe_ticket_capacity":"0","_ticket_start_date":"","_ticket_end_date":"","_tribe_ticket_show_description":"","_tribe_ticket_show_not_going":false,"_tribe_ticket_use_global_stock":"","_tribe_ticket_global_stock_level":"","_global_stock_mode":"","_global_stock_cap":"","_tribe_rsvp_for_event":"","_tribe_ticket_going_count":"","_tribe_ticket_not_going_count":"","_tribe_tickets_list":"[]","_tribe_ticket_has_attendee_info_fields":false,"footnotes":""},"categories":[46],"tags":[2465,9239,9241,9246,9242,9247,9238,9244,9248,9243,9240,9245],"class_list":["post-10525","post","type-post","status-publish","format-standard","hentry","category-noticias","tag-deputados","tag-desde-2013","tag-francisco","tag-frente-parlamentar-catolica","tag-hugo-motta","tag-igreja-catolica","tag-luto-oficial","tag-morte-do-papa-francisco","tag-papa","tag-papa-francisco","tag-sete-dias","tag-zelo-incansavel-pelos-pobres"],"acf":[],"_links":{"self":[{"href":"https:\/\/sgpsolucoes.com.br\/site\/wp-json\/wp\/v2\/posts\/10525"}],"collection":[{"href":"https:\/\/sgpsolucoes.com.br\/site\/wp-json\/wp\/v2\/posts"}],"about":[{"href":"https:\/\/sgpsolucoes.com.br\/site\/wp-json\/wp\/v2\/types\/post"}],"author":[{"embeddable":true,"href":"https:\/\/sgpsolucoes.com.br\/site\/wp-json\/wp\/v2\/users\/5"}],"replies":[{"embeddable":true,"href":"https:\/\/sgpsolucoes.com.br\/site\/wp-json\/wp\/v2\/comments?post=10525"}],"version-history":[{"count":0,"href":"https:\/\/sgpsolucoes.com.br\/site\/wp-json\/wp\/v2\/posts\/10525\/revisions"}],"wp:attachment":[{"href":"https:\/\/sgpsolucoes.com.br\/site\/wp-json\/wp\/v2\/media?parent=10525"}],"wp:term":[{"taxonomy":"category","embeddable":true,"href":"https:\/\/sgpsolucoes.com.br\/site\/wp-json\/wp\/v2\/categories?post=10525"},{"taxonomy":"post_tag","embeddable":true,"href":"https:\/\/sgpsolucoes.com.br\/site\/wp-json\/wp\/v2\/tags?post=10525"}],"curies":[{"name":"wp","href":"https:\/\/api.w.org\/{rel}","templated":true}]}}