{"id":10540,"date":"2025-04-23T15:15:57","date_gmt":"2025-04-23T18:15:57","guid":{"rendered":"https:\/\/sgpsolucoes.com.br\/site\/?p=10540"},"modified":"2025-04-23T15:15:59","modified_gmt":"2025-04-23T18:15:59","slug":"jurisprudencia-em-teses-traz-novos-entendimentos-sobre-responsabilidade-por-danos-ambientais","status":"publish","type":"post","link":"https:\/\/sgpsolucoes.com.br\/site\/jurisprudencia-em-teses-traz-novos-entendimentos-sobre-responsabilidade-por-danos-ambientais\/","title":{"rendered":"Jurisprud\u00eancia em Teses traz novos entendimentos sobre responsabilidade por danos ambientais"},"content":{"rendered":"<p>\u200bA Secretaria de Biblioteca e Jurisprud\u00eancia do Superior Tribunal de Justi\u00e7a (STJ) disponibilizou a&nbsp;<a href=\"https:\/\/scon.stj.jus.br\/SCON\/jt\/doc.jsp?livre=%27257%27.tit.\">edi\u00e7\u00e3o 257 de Jurisprud\u00eancia em Teses<\/a>, sobre o tema&nbsp;<em>Responsabilidade por Dano Ambiental II<\/em>. A equipe respons\u00e1vel pelo produto destacou duas teses.<\/p><p>A primeira aponta que, se o dano ambiental for configurado, o dano moral coletivo \u00e9 presumido, ou seja, independe de prova de dor, sofrimento, repulsa ou indigna\u00e7\u00e3o da coletividade afetada.<\/p><p>O segundo entendimento afirma que a prote\u00e7\u00e3o ao meio ambiente n\u00e3o diferencia \u00e1rea urbana ou rural, pois visa favorecer a qualidade de vida garantida pela Constitui\u00e7\u00e3o, pelo C\u00f3digo Florestal e pela legisla\u00e7\u00e3o ambiental.<\/p><h2 class=\"wp-block-heading\">A ferramenta<\/h2><p>Lan\u00e7ada em maio de 2014,&nbsp;<a href=\"https:\/\/scon.stj.jus.br\/SCON\/jt\/jt.jsp\">Jurisprud\u00eancia em Teses<\/a>&nbsp;apresenta diversos entendimentos do STJ sobre temas espec\u00edficos, escolhidos de acordo com sua relev\u00e2ncia no \u00e2mbito jur\u00eddico.<\/p><p>Cada edi\u00e7\u00e3o re\u00fane teses identificadas pela Secretaria de Biblioteca e Jurisprud\u00eancia ap\u00f3s cuidadosa pesquisa nos precedentes do tribunal. Abaixo de cada uma delas, o usu\u00e1rio pode conferir os precedentes mais recentes sobre o tema, selecionados at\u00e9 a data especificada no documento.<\/p><p><strong>Fonte: STJ<\/strong><\/p>\n    <div class=\"xs_social_share_widget xs_share_url after_content \t\tmain_content  wslu-style-1 wslu-share-box-shaped wslu-fill-colored wslu-none wslu-share-horizontal wslu-theme-font-no wslu-main_content\">\n\n\t\t\n        <ul>\n\t\t\t        <\/ul>\n    <\/div> \n","protected":false},"excerpt":{"rendered":"<p>\u200bA Secretaria de Biblioteca e Jurisprud\u00eancia do Superior Tribunal de Justi\u00e7a (STJ) disponibilizou a\u00a0edi\u00e7\u00e3o 257 de Jurisprud\u00eancia em Teses, sobre o tema\u00a0Responsabilidade por Dano Ambiental II. A equipe respons\u00e1vel pelo produto destacou duas teses.<\/p>\n","protected":false},"author":5,"featured_media":0,"comment_status":"open","ping_status":"open","sticky":false,"template":"","format":"standard","meta":{"postBodyCss":"","postBodyMargin":[],"postBodyPadding":[],"postBodyBackground":{"backgroundType":"classic","gradient":""},"_price":"","_stock":"","_tribe_ticket_header":"","_tribe_default_ticket_provider":"","_tribe_ticket_capacity":"0","_ticket_start_date":"","_ticket_end_date":"","_tribe_ticket_show_description":"","_tribe_ticket_show_not_going":false,"_tribe_ticket_use_global_stock":"","_tribe_ticket_global_stock_level":"","_global_stock_mode":"","_global_stock_cap":"","_tribe_rsvp_for_event":"","_tribe_ticket_going_count":"","_tribe_ticket_not_going_count":"","_tribe_tickets_list":"[]","_tribe_ticket_has_attendee_info_fields":false,"footnotes":""},"categories":[46],"tags":[7810,9265,7239,445,4077,655,9264,9263,3548,229,230,5220],"class_list":["post-10540","post","type-post","status-publish","format-standard","hentry","category-noticias","tag-dano-ambiental","tag-edicao-257","tag-entendimentos","tag-jurisprudencia","tag-jurisprudencia-em-teses","tag-responsabilidade","tag-responsabilidade-por-dano-ambiental","tag-responsabilidade-por-danos-ambientais","tag-secretaria-de-biblioteca-e-jurisprudencia","tag-stj","tag-superior-tribunal-de-justica","tag-teses"],"acf":[],"_links":{"self":[{"href":"https:\/\/sgpsolucoes.com.br\/site\/wp-json\/wp\/v2\/posts\/10540"}],"collection":[{"href":"https:\/\/sgpsolucoes.com.br\/site\/wp-json\/wp\/v2\/posts"}],"about":[{"href":"https:\/\/sgpsolucoes.com.br\/site\/wp-json\/wp\/v2\/types\/post"}],"author":[{"embeddable":true,"href":"https:\/\/sgpsolucoes.com.br\/site\/wp-json\/wp\/v2\/users\/5"}],"replies":[{"embeddable":true,"href":"https:\/\/sgpsolucoes.com.br\/site\/wp-json\/wp\/v2\/comments?post=10540"}],"version-history":[{"count":0,"href":"https:\/\/sgpsolucoes.com.br\/site\/wp-json\/wp\/v2\/posts\/10540\/revisions"}],"wp:attachment":[{"href":"https:\/\/sgpsolucoes.com.br\/site\/wp-json\/wp\/v2\/media?parent=10540"}],"wp:term":[{"taxonomy":"category","embeddable":true,"href":"https:\/\/sgpsolucoes.com.br\/site\/wp-json\/wp\/v2\/categories?post=10540"},{"taxonomy":"post_tag","embeddable":true,"href":"https:\/\/sgpsolucoes.com.br\/site\/wp-json\/wp\/v2\/tags?post=10540"}],"curies":[{"name":"wp","href":"https:\/\/api.w.org\/{rel}","templated":true}]}}