{"id":10575,"date":"2025-04-24T16:08:57","date_gmt":"2025-04-24T19:08:57","guid":{"rendered":"https:\/\/sgpsolucoes.com.br\/site\/?p=10575"},"modified":"2025-04-24T16:19:15","modified_gmt":"2025-04-24T19:19:15","slug":"stf-invalida-normas-estaduais-sobre-convocacao-de-suplentes-de-deputados-afastados-por-interesse-particular","status":"publish","type":"post","link":"https:\/\/sgpsolucoes.com.br\/site\/stf-invalida-normas-estaduais-sobre-convocacao-de-suplentes-de-deputados-afastados-por-interesse-particular\/","title":{"rendered":"STF invalida normas estaduais sobre convoca\u00e7\u00e3o de suplentes de deputados afastados por interesse particular"},"content":{"rendered":"<p><em>Constitui\u00e7\u00e3o Federal estabelece prazo de 120 dias, e Estados n\u00e3o podem alterar per\u00edodo para convocar suplente\u00a0\u00a0<\/em><\/p><p>O Plen\u00e1rio do Supremo Tribunal Federal (STF) invalidou normas dos Estados do Tocantins e de Santa Catarina que previam prazo inferior a 120 dias para a convoca\u00e7\u00e3o de suplente para ocupar vaga de deputado estadual licenciado por motivos pessoais. A decis\u00e3o se deu no julgamento conjunto das A\u00e7\u00f5es Diretas de Inconstitucionalidade (ADIs)\u00a0<strong><a href=\"https:\/\/portal.stf.jus.br\/processos\/detalhe.asp?incidente=6501415\" target=\"_blank\" rel=\"noreferrer noopener\">7251<\/a><\/strong>\u00a0e\u00a0<a href=\"https:\/\/portal.stf.jus.br\/processos\/detalhe.asp?incidente=6501679\" target=\"_blank\" rel=\"noreferrer noopener\"><strong>7257<\/strong><\/a>.<\/p><p>As a\u00e7\u00f5es foram apresentadas pela Procuradoria-Geral da Rep\u00fablica (PGR). O alvo \u00e9 a convoca\u00e7\u00e3o do suplente no caso de afastamento do titular para essa finalidade, desde que o prazo original de afastamento seja superior a 30 dias (ADI 7251, do Tocantins) e 60 dias (ADI 7257, de Santa Catarina).<\/p><p>O relator das a\u00e7\u00f5es, ministro Andr\u00e9 Mendon\u00e7a, ressaltou que a Constitui\u00e7\u00e3o Federal \u00e9 expressa ao definir que as regras de licen\u00e7a de deputados estaduais devem seguir as estabelecidas para os deputados federais, ou seja, de 120 dias. E, embora a regra n\u00e3o seja expl\u00edcita em rela\u00e7\u00e3o \u00e0 supl\u00eancia, para Mendon\u00e7a n\u00e3o \u00e9 poss\u00edvel dissociar as duas. \u201cQualquer altera\u00e7\u00e3o no prazo de licen\u00e7a necess\u00e1rio \u00e0 convoca\u00e7\u00e3o do suplente produzir\u00e1 altera\u00e7\u00f5es na din\u00e2mica inerente \u00e0 forma\u00e7\u00e3o da casa parlamentar respectiva\u201d, explicou. Esse entendimento foi firmado pela Corte em caso semelhante ao julgar a ADI 7253, do Acre.<\/p><p><strong>Fonte: STF<\/strong><\/p><p><\/p>\n    <div class=\"xs_social_share_widget xs_share_url after_content \t\tmain_content  wslu-style-1 wslu-share-box-shaped wslu-fill-colored wslu-none wslu-share-horizontal wslu-theme-font-no wslu-main_content\">\n\n\t\t\n        <ul>\n\t\t\t        <\/ul>\n    <\/div> \n","protected":false},"excerpt":{"rendered":"<p>O Plen\u00e1rio do Supremo Tribunal Federal (STF) invalidou normas dos estados do Tocantins e de Santa Catarina que previam prazo inferior a 120 dias para a convoca\u00e7\u00e3o de suplente para ocupar vaga de deputado estadual licenciado por motivos pessoais. A decis\u00e3o se deu no julgamento conjunto das A\u00e7\u00f5es Diretas de Inconstitucionalidade (ADIs)\u00a07251\u00a0e\u00a07257.<\/p>\n","protected":false},"author":5,"featured_media":0,"comment_status":"open","ping_status":"open","sticky":false,"template":"","format":"standard","meta":{"postBodyCss":"","postBodyMargin":[],"postBodyPadding":[],"postBodyBackground":{"backgroundType":"classic","gradient":""},"_price":"","_stock":"","_tribe_ticket_header":"","_tribe_default_ticket_provider":"","_tribe_ticket_capacity":"0","_ticket_start_date":"","_ticket_end_date":"","_tribe_ticket_show_description":"","_tribe_ticket_show_not_going":false,"_tribe_ticket_use_global_stock":"","_tribe_ticket_global_stock_level":"","_global_stock_mode":"","_global_stock_cap":"","_tribe_rsvp_for_event":"","_tribe_ticket_going_count":"","_tribe_ticket_not_going_count":"","_tribe_tickets_list":"[]","_tribe_ticket_has_attendee_info_fields":false,"footnotes":""},"categories":[46],"tags":[1858,9321,9318,1047,9314,9313,9319,1044,9316,6838,9317,4803,351,9320,2145,347,348,9315,5590],"class_list":["post-10575","post","type-post","status-publish","format-standard","hentry","category-noticias","tag-acoes-diretas-de-inconstitucionalidade","tag-adi-7251","tag-adi-7257","tag-constituicao-federal","tag-convocacao-de-suplente","tag-convocacao-de-suplentes-de-deputados-afastados","tag-deputado-estadual-licenciado","tag-estados","tag-interesse-particular","tag-invalidacao","tag-motivos-pessoais","tag-normas-estaduais","tag-plenario","tag-prazo-inferior-a-120-dias","tag-santa-catarina","tag-stf","tag-supremo-tribunal-federal","tag-tocantins","tag-vaga"],"acf":[],"_links":{"self":[{"href":"https:\/\/sgpsolucoes.com.br\/site\/wp-json\/wp\/v2\/posts\/10575"}],"collection":[{"href":"https:\/\/sgpsolucoes.com.br\/site\/wp-json\/wp\/v2\/posts"}],"about":[{"href":"https:\/\/sgpsolucoes.com.br\/site\/wp-json\/wp\/v2\/types\/post"}],"author":[{"embeddable":true,"href":"https:\/\/sgpsolucoes.com.br\/site\/wp-json\/wp\/v2\/users\/5"}],"replies":[{"embeddable":true,"href":"https:\/\/sgpsolucoes.com.br\/site\/wp-json\/wp\/v2\/comments?post=10575"}],"version-history":[{"count":0,"href":"https:\/\/sgpsolucoes.com.br\/site\/wp-json\/wp\/v2\/posts\/10575\/revisions"}],"wp:attachment":[{"href":"https:\/\/sgpsolucoes.com.br\/site\/wp-json\/wp\/v2\/media?parent=10575"}],"wp:term":[{"taxonomy":"category","embeddable":true,"href":"https:\/\/sgpsolucoes.com.br\/site\/wp-json\/wp\/v2\/categories?post=10575"},{"taxonomy":"post_tag","embeddable":true,"href":"https:\/\/sgpsolucoes.com.br\/site\/wp-json\/wp\/v2\/tags?post=10575"}],"curies":[{"name":"wp","href":"https:\/\/api.w.org\/{rel}","templated":true}]}}