{"id":10583,"date":"2025-04-24T18:22:18","date_gmt":"2025-04-24T21:22:18","guid":{"rendered":"https:\/\/sgpsolucoes.com.br\/site\/?p=10583"},"modified":"2025-04-24T18:22:19","modified_gmt":"2025-04-24T21:22:19","slug":"stf-mantem-afastamento-de-desembargadores-do-tjms-investigados-por-suposta-venda-de-sentencas","status":"publish","type":"post","link":"https:\/\/sgpsolucoes.com.br\/site\/stf-mantem-afastamento-de-desembargadores-do-tjms-investigados-por-suposta-venda-de-sentencas\/","title":{"rendered":"STF mant\u00e9m afastamento de desembargadores do TJMS investigados por suposta venda de senten\u00e7as"},"content":{"rendered":"<p><em><strong>Ministro Cristiano Zanin atende a pedido da PF e prorroga medidas cautelares impostas a magistrados<\/strong><\/em><\/p><p>O ministro Cristiano Zanin, do Supremo Tribunal Federal (STF), prorrogou o afastamento de desembargadores do Tribunal de Justi\u00e7a de Mato Grosso do Sul (TJ-MS) investigados por suspeita de venda de decis\u00f5es judiciais. A medida vale at\u00e9 que a Procuradoria-Geral da Rep\u00fablica (PGR) se manifeste sobre a situa\u00e7\u00e3o individualizada de cada investigado.<\/p><p>A decis\u00e3o do ministro atende a pedido da Pol\u00edcia Federal (PF) no Inqu\u00e9rito (Inq) 4982, que tramita sob sigilo, referente \u00e0 opera\u00e7\u00e3o \u201cUltima Ratio\u201d.<\/p><p>O prazo das medidas cautelares impostas aos desembargadores estava prestes a vencer, e a PF peticionou nos autos requerendo sua prorroga\u00e7\u00e3o. O \u00f3rg\u00e3o sustenta que, em seu relat\u00f3rio, traz elementos que refor\u00e7am a pr\u00e1tica de crimes, o que demonstra a necessidade da manuten\u00e7\u00e3o das medidas cautelares de afastamento da fun\u00e7\u00e3o p\u00fablica, de proibi\u00e7\u00e3o de acesso \u00e0s depend\u00eancias e sistemas do TJ-MS e de ter contato com servidores do tribunal.<\/p><p>Ao atender o pedido, Zanin levou em considera\u00e7\u00e3o a proximidade do vencimento do prazo originalmente estabelecido. A prorroga\u00e7\u00e3o vale at\u00e9 que a PGR, a partir da an\u00e1lise do relat\u00f3rio da PF, se manifeste sobre a situa\u00e7\u00e3o de cada investigado.<\/p><p>Al\u00e9m disso, a PF informou que considera cab\u00edvel a imediata propositura de a\u00e7\u00e3o penal pelo Minist\u00e9rio P\u00fablico em rela\u00e7\u00e3o a parte dos fatos investigados. Essa situa\u00e7\u00e3o, para o ministro, refor\u00e7a a necessidade de aguardar os delineamentos da PGR. Ap\u00f3s essa provid\u00eancia, o relator reavaliar\u00e1 as medidas.<\/p><p><strong>Fonte: STF<\/strong><\/p>\n    <div class=\"xs_social_share_widget xs_share_url after_content \t\tmain_content  wslu-style-1 wslu-share-box-shaped wslu-fill-colored wslu-none wslu-share-horizontal wslu-theme-font-no wslu-main_content\">\n\n\t\t\n        <ul>\n\t\t\t        <\/ul>\n    <\/div> \n","protected":false},"excerpt":{"rendered":"<p>O ministro Cristiano Zanin, do Supremo Tribunal Federal (STF), prorrogou o afastamento de desembargadores do Tribunal de Justi\u00e7a de Mato Grosso do Sul (TJ-MS) investigados por suspeita de venda de decis\u00f5es judiciais. A medida vale at\u00e9 que a Procuradoria-Geral da Rep\u00fablica (PGR) se manifeste sobre a situa\u00e7\u00e3o individualizada de cada investigado.<\/p>\n","protected":false},"author":5,"featured_media":0,"comment_status":"open","ping_status":"open","sticky":false,"template":"","format":"standard","meta":{"postBodyCss":"","postBodyMargin":[],"postBodyPadding":[],"postBodyBackground":{"backgroundType":"classic","gradient":""},"_price":"","_stock":"","_tribe_ticket_header":"","_tribe_default_ticket_provider":"","_tribe_ticket_capacity":"0","_ticket_start_date":"","_ticket_end_date":"","_tribe_ticket_show_description":"","_tribe_ticket_show_not_going":false,"_tribe_ticket_use_global_stock":"","_tribe_ticket_global_stock_level":"","_global_stock_mode":"","_global_stock_cap":"","_tribe_rsvp_for_event":"","_tribe_ticket_going_count":"","_tribe_ticket_not_going_count":"","_tribe_tickets_list":"[]","_tribe_ticket_has_attendee_info_fields":false,"footnotes":""},"categories":[46],"tags":[5360,9328,9329,1816,1066,347,348,9333,9327,9332,9331,9330],"class_list":["post-10583","post","type-post","status-publish","format-standard","hentry","category-noticias","tag-afastamento","tag-afastamento-de-desembargadores","tag-desembargadores","tag-pgr","tag-procuradoria-geral-da-republica","tag-stf","tag-supremo-tribunal-federal","tag-tj-ms","tag-tjms","tag-tribunal-de-justica-de-mato-grosso-do-sul","tag-venda-de-decisoes-judiciais","tag-venda-de-sentencas"],"acf":[],"_links":{"self":[{"href":"https:\/\/sgpsolucoes.com.br\/site\/wp-json\/wp\/v2\/posts\/10583"}],"collection":[{"href":"https:\/\/sgpsolucoes.com.br\/site\/wp-json\/wp\/v2\/posts"}],"about":[{"href":"https:\/\/sgpsolucoes.com.br\/site\/wp-json\/wp\/v2\/types\/post"}],"author":[{"embeddable":true,"href":"https:\/\/sgpsolucoes.com.br\/site\/wp-json\/wp\/v2\/users\/5"}],"replies":[{"embeddable":true,"href":"https:\/\/sgpsolucoes.com.br\/site\/wp-json\/wp\/v2\/comments?post=10583"}],"version-history":[{"count":0,"href":"https:\/\/sgpsolucoes.com.br\/site\/wp-json\/wp\/v2\/posts\/10583\/revisions"}],"wp:attachment":[{"href":"https:\/\/sgpsolucoes.com.br\/site\/wp-json\/wp\/v2\/media?parent=10583"}],"wp:term":[{"taxonomy":"category","embeddable":true,"href":"https:\/\/sgpsolucoes.com.br\/site\/wp-json\/wp\/v2\/categories?post=10583"},{"taxonomy":"post_tag","embeddable":true,"href":"https:\/\/sgpsolucoes.com.br\/site\/wp-json\/wp\/v2\/tags?post=10583"}],"curies":[{"name":"wp","href":"https:\/\/api.w.org\/{rel}","templated":true}]}}