{"id":10586,"date":"2025-04-24T18:29:36","date_gmt":"2025-04-24T21:29:36","guid":{"rendered":"https:\/\/sgpsolucoes.com.br\/site\/?p=10586"},"modified":"2025-04-24T18:29:37","modified_gmt":"2025-04-24T21:29:37","slug":"articulacao-dos-povos-indigenas-do-brasil-questiona-no-stf-omissao-legislativa-sobre-pulverizacao-aerea-de-agrotoxicos","status":"publish","type":"post","link":"https:\/\/sgpsolucoes.com.br\/site\/articulacao-dos-povos-indigenas-do-brasil-questiona-no-stf-omissao-legislativa-sobre-pulverizacao-aerea-de-agrotoxicos\/","title":{"rendered":"Articula\u00e7\u00e3o dos Povos Ind\u00edgenas do Brasil questiona no STF omiss\u00e3o legislativa sobre pulveriza\u00e7\u00e3o a\u00e9rea de agrot\u00f3xicos"},"content":{"rendered":"<p><em><strong>Institui\u00e7\u00e3o pede provid\u00eancias contra riscos \u00e0 sa\u00fade e ao meio ambiente<\/strong><\/em><\/p><p>A Articula\u00e7\u00e3o dos Povos Ind\u00edgenas do Brasil (Apib) ajuizou, no Supremo Tribunal Federal (STF), a A\u00e7\u00e3o Direta de Inconstitucionalidade por Omiss\u00e3o&nbsp;<strong><a href=\"https:\/\/portal.stf.jus.br\/processos\/detalhe.asp?incidente=7223317\" target=\"_blank\" rel=\"noreferrer noopener\">(ADO) 92<\/a><\/strong>, em que questiona a aus\u00eancia de regulamenta\u00e7\u00e3o espec\u00edfica que pro\u00edba a pulveriza\u00e7\u00e3o a\u00e9rea de agrot\u00f3xicos no pa\u00eds. A relatora da a\u00e7\u00e3o no STF \u00e9 a ministra C\u00e1rmen L\u00facia.<\/p><h5 class=\"wp-block-heading\"><strong>Riscos<\/strong><\/h5><p>A Apib sustenta que o uso indiscriminado de agrot\u00f3xicos, especialmente por meio da pulveriza\u00e7\u00e3o a\u00e9rea, n\u00e3o \u00e9 adequadamente disciplinado pela legisla\u00e7\u00e3o atual, o que gera risco significativo \u00e0 sa\u00fade p\u00fablica e ao meio ambiente. Segundo a entidade, as regras em vigor s\u00e3o insuficientes e permissivas ao tolerar, por exemplo, a pulveriza\u00e7\u00e3o por drones a uma dist\u00e2ncia m\u00ednima de apenas 20 metros de \u00e1reas sens\u00edveis, como resid\u00eancias e fontes de \u00e1gua.<\/p><p>A institui\u00e7\u00e3o tamb\u00e9m argumenta que o Brasil \u00e9 o maior consumidor de agrot\u00f3xicos do mundo por hectare plantado e que v\u00e1rias dessas subst\u00e2ncias s\u00e3o proibidas em pa\u00edses da Uni\u00e3o Europeia em raz\u00e3o da toxicidade. A pr\u00e1tica da pulveriza\u00e7\u00e3o a\u00e9rea tamb\u00e9m j\u00e1 foi proibida ou limitada em diversos pa\u00edses da Uni\u00e3o Europeia e da Organiza\u00e7\u00e3o para a Coopera\u00e7\u00e3o e Desenvolvimento Econ\u00f4mico (OCDE), enquanto o Brasil mant\u00e9m legisla\u00e7\u00f5es desatualizadas.<\/p><p><strong>Fonte: STF<\/strong><\/p>\n    <div class=\"xs_social_share_widget xs_share_url after_content \t\tmain_content  wslu-style-1 wslu-share-box-shaped wslu-fill-colored wslu-none wslu-share-horizontal wslu-theme-font-no wslu-main_content\">\n\n\t\t\n        <ul>\n\t\t\t        <\/ul>\n    <\/div> \n","protected":false},"excerpt":{"rendered":"<p>A Articula\u00e7\u00e3o dos Povos Ind\u00edgenas do Brasil (Apib) ajuizou, no Supremo Tribunal Federal (STF), a A\u00e7\u00e3o Direta de Inconstitucionalidade por Omiss\u00e3o\u00a0(ADO) 92, em que questiona a aus\u00eancia de regulamenta\u00e7\u00e3o espec\u00edfica que pro\u00edba a pulveriza\u00e7\u00e3o a\u00e9rea de agrot\u00f3xicos no pa\u00eds. A relatora da a\u00e7\u00e3o no STF \u00e9 a ministra C\u00e1rmen L\u00facia.<\/p>\n","protected":false},"author":5,"featured_media":0,"comment_status":"open","ping_status":"open","sticky":false,"template":"","format":"standard","meta":{"postBodyCss":"","postBodyMargin":[],"postBodyPadding":[],"postBodyBackground":{"backgroundType":"classic","gradient":""},"_price":"","_stock":"","_tribe_ticket_header":"","_tribe_default_ticket_provider":"","_tribe_ticket_capacity":"0","_ticket_start_date":"","_ticket_end_date":"","_tribe_ticket_show_description":"","_tribe_ticket_show_not_going":false,"_tribe_ticket_use_global_stock":"","_tribe_ticket_global_stock_level":"","_global_stock_mode":"","_global_stock_cap":"","_tribe_rsvp_for_event":"","_tribe_ticket_going_count":"","_tribe_ticket_not_going_count":"","_tribe_tickets_list":"[]","_tribe_ticket_has_attendee_info_fields":false,"footnotes":""},"categories":[46],"tags":[9336,9337,9338,4451,4450,518,1425,9334,9339,9335,1114,3235,347,348],"class_list":["post-10586","post","type-post","status-publish","format-standard","hentry","category-noticias","tag-acao-direta-de-inconstitucionalidade-por-omissao","tag-ado-92","tag-agrotoxicos","tag-apib","tag-articulacao-dos-povos-indigenas-do-brasil","tag-ausencia-de-regulamentacao","tag-meio-ambiente","tag-omissao-legislativa","tag-pulverizacao-aerea","tag-pulverizacao-aerea-de-agrotoxicos","tag-riscos","tag-saude","tag-stf","tag-supremo-tribunal-federal"],"acf":[],"_links":{"self":[{"href":"https:\/\/sgpsolucoes.com.br\/site\/wp-json\/wp\/v2\/posts\/10586"}],"collection":[{"href":"https:\/\/sgpsolucoes.com.br\/site\/wp-json\/wp\/v2\/posts"}],"about":[{"href":"https:\/\/sgpsolucoes.com.br\/site\/wp-json\/wp\/v2\/types\/post"}],"author":[{"embeddable":true,"href":"https:\/\/sgpsolucoes.com.br\/site\/wp-json\/wp\/v2\/users\/5"}],"replies":[{"embeddable":true,"href":"https:\/\/sgpsolucoes.com.br\/site\/wp-json\/wp\/v2\/comments?post=10586"}],"version-history":[{"count":0,"href":"https:\/\/sgpsolucoes.com.br\/site\/wp-json\/wp\/v2\/posts\/10586\/revisions"}],"wp:attachment":[{"href":"https:\/\/sgpsolucoes.com.br\/site\/wp-json\/wp\/v2\/media?parent=10586"}],"wp:term":[{"taxonomy":"category","embeddable":true,"href":"https:\/\/sgpsolucoes.com.br\/site\/wp-json\/wp\/v2\/categories?post=10586"},{"taxonomy":"post_tag","embeddable":true,"href":"https:\/\/sgpsolucoes.com.br\/site\/wp-json\/wp\/v2\/tags?post=10586"}],"curies":[{"name":"wp","href":"https:\/\/api.w.org\/{rel}","templated":true}]}}