{"id":10592,"date":"2025-04-24T18:44:09","date_gmt":"2025-04-24T21:44:09","guid":{"rendered":"https:\/\/sgpsolucoes.com.br\/site\/?p=10592"},"modified":"2025-04-24T18:44:10","modified_gmt":"2025-04-24T21:44:10","slug":"corte-especial-admite-fixacao-de-honorarios-em-rejeicao-de-pedido-de-desconsideracao-de-personalidade-juridica","status":"publish","type":"post","link":"https:\/\/sgpsolucoes.com.br\/site\/corte-especial-admite-fixacao-de-honorarios-em-rejeicao-de-pedido-de-desconsideracao-de-personalidade-juridica\/","title":{"rendered":"Corte Especial admite fixa\u00e7\u00e3o de honor\u00e1rios em rejei\u00e7\u00e3o de pedido de desconsidera\u00e7\u00e3o de personalidade jur\u00eddica"},"content":{"rendered":"<p>\u200bA Corte Especial do Superior Tribunal de Justi\u00e7a (STJ) estabeleceu, por maioria, que \u00e9 cab\u00edvel a fixa\u00e7\u00e3o de honor\u00e1rios advocat\u00edcios de&nbsp;sucumb\u00eancia&nbsp;na hip\u00f3tese de rejei\u00e7\u00e3o do pedido de desconsidera\u00e7\u00e3o da personalidade jur\u00eddica.<\/p><p>Prevaleceu no julgamento o voto do relator, ministro Ricardo Villas B\u00f4as Cueva, que considerou, entre outros pontos, a atua\u00e7\u00e3o efetiva do advogado no pedido e a desnecessidade de que o incidente esteja expressamente previsto no rol de fatos geradores de honor\u00e1rios trazido pelo&nbsp;<a href=\"https:\/\/www.planalto.gov.br\/ccivil_03\/_ato2015-2018\/2015\/lei\/l13105.htm#art85%C2%A71\">artigo 85, par\u00e1grafo 1\u00ba, do C\u00f3digo de Processo Civil (CPC)<\/a>.<\/p><p>A partir desse entendimento, o colegiado negou o&nbsp;recurso especial&nbsp;de uma empresa que foi condenada a pagar a verba sucumbencial ap\u00f3s a Justi\u00e7a rejeitar o seu pedido de inclus\u00e3o dos membros de uma sociedade no polo passivo de a\u00e7\u00e3o de cobran\u00e7a.<\/p><p>Em primeira inst\u00e2ncia, o pedido de desconsidera\u00e7\u00e3o da personalidade jur\u00eddica foi negado sob o fundamento de que a falta de bens a serem penhorados e a irregularidade na dissolu\u00e7\u00e3o da sociedade, por si s\u00f3s, n\u00e3o sustentavam a aplica\u00e7\u00e3o do instituto. A empresa ainda foi condenada a pagar 10% em honor\u00e1rios.<\/p><p>O Tribunal de Justi\u00e7a de S\u00e3o Paulo (TJSP) manteve a verba honor\u00e1ria com base no princ\u00edpio da causalidade, o qual atribui a quem deu causa \u00e0 demanda ou \u00e0 instaura\u00e7\u00e3o de incidente processual a responsabilidade pelas respectivas despesas.<\/p><h2 class=\"wp-block-heading\">Relator afasta natureza meramente incidental do instituto<\/h2><p>Ao STJ, a empresa citou julgados do tribunal que refor\u00e7ariam a aplica\u00e7\u00e3o literal do artigo 85, par\u00e1grafo 1\u00ba, do CPC, no sentido de vedar a fixa\u00e7\u00e3o de honor\u00e1rios nas decis\u00f5es interlocut\u00f3rias e nos incidentes processuais de qualquer esp\u00e9cie.<\/p><p>Villas B\u00f4as Cueva destacou que o STJ, de fato, j\u00e1 reconheceu a impossibilidade de condena\u00e7\u00e3o em honor\u00e1rios advocat\u00edcios nos incidentes processuais, ressalvadas situa\u00e7\u00f5es excepcionais. Por\u00e9m, o ministro apontou modifica\u00e7\u00e3o recente na jurisprud\u00eancia, especialmente a partir do julgamento do&nbsp;<a href=\"https:\/\/processo.stj.jus.br\/processo\/julgamento\/eletronico\/documento\/mediado\/?documento_tipo=integra&amp;documento_sequencial=209139360&amp;registro_numero=202100659605&amp;peticao_numero=&amp;publicacao_data=20230922&amp;formato=PDF\">REsp 1.925.959<\/a>, de relatoria do ministro Paulo de Tarso Sanseverino (falecido).<\/p><p>Segundo Cueva, o fator determinante para a fixa\u00e7\u00e3o de honor\u00e1rios n\u00e3o deve ser a sua previs\u00e3o legal expressa, mas sim a efetiva atua\u00e7\u00e3o do advogado \u2013 o que justifica a remunera\u00e7\u00e3o proporcional em caso de sucesso.<\/p><p>O ministro explicou que a desconsidera\u00e7\u00e3o da personalidade jur\u00eddica, quando instaurada na pend\u00eancia do processo, n\u00e3o representa mero incidente processual, pois conta com partes,&nbsp;causa de pedir&nbsp;e pedido. Al\u00e9m disso, o magistrado alertou que suas consequ\u00eancias s\u00e3o significativas, como a responsabiliza\u00e7\u00e3o de algu\u00e9m por d\u00edvida alheia, com produ\u00e7\u00e3o de&nbsp;coisa julgada&nbsp;material.<\/p><p>&#8220;Considerando a efetiva exist\u00eancia de uma pretens\u00e3o resistida, manifestada contra terceiro(s) que at\u00e9 ent\u00e3o n\u00e3o figurava(m) como parte, entende-se que a improced\u00eancia do pedido formulado no incidente, tendo como resultado a n\u00e3o inclus\u00e3o do s\u00f3cio (ou da empresa) no polo passivo da&nbsp;lide&nbsp;\u2013 situa\u00e7\u00e3o que se equipara \u00e0 sua exclus\u00e3o quando indicado desde o princ\u00edpio para integrar a rela\u00e7\u00e3o processual \u2013, mesmo que sem a amplia\u00e7\u00e3o do objeto litigioso, dar\u00e1 ensejo \u00e0 fixa\u00e7\u00e3o de verba honor\u00e1ria em favor do advogado de quem foi indevidamente chamado a litigar em ju\u00edzo, como vem entendendo a doutrina&#8221;, observou o relator.<\/p><h2 class=\"wp-block-heading\">Litigiosidade ampara a fixa\u00e7\u00e3o de honor\u00e1rios de&nbsp;sucumb\u00eancia<\/h2><p>Citando a jurisprud\u00eancia do STJ, o ministro ainda abordou situa\u00e7\u00f5es nas quais foi reconhecida a possibilidade de fixa\u00e7\u00e3o de honor\u00e1rios sucumbenciais em incidentes processuais com litigiosidade.<\/p><p>&#8220;Com base no princ\u00edpio hermen\u00eautico segundo o qual onde h\u00e1 a mesma raz\u00e3o, aplica-se o mesmo direito (<em>ubi eadem ratio ibi eadem jus<\/em>), entende-se que pode&nbsp;ser aplicada ao caso a mesma orienta\u00e7\u00e3o adotada para a hip\u00f3tese de extin\u00e7\u00e3o parcial do processo em virtude da exclus\u00e3o de&nbsp;litisconsorte&nbsp;passivo, que d\u00e1 ensejo \u00e0 condena\u00e7\u00e3o do autor ao pagamento de honor\u00e1rios advocat\u00edcios sucumbenciais em favor do advogado do exclu\u00eddo&#8221;, concluiu o ministro.<\/p><p><a href=\"https:\/\/processo.stj.jus.br\/processo\/julgamento\/eletronico\/documento\/mediado\/?documento_tipo=integra&amp;documento_sequencial=296279650&amp;registro_numero=202301542417&amp;peticao_numero=&amp;publicacao_data=20250312&amp;formato=PDF\">Leia o ac\u00f3rd\u00e3o no REsp 2.072.206<\/a>.<\/p><p><strong>Esta not\u00edcia refere-se ao(s)&nbsp;<\/strong><strong>processo(s):<\/strong><\/p><p><strong><a href=\"https:\/\/ww2.stj.jus.br\/processo\/pesquisa\/?aplicacao=processos.ea&amp;tipoPesquisa=tipoPesquisaGenerica&amp;termo=REsp%202072206\">REsp 2072206<\/a><\/strong><strong><\/strong><\/p><p><strong>Fonte: STJ<\/strong><\/p>\n    <div class=\"xs_social_share_widget xs_share_url after_content \t\tmain_content  wslu-style-1 wslu-share-box-shaped wslu-fill-colored wslu-none wslu-share-horizontal wslu-theme-font-no wslu-main_content\">\n\n\t\t\n        <ul>\n\t\t\t        <\/ul>\n    <\/div> \n","protected":false},"excerpt":{"rendered":"<p>\u200bA Corte Especial do Superior Tribunal de Justi\u00e7a (STJ) estabeleceu, por maioria, que \u00e9 cab\u00edvel a fixa\u00e7\u00e3o de honor\u00e1rios advocat\u00edcios de\u00a0sucumb\u00eancia\u00a0na hip\u00f3tese de rejei\u00e7\u00e3o do pedido de desconsidera\u00e7\u00e3o da personalidade jur\u00eddica.<\/p>\n","protected":false},"author":5,"featured_media":0,"comment_status":"open","ping_status":"open","sticky":false,"template":"","format":"standard","meta":{"postBodyCss":"","postBodyMargin":[],"postBodyPadding":[],"postBodyBackground":{"backgroundType":"classic","gradient":""},"_price":"","_stock":"","_tribe_ticket_header":"","_tribe_default_ticket_provider":"","_tribe_ticket_capacity":"0","_ticket_start_date":"","_ticket_end_date":"","_tribe_ticket_show_description":"","_tribe_ticket_show_not_going":false,"_tribe_ticket_use_global_stock":"","_tribe_ticket_global_stock_level":"","_global_stock_mode":"","_global_stock_cap":"","_tribe_rsvp_for_event":"","_tribe_ticket_going_count":"","_tribe_ticket_not_going_count":"","_tribe_tickets_list":"[]","_tribe_ticket_has_attendee_info_fields":false,"footnotes":""},"categories":[46],"tags":[4258,9346,9345,2841,2568,3556,9344,229,9347,230],"class_list":["post-10592","post","type-post","status-publish","format-standard","hentry","category-noticias","tag-corte-especial","tag-desconsideracao","tag-desconsideracao-de-personalidade-juridica","tag-honorarios","tag-honorarios-advocaticios","tag-personalidade-juridica","tag-rejeicao-de-pedido","tag-stj","tag-sucumbencia","tag-superior-tribunal-de-justica"],"acf":[],"_links":{"self":[{"href":"https:\/\/sgpsolucoes.com.br\/site\/wp-json\/wp\/v2\/posts\/10592"}],"collection":[{"href":"https:\/\/sgpsolucoes.com.br\/site\/wp-json\/wp\/v2\/posts"}],"about":[{"href":"https:\/\/sgpsolucoes.com.br\/site\/wp-json\/wp\/v2\/types\/post"}],"author":[{"embeddable":true,"href":"https:\/\/sgpsolucoes.com.br\/site\/wp-json\/wp\/v2\/users\/5"}],"replies":[{"embeddable":true,"href":"https:\/\/sgpsolucoes.com.br\/site\/wp-json\/wp\/v2\/comments?post=10592"}],"version-history":[{"count":0,"href":"https:\/\/sgpsolucoes.com.br\/site\/wp-json\/wp\/v2\/posts\/10592\/revisions"}],"wp:attachment":[{"href":"https:\/\/sgpsolucoes.com.br\/site\/wp-json\/wp\/v2\/media?parent=10592"}],"wp:term":[{"taxonomy":"category","embeddable":true,"href":"https:\/\/sgpsolucoes.com.br\/site\/wp-json\/wp\/v2\/categories?post=10592"},{"taxonomy":"post_tag","embeddable":true,"href":"https:\/\/sgpsolucoes.com.br\/site\/wp-json\/wp\/v2\/tags?post=10592"}],"curies":[{"name":"wp","href":"https:\/\/api.w.org\/{rel}","templated":true}]}}