{"id":10619,"date":"2025-04-25T15:28:55","date_gmt":"2025-04-25T18:28:55","guid":{"rendered":"https:\/\/sgpsolucoes.com.br\/site\/?p=10619"},"modified":"2025-04-25T15:28:56","modified_gmt":"2025-04-25T18:28:56","slug":"lei-sobre-gratuidade-no-transporte-para-professores-em-mato-grosso-e-contestada-no-stf","status":"publish","type":"post","link":"https:\/\/sgpsolucoes.com.br\/site\/lei-sobre-gratuidade-no-transporte-para-professores-em-mato-grosso-e-contestada-no-stf\/","title":{"rendered":"Lei sobre gratuidade no transporte para professores em Mato Grosso \u00e9 contestada no STF"},"content":{"rendered":"<p><em><strong>Entre outros pontos, o governador do estado aponta impacto financeiro da medida<\/strong><\/em><\/p><p>O Supremo Tribunal Federal (STF) recebeu a A\u00e7\u00e3o Direta de Inconstitucionalidade<strong><a href=\"https:\/\/portal.stf.jus.br\/processos\/detalhe.asp?incidente=7222542\" target=\"_blank\" rel=\"noreferrer noopener\">&nbsp;(ADI) 7803<\/a><\/strong>, proposta pelo governador de Mato Grosso, Mauro Mendes, contra lei estadual que concede gratuidade no transporte coletivo municipal e intermunicipal a professores da rede p\u00fablica estadual e municipal matriculados em cursos de gradua\u00e7\u00e3o ou p\u00f3s-gradua\u00e7\u00e3o no estado. O relator do caso no STF \u00e9 o ministro Nunes Marques.<\/p><p><strong>Argumentos<\/strong><\/p><p>Segundo o governo estadual, a lei, de iniciativa parlamentar, trata de temas de compet\u00eancia exclusiva do chefe do Poder Executivo, por interferir no regime jur\u00eddico dos servidores da educa\u00e7\u00e3o, nas atribui\u00e7\u00f5es de \u00f3rg\u00e3o do Poder Executivo estadual e nos contratos de concess\u00e3o do transporte p\u00fablico.<\/p><p>Outro ponto destacado \u00e9 o impacto financeiro da gratuidade nos contratos firmados com concession\u00e1rias, sem previs\u00e3o de compensa\u00e7\u00e3o. O governo tamb\u00e9m argumenta que a execu\u00e7\u00e3o da lei seria invi\u00e1vel, em raz\u00e3o da extin\u00e7\u00e3o do Departamento de Via\u00e7\u00e3o de Obras P\u00fablicas (DVOP), \u00f3rg\u00e3o originalmente respons\u00e1vel pela fiscaliza\u00e7\u00e3o, por atestar o direito \u00e0 gratuidade e por expedir carteira especial anual de autoriza\u00e7\u00e3o de embarque.<\/p><p><strong>Fonte: STF<\/strong><\/p>\n    <div class=\"xs_social_share_widget xs_share_url after_content \t\tmain_content  wslu-style-1 wslu-share-box-shaped wslu-fill-colored wslu-none wslu-share-horizontal wslu-theme-font-no wslu-main_content\">\n\n\t\t\n        <ul>\n\t\t\t        <\/ul>\n    <\/div> \n","protected":false},"excerpt":{"rendered":"<p>O Supremo Tribunal Federal (STF) recebeu a A\u00e7\u00e3o Direta de Inconstitucionalidade\u00a0(ADI) 7803, proposta pelo governador de Mato Grosso, Mauro Mendes, contra lei estadual que concede gratuidade no transporte coletivo municipal e intermunicipal a professores da rede p\u00fablica estadual e municipal matriculados em cursos de gradua\u00e7\u00e3o ou p\u00f3s-gradua\u00e7\u00e3o no estado. O relator do caso no STF \u00e9 o ministro Nunes Marques.<\/p>\n","protected":false},"author":5,"featured_media":0,"comment_status":"open","ping_status":"open","sticky":false,"template":"","format":"standard","meta":{"postBodyCss":"","postBodyMargin":[],"postBodyPadding":[],"postBodyBackground":{"backgroundType":"classic","gradient":""},"_price":"","_stock":"","_tribe_ticket_header":"","_tribe_default_ticket_provider":"","_tribe_ticket_capacity":"0","_ticket_start_date":"","_ticket_end_date":"","_tribe_ticket_show_description":"","_tribe_ticket_show_not_going":false,"_tribe_ticket_use_global_stock":"","_tribe_ticket_global_stock_level":"","_global_stock_mode":"","_global_stock_cap":"","_tribe_rsvp_for_event":"","_tribe_ticket_going_count":"","_tribe_ticket_not_going_count":"","_tribe_tickets_list":"[]","_tribe_ticket_has_attendee_info_fields":false,"footnotes":""},"categories":[46],"tags":[1054,9380,9384,4623,4330,9376,9379,1563,7019,9378,4626,442,8208,9382,9381,347,348,3454,9383,9377],"class_list":["post-10619","post","type-post","status-publish","format-standard","hentry","category-noticias","tag-acao-direta-de-inconstitucionalidade","tag-adi-7803","tag-cursos","tag-graduacao","tag-gratuidade","tag-gratuidade-no-transporte-para-professores","tag-impacto-financeiro","tag-lei","tag-lei-estadual","tag-mato-grosso","tag-pos-graduacao","tag-professores","tag-rede-publica","tag-rede-publica-estadual","tag-rede-publica-municipal","tag-stf","tag-supremo-tribunal-federal","tag-transporte-coletivo","tag-transporte-coletivo-intermunicipal","tag-transporte-coletivo-municipal"],"acf":[],"_links":{"self":[{"href":"https:\/\/sgpsolucoes.com.br\/site\/wp-json\/wp\/v2\/posts\/10619"}],"collection":[{"href":"https:\/\/sgpsolucoes.com.br\/site\/wp-json\/wp\/v2\/posts"}],"about":[{"href":"https:\/\/sgpsolucoes.com.br\/site\/wp-json\/wp\/v2\/types\/post"}],"author":[{"embeddable":true,"href":"https:\/\/sgpsolucoes.com.br\/site\/wp-json\/wp\/v2\/users\/5"}],"replies":[{"embeddable":true,"href":"https:\/\/sgpsolucoes.com.br\/site\/wp-json\/wp\/v2\/comments?post=10619"}],"version-history":[{"count":0,"href":"https:\/\/sgpsolucoes.com.br\/site\/wp-json\/wp\/v2\/posts\/10619\/revisions"}],"wp:attachment":[{"href":"https:\/\/sgpsolucoes.com.br\/site\/wp-json\/wp\/v2\/media?parent=10619"}],"wp:term":[{"taxonomy":"category","embeddable":true,"href":"https:\/\/sgpsolucoes.com.br\/site\/wp-json\/wp\/v2\/categories?post=10619"},{"taxonomy":"post_tag","embeddable":true,"href":"https:\/\/sgpsolucoes.com.br\/site\/wp-json\/wp\/v2\/tags?post=10619"}],"curies":[{"name":"wp","href":"https:\/\/api.w.org\/{rel}","templated":true}]}}