{"id":10625,"date":"2025-04-25T15:40:04","date_gmt":"2025-04-25T18:40:04","guid":{"rendered":"https:\/\/sgpsolucoes.com.br\/site\/?p=10625"},"modified":"2025-04-25T15:40:05","modified_gmt":"2025-04-25T18:40:05","slug":"stf-determina-cumprimento-imediato-da-pena-do-ex-presidente-fernando-collor","status":"publish","type":"post","link":"https:\/\/sgpsolucoes.com.br\/site\/stf-determina-cumprimento-imediato-da-pena-do-ex-presidente-fernando-collor\/","title":{"rendered":"STF determina cumprimento imediato da pena do ex-presidente Fernando Collor"},"content":{"rendered":"<p><em><strong>Decis\u00e3o do ministro Alexandre de Moraes, que ser\u00e1 levada a referendo em sess\u00e3o virtual nesta sexta (25), considerou que o segundo recurso apresentado pela defesa era meramente protelat\u00f3rio<\/strong><\/em><\/p><p>O ministro Alexandre de Moraes, do Supremo Tribunal Federal (STF), rejeitou o segundo recurso da defesa e determinou a pris\u00e3o imediata do ex-presidente da Rep\u00fablica e ex-senador Fernando Collor de Mello, condenado a oito anos e dez meses, em regime inicial fechado, por participa\u00e7\u00e3o em esquema de corrup\u00e7\u00e3o na BR Distribuidora.<\/p><figure class=\"wp-block-image size-large is-resized\"><img decoding=\"async\" src=\"https:\/\/sgpsolucoes.com.br\/site\/wp-content\/uploads\/2025\/04\/image-21-1024x553.png\" alt=\"\" class=\"wp-image-10626\" style=\"width:840px;height:auto\"\/><figcaption class=\"wp-element-caption\"><em>Foto: Gustavo Moreno\/STF<\/em><\/figcaption><\/figure><p>O ministro requereu ao presidente do STF a convoca\u00e7\u00e3o de sess\u00e3o virtual extraordin\u00e1ria do Plen\u00e1rio para referendo da decis\u00e3o, sem preju\u00edzo do in\u00edcio imediato do cumprimento da pena. A sess\u00e3o virtual foi marcada pelo ministro Lu\u00eds Roberto Barroso para esta sexta-feira (25), de 11h \u00e0s 23h59.<\/p><p>Conforme a decis\u00e3o, ficou provado na A\u00e7\u00e3o Penal&nbsp;<strong><a href=\"https:\/\/portal.stf.jus.br\/processos\/detalhe.asp?incidente=5372688\" target=\"_blank\" rel=\"noreferrer noopener\">(AP) 1025<\/a><\/strong>&nbsp;que Collor, com a ajuda dos empres\u00e1rios Luis Pereira Duarte de Amorim e Pedro Paulo Bergamaschi de Leoni Ramos, recebeu R$ 20 milh\u00f5es para viabilizar irregularmente contratos da BR Distribuidora com a UTC Engenharia para a constru\u00e7\u00e3o de bases de distribui\u00e7\u00e3o de combust\u00edveis.<\/p><p>A vantagem foi dada em troca de apoio pol\u00edtico para indica\u00e7\u00e3o e manuten\u00e7\u00e3o de diretores da estatal.<\/p><p>O STF j\u00e1 havia rejeitado recursos do ex-presidente (embargos de declara\u00e7\u00e3o) em que ele afirmava que a pena n\u00e3o seria correspondente ao voto m\u00e9dio apurado no Plen\u00e1rio. No novo recurso (embargos infringentes), a alega\u00e7\u00e3o \u00e9 de que deveria prevalecer, em rela\u00e7\u00e3o ao tamanho da pena (dosimetria), os votos vencidos dos ministros Andr\u00e9 Mendon\u00e7a, Nunes Marques, Dias Toffoli e Gilmar Mendes.<\/p><p>Na decis\u00e3o, o ministro Alexandre de Moraes observou que este tipo de recurso s\u00f3 \u00e9 cab\u00edvel quando h\u00e1, pelo menos, quatro votos absolut\u00f3rios pr\u00f3prios, o que n\u00e3o ocorreu no caso, mesmo se forem considerados os delitos de maneira isolada. O ministro explicou que, em rela\u00e7\u00e3o \u00e0 dosimetria, o STF tem entendimento consolidado de que esse tipo de diverg\u00eancia n\u00e3o viabiliza a apresenta\u00e7\u00e3o de embargos infringentes.<\/p><p>O ministro destacou que o STF tem autorizado o in\u00edcio imediato da execu\u00e7\u00e3o da pena, independentemente de publica\u00e7\u00e3o da decis\u00e3o, quando fica claro o car\u00e1ter protelat\u00f3rio de recursos que visem apenas impedir o tr\u00e2nsito em julgado da condena\u00e7\u00e3o. \u201cA manifesta inadmissibilidade dos embargos, conforme a jurisprud\u00eancia da Corte, revela o car\u00e1ter meramente protelat\u00f3rio dos infringentes, autorizando a certifica\u00e7\u00e3o do tr\u00e2nsito em julgado e o imediato cumprimento da decis\u00e3o condenat\u00f3ria\u201d, afirmou.<\/p><p><strong>Recursos rejeitados para demais condenados<\/strong><\/p><p>Na mesma decis\u00e3o, o ministro rejeitou recursos dos demais condenados e determinou o in\u00edcio do cumprimento das da pena de Pedro Paulo Bergamaschi de Leoni Ramos, sentenciado a quatro anos e um m\u00eas de reclus\u00e3o, em regime inicial semiaberto, e das penas restritivas de direitos impostas a Lu\u00eds Pereira Duarte Amorim.<\/p><p>Leia a&nbsp;<strong><a href=\"https:\/\/noticias-stf-wp-prd.s3.sa-east-1.amazonaws.com\/wp-content\/uploads\/wpallimport\/uploads\/2025\/04\/24211147\/Decisoes-AP-1025.pdf\" target=\"_blank\" rel=\"noreferrer noopener\">\u00edntegra da decis\u00e3o<\/a><\/strong>.<\/p><p>Leia a&nbsp;<strong><a href=\"https:\/\/noticias-stf-wp-prd.s3.sa-east-1.amazonaws.com\/wp-content\/uploads\/wpallimport\/uploads\/2025\/04\/24211151\/760-despacho_despacho.pdf\" target=\"_blank\" rel=\"noreferrer noopener\">\u00edntegra do despacho de convoca\u00e7\u00e3o da sess\u00e3o virtual de referendo<\/a><\/strong>.<\/p><p><strong>Fonte: STF<\/strong><\/p>\n    <div class=\"xs_social_share_widget xs_share_url after_content \t\tmain_content  wslu-style-1 wslu-share-box-shaped wslu-fill-colored wslu-none wslu-share-horizontal wslu-theme-font-no wslu-main_content\">\n\n\t\t\n        <ul>\n\t\t\t        <\/ul>\n    <\/div> \n","protected":false},"excerpt":{"rendered":"<p>O ministro Alexandre de Moraes, do Supremo Tribunal Federal (STF), rejeitou o segundo recurso da defesa e determinou a pris\u00e3o imediata do ex-presidente da Rep\u00fablica e ex-senador Fernando Collor de Mello, condenado a oito anos e dez meses, em regime inicial fechado, por participa\u00e7\u00e3o em esquema de corrup\u00e7\u00e3o na BR Distribuidora.<\/p>\n","protected":false},"author":5,"featured_media":0,"comment_status":"open","ping_status":"open","sticky":false,"template":"","format":"standard","meta":{"postBodyCss":"","postBodyMargin":[],"postBodyPadding":[],"postBodyBackground":{"backgroundType":"classic","gradient":""},"_price":"","_stock":"","_tribe_ticket_header":"","_tribe_default_ticket_provider":"","_tribe_ticket_capacity":"0","_ticket_start_date":"","_ticket_end_date":"","_tribe_ticket_show_description":"","_tribe_ticket_show_not_going":false,"_tribe_ticket_use_global_stock":"","_tribe_ticket_global_stock_level":"","_global_stock_mode":"","_global_stock_cap":"","_tribe_rsvp_for_event":"","_tribe_ticket_going_count":"","_tribe_ticket_not_going_count":"","_tribe_tickets_list":"[]","_tribe_ticket_has_attendee_info_fields":false,"footnotes":""},"categories":[46],"tags":[3779,9408,9409,9403,9402,9406,9405,9407,3514,9404,9401,2303,6294,347,348],"class_list":["post-10625","post","type-post","status-publish","format-standard","hentry","category-noticias","tag-alexandre-de-moraes","tag-br-distribuidora","tag-esquema-de-corrupcao","tag-ex-presidente-da-republica","tag-ex-presidente-fernando-collor","tag-ex-senador","tag-fernando-collor","tag-fernando-collor-de-mello","tag-pena","tag-prisao-imediata","tag-protelatorio","tag-recurso","tag-regime-fechado","tag-stf","tag-supremo-tribunal-federal"],"acf":[],"_links":{"self":[{"href":"https:\/\/sgpsolucoes.com.br\/site\/wp-json\/wp\/v2\/posts\/10625"}],"collection":[{"href":"https:\/\/sgpsolucoes.com.br\/site\/wp-json\/wp\/v2\/posts"}],"about":[{"href":"https:\/\/sgpsolucoes.com.br\/site\/wp-json\/wp\/v2\/types\/post"}],"author":[{"embeddable":true,"href":"https:\/\/sgpsolucoes.com.br\/site\/wp-json\/wp\/v2\/users\/5"}],"replies":[{"embeddable":true,"href":"https:\/\/sgpsolucoes.com.br\/site\/wp-json\/wp\/v2\/comments?post=10625"}],"version-history":[{"count":0,"href":"https:\/\/sgpsolucoes.com.br\/site\/wp-json\/wp\/v2\/posts\/10625\/revisions"}],"wp:attachment":[{"href":"https:\/\/sgpsolucoes.com.br\/site\/wp-json\/wp\/v2\/media?parent=10625"}],"wp:term":[{"taxonomy":"category","embeddable":true,"href":"https:\/\/sgpsolucoes.com.br\/site\/wp-json\/wp\/v2\/categories?post=10625"},{"taxonomy":"post_tag","embeddable":true,"href":"https:\/\/sgpsolucoes.com.br\/site\/wp-json\/wp\/v2\/tags?post=10625"}],"curies":[{"name":"wp","href":"https:\/\/api.w.org\/{rel}","templated":true}]}}