{"id":10651,"date":"2025-04-25T17:33:16","date_gmt":"2025-04-25T20:33:16","guid":{"rendered":"https:\/\/sgpsolucoes.com.br\/site\/?p=10651"},"modified":"2025-04-25T17:33:17","modified_gmt":"2025-04-25T20:33:17","slug":"stf-autoriza-ex-presidente-fernando-collor-a-cumprir-pena-em-maceio-al","status":"publish","type":"post","link":"https:\/\/sgpsolucoes.com.br\/site\/stf-autoriza-ex-presidente-fernando-collor-a-cumprir-pena-em-maceio-al\/","title":{"rendered":"STF autoriza ex-presidente Fernando Collor a cumprir pena em Macei\u00f3 (AL)"},"content":{"rendered":"<p><em>Na mesma decis\u00e3o, ministro Alexandre de Moraes pediu informa\u00e7\u00f5es ao pres\u00eddio sobre condi\u00e7\u00f5es para tratar da sa\u00fade de Collor<\/em><\/p><p>O ministro Alexandre de Moraes, do Supremo Tribunal Federal (STF), determinou que o ex-presidente Fernando Collor de Mello (AL), condenado por corrup\u00e7\u00e3o passiva e lavagem de dinheiro, inicie o cumprimento da pena em pres\u00eddio de Macei\u00f3 (AL). Em audi\u00eancia de cust\u00f3dia, realizada ap\u00f3s a pris\u00e3o, Collor manifestou sua vontade de permanecer em Alagoas.<\/p><figure class=\"wp-block-image size-full is-resized\"><img decoding=\"async\" src=\"https:\/\/sgpsolucoes.com.br\/site\/wp-content\/uploads\/2025\/04\/image-22.png\" alt=\"\" class=\"wp-image-10652\" style=\"width:840px;height:auto\"\/><figcaption class=\"wp-element-caption\"><em>Foto: Gustavo Moreno\/STF<\/em><\/figcaption><\/figure><p>O ex-presidente come\u00e7ar\u00e1 a cumprir a pena, de oito anos e 10 meses de reclus\u00e3o em regime inicial fechado, no Pres\u00eddio Baldomero Cavalcanti de Oliveira, na capital alagoana. Por ter ocupado o cargo de presidente da Rep\u00fablica, ele dever\u00e1 permanecer na ala especial da unidade prisional.<\/p><p>Ao autorizar a perman\u00eancia de Collor em Alagoas, o ministro lembrou que o artigo 103 da Lei de Execu\u00e7\u00f5es Penais (LEP) prev\u00ea que, em regra, a pena deve ser cumprida no local de domic\u00edlio do preso, a fim de assegurar sua perman\u00eancia em lugar pr\u00f3ximo ao seu meio social e familiar.<\/p><h5 class=\"wp-block-heading\"><strong>Pris\u00e3o domiciliar<\/strong><\/h5><p>Na audi\u00eancia de cust\u00f3dia, a defesa do ex-presidente tamb\u00e9m requereu a concess\u00e3o de pris\u00e3o domiciliar. Entre outros pontos, alegou \u201cindefini\u00e7\u00e3o da situa\u00e7\u00e3o jur\u00eddica do r\u00e9u\u201d, em raz\u00e3o do pedido de destaque feito pelo ministro Gilmar Mendes na sess\u00e3o virtual desta sexta-feira (25), convocada para referendo da decis\u00e3o do ministro Alexandre de Moraes que determinou o imediato in\u00edcio do cumprimento de pena.<\/p><p>Al\u00e9m disso, os advogados alegam que o ex-presidente tem idade avan\u00e7ada (75 anos) e comorbidades graves, como Mal de Parkinson, apneia do sono grave e transtorno afetivo bipolar.<\/p><p>Diante dessas alega\u00e7\u00f5es, o ministro Alexandre determinou que a dire\u00e7\u00e3o do pres\u00eddio informe, no prazo de 24 horas, se tem condi\u00e7\u00f5es adequadas para tratar da sa\u00fade do ex-presidente. Ap\u00f3s as informa\u00e7\u00f5es, a Procuradoria-Geral da Rep\u00fablica (PGR) deve se manifestar sobre o pedido de pris\u00e3o domiciliar.<\/p><h5 class=\"wp-block-heading\"><strong>Condena\u00e7\u00e3o<\/strong><\/h5><p>Collor foi condenado pelo STF em 2023, na A\u00e7\u00e3o Penal&nbsp;<a href=\"https:\/\/portal.stf.jus.br\/processos\/detalhe.asp?incidente=5372688\" target=\"_blank\" rel=\"noreferrer noopener\"><strong>(AP) 1025<\/strong><\/a>, por envolvimento em um esquema de corrup\u00e7\u00e3o na BR Distribuidora. Na quinta-feira (24), o relator, ministro Alexandre de Moraes, julgou incab\u00edvel novo recurso apresentado pela defesa, ao reconhecer seu \u201ccar\u00e1ter meramente protelat\u00f3rio\u201d, e determinou o imediato in\u00edcio do cumprimento de pena.<\/p><p><strong>Fonte: STF<\/strong><\/p>\n    <div class=\"xs_social_share_widget xs_share_url after_content \t\tmain_content  wslu-style-1 wslu-share-box-shaped wslu-fill-colored wslu-none wslu-share-horizontal wslu-theme-font-no wslu-main_content\">\n\n\t\t\n        <ul>\n\t\t\t        <\/ul>\n    <\/div> \n","protected":false},"excerpt":{"rendered":"<p>O ministro Alexandre de Moraes, do Supremo Tribunal Federal (STF), determinou que o ex-presidente Fernando Collor de Mello (AL), condenado por corrup\u00e7\u00e3o passiva e lavagem de dinheiro, inicie o cumprimento da pena em pres\u00eddio de Macei\u00f3 (AL). Em audi\u00eancia de cust\u00f3dia, realizada ap\u00f3s a pris\u00e3o, Collor manifestou sua vontade de permanecer em Alagoas.<\/p>\n","protected":false},"author":5,"featured_media":0,"comment_status":"open","ping_status":"open","sticky":false,"template":"","format":"standard","meta":{"postBodyCss":"","postBodyMargin":[],"postBodyPadding":[],"postBodyBackground":{"backgroundType":"classic","gradient":""},"_price":"","_stock":"","_tribe_ticket_header":"","_tribe_default_ticket_provider":"","_tribe_ticket_capacity":"0","_ticket_start_date":"","_ticket_end_date":"","_tribe_ticket_show_description":"","_tribe_ticket_show_not_going":false,"_tribe_ticket_use_global_stock":"","_tribe_ticket_global_stock_level":"","_global_stock_mode":"","_global_stock_cap":"","_tribe_rsvp_for_event":"","_tribe_ticket_going_count":"","_tribe_ticket_not_going_count":"","_tribe_tickets_list":"[]","_tribe_ticket_has_attendee_info_fields":false,"footnotes":""},"categories":[46],"tags":[3779,9441,9436,8601,9442,1581,9402,9405,9407,9308,9438,9439,3514,9437,9440,3235,347,348],"class_list":["post-10651","post","type-post","status-publish","format-standard","hentry","category-noticias","tag-alexandre-de-moraes","tag-audiencia-de-custodia","tag-collor","tag-condicoes","tag-corrupcao-passiva","tag-ex-presidente","tag-ex-presidente-fernando-collor","tag-fernando-collor","tag-fernando-collor-de-mello","tag-lavagem-de-dinheiro","tag-maceio","tag-ministro-alexandre-de-moraes","tag-pena","tag-presidio","tag-prisao","tag-saude","tag-stf","tag-supremo-tribunal-federal"],"acf":[],"_links":{"self":[{"href":"https:\/\/sgpsolucoes.com.br\/site\/wp-json\/wp\/v2\/posts\/10651"}],"collection":[{"href":"https:\/\/sgpsolucoes.com.br\/site\/wp-json\/wp\/v2\/posts"}],"about":[{"href":"https:\/\/sgpsolucoes.com.br\/site\/wp-json\/wp\/v2\/types\/post"}],"author":[{"embeddable":true,"href":"https:\/\/sgpsolucoes.com.br\/site\/wp-json\/wp\/v2\/users\/5"}],"replies":[{"embeddable":true,"href":"https:\/\/sgpsolucoes.com.br\/site\/wp-json\/wp\/v2\/comments?post=10651"}],"version-history":[{"count":0,"href":"https:\/\/sgpsolucoes.com.br\/site\/wp-json\/wp\/v2\/posts\/10651\/revisions"}],"wp:attachment":[{"href":"https:\/\/sgpsolucoes.com.br\/site\/wp-json\/wp\/v2\/media?parent=10651"}],"wp:term":[{"taxonomy":"category","embeddable":true,"href":"https:\/\/sgpsolucoes.com.br\/site\/wp-json\/wp\/v2\/categories?post=10651"},{"taxonomy":"post_tag","embeddable":true,"href":"https:\/\/sgpsolucoes.com.br\/site\/wp-json\/wp\/v2\/tags?post=10651"}],"curies":[{"name":"wp","href":"https:\/\/api.w.org\/{rel}","templated":true}]}}