{"id":10676,"date":"2025-04-29T15:55:11","date_gmt":"2025-04-29T18:55:11","guid":{"rendered":"https:\/\/sgpsolucoes.com.br\/site\/?p=10676"},"modified":"2025-04-29T15:55:12","modified_gmt":"2025-04-29T18:55:12","slug":"stf-determina-que-uniao-desaproprie-terras-alvo-de-incendio-ou-desmatamento-ilegal","status":"publish","type":"post","link":"https:\/\/sgpsolucoes.com.br\/site\/stf-determina-que-uniao-desaproprie-terras-alvo-de-incendio-ou-desmatamento-ilegal\/","title":{"rendered":"STF determina que Uni\u00e3o desaproprie terras alvo de inc\u00eandio ou desmatamento ilegal"},"content":{"rendered":"<p><em><strong>Decis\u00f5es do ministro Fl\u00e1vio Dino tamb\u00e9m exigem informa\u00e7\u00f5es sobre planos para combater inc\u00eandios na Amaz\u00f4nia e no Pantanal<\/strong><\/em><\/p><p>O ministro Fl\u00e1vio Dino, do Supremo Tribunal Federal (STF), determinou nesta segunda-feira (28) que a Uni\u00e3o desaproprie terras que tenham sido alvo de inc\u00eandios criminosos ou de desmatamento ilegal. A medida dever\u00e1 ser aplicada nos casos em que estiver comprovada a responsabilidade do propriet\u00e1rio na devasta\u00e7\u00e3o do meio ambiente.<\/p><p>Conforme a decis\u00e3o, a Uni\u00e3o e os estados ter\u00e3o de adotar meios para impedir a regulariza\u00e7\u00e3o de terras em que tenham ocorrido crimes ambientais. Tamb\u00e9m dever\u00e3o ajuizar a\u00e7\u00f5es de indeniza\u00e7\u00e3o contra propriet\u00e1rios que sejam respons\u00e1veis por inc\u00eandios ou desmatamento ilegais.<\/p><p>Dino autorizou que os estados continuem a usar sistemas pr\u00f3prios para emitir autoriza\u00e7\u00f5es para retirada de vegeta\u00e7\u00e3o (as chamadas Autoriza\u00e7\u00f5es de Supress\u00e3o de Vegeta\u00e7\u00e3o), desde que as informa\u00e7\u00f5es estejam integradas ao Sistema Nacional de Controle da Origem dos Produtos Florestais (Sinaflor).<\/p><p>As determina\u00e7\u00f5es foram dadas pelo ministro em duas decis\u00f5es na Argui\u00e7\u00e3o de Descumprimento de Preceito Fundamental&nbsp;<strong><a href=\"https:\/\/portal.stf.jus.br\/processos\/detalhe.asp?incidente=6007933\" target=\"_blank\" rel=\"noreferrer noopener\">(ADPF) 743<\/a><\/strong>. Nessa a\u00e7\u00e3o, o STF determinou a reestrutura\u00e7\u00e3o da pol\u00edtica de preven\u00e7\u00e3o e combate aos inc\u00eandios no Pantanal e na Amaz\u00f4nia, com a implementa\u00e7\u00e3o de medidas tanto pela Uni\u00e3o quanto pelos estados envolvidos. A Corte tamb\u00e9m realizou uma s\u00e9rie de audi\u00eancias em que foram discutidas e determinadas a\u00e7\u00f5es sobre o tema.<\/p><p><strong>Prazos para informa\u00e7\u00f5es<\/strong><\/p><p>O ministro tamb\u00e9m abriu prazo para manifesta\u00e7\u00e3o de \u00f3rg\u00e3os e dos governos federal e estaduais. A Uni\u00e3o, por exemplo, ter\u00e1 que responder em 15 dias \u00fateis sobre dados trazidos ao processo que apontam que uma \u201cparcela significativa\u201d de recursos para fiscaliza\u00e7\u00e3o e combate a inc\u00eandios florestais deixou de ser executada em 2024.<\/p><p>Na outra decis\u00e3o, Dino deu prazo final de 10 dias \u00fateis para a Uni\u00e3o apresentar uma an\u00e1lise sobre os recursos necess\u00e1rios para efetivar o cronograma de combate \u00e0 criminalidade ambiental da Pol\u00edcia Federal.<\/p><p>O Minist\u00e9rio do Planejamento e Or\u00e7amento ter\u00e1 10 dias \u00fateis para responder a pontos do plano de fortalecimento institucional para controle dos inc\u00eandios na Amaz\u00f4nia e no Pantanal. Entre os esclarecimentos, a pasta dever\u00e1 dizer como vai mitigar o risco de contingenciamento da dota\u00e7\u00e3o or\u00e7ament\u00e1ria destinada a essa atividade.<\/p><p>Tamb\u00e9m em 10 dias \u00fateis, os estados do Acre, Amap\u00e1, Rond\u00f4nia, Maranh\u00e3o, Tocantins e Par\u00e1 dever\u00e3o detalhar as medidas j\u00e1 tomadas em 2025 para prevenir e combater queimadas. Essas unidades da federa\u00e7\u00e3o ainda ter\u00e3o que cumprir a ordem para instalar \u201csalas de situa\u00e7\u00e3o\u201d destinadas ao monitoramento e acompanhamento dos focos de inc\u00eandio.<\/p><p>Em 15 dias, a Advocacia-Geral da Uni\u00e3o (AGU) e o Banco Nacional de Desenvolvimento Econ\u00f4mico e Social (BNDES) dever\u00e3o informar o resultado da avalia\u00e7\u00e3o sobre o projeto \u201cFortalecimento da Fiscaliza\u00e7\u00e3o Ambiental para o Controle do Desmatamento Ilegal da Amaz\u00f4nia\u201d. Dados apresentados no processo anunciavam que a iniciativa estava em fase final de an\u00e1lise e havia sido posta \u00e0 delibera\u00e7\u00e3o da diretoria do banco no final de mar\u00e7o.<\/p><p>Leia a \u00edntegra das decis\u00f5es&nbsp;<strong><a href=\"https:\/\/portal.stf.jus.br\/processos\/downloadPeca.asp?id=15376168354&amp;ext=.pdf\" target=\"_blank\" rel=\"noreferrer noopener\">aqui<\/a><\/strong>&nbsp;e&nbsp;<strong><a href=\"https:\/\/portal.stf.jus.br\/processos\/downloadPeca.asp?id=15376182570&amp;ext=.pdf\" target=\"_blank\" rel=\"noreferrer noopener\">aqui<\/a><\/strong>.<\/p><p><strong>Fonte: STF<\/strong><\/p>\n    <div class=\"xs_social_share_widget xs_share_url after_content \t\tmain_content  wslu-style-1 wslu-share-box-shaped wslu-fill-colored wslu-none wslu-share-horizontal wslu-theme-font-no wslu-main_content\">\n\n\t\t\n        <ul>\n\t\t\t        <\/ul>\n    <\/div> \n","protected":false},"excerpt":{"rendered":"<p>O ministro Fl\u00e1vio Dino, do Supremo Tribunal Federal (STF), determinou nesta segunda-feira (28) que a Uni\u00e3o desaproprie terras que tenham sido alvo de inc\u00eandios criminosos ou de desmatamento ilegal. A medida dever\u00e1 ser aplicada nos casos em que estiver comprovada a responsabilidade do propriet\u00e1rio na devasta\u00e7\u00e3o do meio ambiente.<\/p>\n","protected":false},"author":5,"featured_media":0,"comment_status":"open","ping_status":"open","sticky":false,"template":"","format":"standard","meta":{"postBodyCss":"","postBodyMargin":[],"postBodyPadding":[],"postBodyBackground":{"backgroundType":"classic","gradient":""},"_price":"","_stock":"","_tribe_ticket_header":"","_tribe_default_ticket_provider":"","_tribe_ticket_capacity":"0","_ticket_start_date":"","_ticket_end_date":"","_tribe_ticket_show_description":"","_tribe_ticket_show_not_going":false,"_tribe_ticket_use_global_stock":"","_tribe_ticket_global_stock_level":"","_global_stock_mode":"","_global_stock_cap":"","_tribe_rsvp_for_event":"","_tribe_ticket_going_count":"","_tribe_ticket_not_going_count":"","_tribe_tickets_list":"[]","_tribe_ticket_has_attendee_info_fields":false,"footnotes":""},"categories":[46],"tags":[2537,186,9480,9477,9481,9070,5650,9478,1425,5042,4449,9479,347,348,4648,1627],"class_list":["post-10676","post","type-post","status-publish","format-standard","hentry","category-noticias","tag-amazonia","tag-desapropriacao","tag-desmatamento","tag-desmatamento-ilegal","tag-devastacao","tag-incendio","tag-incendios","tag-incendios-criminosos","tag-meio-ambiente","tag-pantanal","tag-planos","tag-responsabilidade-do-proprietario","tag-stf","tag-supremo-tribunal-federal","tag-terras","tag-uniao"],"acf":[],"_links":{"self":[{"href":"https:\/\/sgpsolucoes.com.br\/site\/wp-json\/wp\/v2\/posts\/10676"}],"collection":[{"href":"https:\/\/sgpsolucoes.com.br\/site\/wp-json\/wp\/v2\/posts"}],"about":[{"href":"https:\/\/sgpsolucoes.com.br\/site\/wp-json\/wp\/v2\/types\/post"}],"author":[{"embeddable":true,"href":"https:\/\/sgpsolucoes.com.br\/site\/wp-json\/wp\/v2\/users\/5"}],"replies":[{"embeddable":true,"href":"https:\/\/sgpsolucoes.com.br\/site\/wp-json\/wp\/v2\/comments?post=10676"}],"version-history":[{"count":0,"href":"https:\/\/sgpsolucoes.com.br\/site\/wp-json\/wp\/v2\/posts\/10676\/revisions"}],"wp:attachment":[{"href":"https:\/\/sgpsolucoes.com.br\/site\/wp-json\/wp\/v2\/media?parent=10676"}],"wp:term":[{"taxonomy":"category","embeddable":true,"href":"https:\/\/sgpsolucoes.com.br\/site\/wp-json\/wp\/v2\/categories?post=10676"},{"taxonomy":"post_tag","embeddable":true,"href":"https:\/\/sgpsolucoes.com.br\/site\/wp-json\/wp\/v2\/tags?post=10676"}],"curies":[{"name":"wp","href":"https:\/\/api.w.org\/{rel}","templated":true}]}}