{"id":10679,"date":"2025-04-29T16:00:22","date_gmt":"2025-04-29T19:00:22","guid":{"rendered":"https:\/\/sgpsolucoes.com.br\/site\/?p=10679"},"modified":"2025-04-29T16:00:23","modified_gmt":"2025-04-29T19:00:23","slug":"governo-de-mato-grosso-pede-que-stf-suspenda-regra-local-sobre-execucao-de-emendas-orcamentarias","status":"publish","type":"post","link":"https:\/\/sgpsolucoes.com.br\/site\/governo-de-mato-grosso-pede-que-stf-suspenda-regra-local-sobre-execucao-de-emendas-orcamentarias\/","title":{"rendered":"Governo de Mato Grosso pede que STF suspenda regra local sobre execu\u00e7\u00e3o de emendas or\u00e7ament\u00e1rias"},"content":{"rendered":"<p><em>Trecho da Constitui\u00e7\u00e3o do estado imp\u00f5e execu\u00e7\u00e3o de at\u00e9 0,2% das emendas de bancada ou bloco parlamentar no projeto de lei or\u00e7ament\u00e1ria anual<\/em><\/p><p>O governador de Mato Grosso, Mauro Mendes, ajuizou uma a\u00e7\u00e3o no Supremo Tribunal Federal (STF) para pedir a invalida\u00e7\u00e3o de um trecho da Constitui\u00e7\u00e3o do estado que trata da execu\u00e7\u00e3o de emendas parlamentares. A A\u00e7\u00e3o Direta de Inconstitucionalidade<strong><a href=\"https:\/\/portal.stf.jus.br\/processos\/detalhe.asp?incidente=7235125\" target=\"_blank\" rel=\"noreferrer noopener\">&nbsp;(ADI) 7807<\/a><\/strong>&nbsp;foi distribu\u00edda ao ministro Dias Toffoli.<\/p><p>Na a\u00e7\u00e3o, Mendes aponta que a Constitui\u00e7\u00e3o mato-grossense obriga a execu\u00e7\u00e3o de at\u00e9 0,2% da receita corrente l\u00edquida do exerc\u00edcio anterior em emendas de bancada e de bloco parlamentar no projeto de lei or\u00e7ament\u00e1ria anual. Segundo o governador, essa regra prejudica o equil\u00edbrio do or\u00e7amento do estado e limita o planejamento do Executivo local.&nbsp;<\/p><p>Ainda de acordo com o governador, a Constitui\u00e7\u00e3o Federal n\u00e3o prev\u00ea emendas de bancada impositivas para os parlamentos estaduais, pois essa possibilidade s\u00f3 se aplica ao Congresso Nacional. Segundo ele, n\u00e3o faz sentido falar em bancadas nos Legislativos estaduais ou municipais, j\u00e1 que essa estrutura n\u00e3o existe nesses \u00e2mbitos.<\/p><p><strong>Fonte: STF<\/strong><\/p>\n    <div class=\"xs_social_share_widget xs_share_url after_content \t\tmain_content  wslu-style-1 wslu-share-box-shaped wslu-fill-colored wslu-none wslu-share-horizontal wslu-theme-font-no wslu-main_content\">\n\n\t\t\n        <ul>\n\t\t\t        <\/ul>\n    <\/div> \n","protected":false},"excerpt":{"rendered":"<p>O governador de Mato Grosso, Mauro Mendes, ajuizou uma a\u00e7\u00e3o no Supremo Tribunal Federal (STF) para pedir a invalida\u00e7\u00e3o de um trecho da Constitui\u00e7\u00e3o do estado que trata da execu\u00e7\u00e3o de emendas parlamentares. A A\u00e7\u00e3o Direta de Inconstitucionalidade\u00a0(ADI) 7807\u00a0foi distribu\u00edda ao ministro Dias Toffoli.<\/p>\n","protected":false},"author":5,"featured_media":0,"comment_status":"open","ping_status":"open","sticky":false,"template":"","format":"standard","meta":{"postBodyCss":"","postBodyMargin":[],"postBodyPadding":[],"postBodyBackground":{"backgroundType":"classic","gradient":""},"_price":"","_stock":"","_tribe_ticket_header":"","_tribe_default_ticket_provider":"","_tribe_ticket_capacity":"0","_ticket_start_date":"","_ticket_end_date":"","_tribe_ticket_show_description":"","_tribe_ticket_show_not_going":false,"_tribe_ticket_use_global_stock":"","_tribe_ticket_global_stock_level":"","_global_stock_mode":"","_global_stock_cap":"","_tribe_rsvp_for_event":"","_tribe_ticket_going_count":"","_tribe_ticket_not_going_count":"","_tribe_tickets_list":"[]","_tribe_ticket_has_attendee_info_fields":false,"footnotes":""},"categories":[46],"tags":[1054,9487,9488,9484,9489,9483,2472,2473,6280,9378,9485,9486,9482,347,348],"class_list":["post-10679","post","type-post","status-publish","format-standard","hentry","category-noticias","tag-acao-direta-de-inconstitucionalidade","tag-adi-7807","tag-bloco-parlamentar","tag-constituicao-do-estado","tag-emendas-de-bancada","tag-emendas-orcamentarias","tag-emendas-parlamentares","tag-execucao","tag-lei-orcamentaria-anual","tag-mato-grosso","tag-mauro-mendes","tag-projeto-de-lei-orcamentaria-anual","tag-regra-local","tag-stf","tag-supremo-tribunal-federal"],"acf":[],"_links":{"self":[{"href":"https:\/\/sgpsolucoes.com.br\/site\/wp-json\/wp\/v2\/posts\/10679"}],"collection":[{"href":"https:\/\/sgpsolucoes.com.br\/site\/wp-json\/wp\/v2\/posts"}],"about":[{"href":"https:\/\/sgpsolucoes.com.br\/site\/wp-json\/wp\/v2\/types\/post"}],"author":[{"embeddable":true,"href":"https:\/\/sgpsolucoes.com.br\/site\/wp-json\/wp\/v2\/users\/5"}],"replies":[{"embeddable":true,"href":"https:\/\/sgpsolucoes.com.br\/site\/wp-json\/wp\/v2\/comments?post=10679"}],"version-history":[{"count":0,"href":"https:\/\/sgpsolucoes.com.br\/site\/wp-json\/wp\/v2\/posts\/10679\/revisions"}],"wp:attachment":[{"href":"https:\/\/sgpsolucoes.com.br\/site\/wp-json\/wp\/v2\/media?parent=10679"}],"wp:term":[{"taxonomy":"category","embeddable":true,"href":"https:\/\/sgpsolucoes.com.br\/site\/wp-json\/wp\/v2\/categories?post=10679"},{"taxonomy":"post_tag","embeddable":true,"href":"https:\/\/sgpsolucoes.com.br\/site\/wp-json\/wp\/v2\/tags?post=10679"}],"curies":[{"name":"wp","href":"https:\/\/api.w.org\/{rel}","templated":true}]}}