{"id":10682,"date":"2025-04-29T16:04:29","date_gmt":"2025-04-29T19:04:29","guid":{"rendered":"https:\/\/sgpsolucoes.com.br\/site\/?p=10682"},"modified":"2025-04-29T16:04:30","modified_gmt":"2025-04-29T19:04:30","slug":"lei-que-autoriza-abate-de-javali-em-sc-e-questionada-no-stf","status":"publish","type":"post","link":"https:\/\/sgpsolucoes.com.br\/site\/lei-que-autoriza-abate-de-javali-em-sc-e-questionada-no-stf\/","title":{"rendered":"Lei que autoriza abate de javali em SC \u00e9 questionada no STF"},"content":{"rendered":"<p><em>Para o F\u00f3rum Nacional de Prote\u00e7\u00e3o e Defesa Animal, a norma \u00e9 inconstitucional<\/em><\/p><p>O F\u00f3rum Nacional de Prote\u00e7\u00e3o e Defesa Animal questiona, no Supremo Tribunal Federal (STF), uma lei de Santa Catarina que autorizou a ca\u00e7a do javali-europeu como forma de controle populacional. Segundo a entidade, sob pretexto de regulamentar o manejo de javalis, a norma acabou por autorizar a ca\u00e7a desportiva desses animais. A A\u00e7\u00e3o Direta de Inconstitucionalidade&nbsp;<strong><a href=\"https:\/\/portal.stf.jus.br\/processos\/detalhe.asp?incidente=7237033\" target=\"_blank\" rel=\"noreferrer noopener\">(ADI) 7808<\/a><\/strong>&nbsp;foi distribu\u00edda ao ministro Nunes Marques, que pediu informa\u00e7\u00f5es \u00e0 Assembleia Legislativa e ao governador do estado para que a a\u00e7\u00e3o seja julgada diretamente no m\u00e9rito.<\/p><p>Para o f\u00f3rum, a Lei estadual 18.817\/2023 trata diretamente da utiliza\u00e7\u00e3o de animais em pr\u00e1ticas que envolvem risco de maus tratos e sofrimento. A a\u00e7\u00e3o cita investiga\u00e7\u00f5es realizadas por \u00f3rg\u00e3os como o Ibama e a Pol\u00edcia Militar Ambiental de SC que identificaram criadouros clandestinos de javalis, muitas vezes em \u00e1reas de preserva\u00e7\u00e3o permanente (APP), com objetivo claro de abastecer a pr\u00e1tica da ca\u00e7a, sob o pretexto de controle.<\/p><p>A entidade tamb\u00e9m argumenta invas\u00e3o da compet\u00eancia da Uni\u00e3o para legislar sobre prote\u00e7\u00e3o \u00e0 fauna, \u00e0 ca\u00e7a e ao meio ambiente. Segundo o f\u00f3rum, cabe aos estados apenas suplementar a legisla\u00e7\u00e3o federal, quando n\u00e3o houver regulamenta\u00e7\u00e3o. No caso da ca\u00e7a, afirma que a Lei de Crimes Ambientais (Lei 5.197\/1967) veda a ca\u00e7a profissional e tipifica como crime qualquer forma de abate, persegui\u00e7\u00e3o ou captura de animais silvestres sem autoriza\u00e7\u00e3o da autoridade competente.<\/p><p><strong>Fonte: STF<\/strong><\/p>\n    <div class=\"xs_social_share_widget xs_share_url after_content \t\tmain_content  wslu-style-1 wslu-share-box-shaped wslu-fill-colored wslu-none wslu-share-horizontal wslu-theme-font-no wslu-main_content\">\n\n\t\t\n        <ul>\n\t\t\t        <\/ul>\n    <\/div> \n","protected":false},"excerpt":{"rendered":"<p>O F\u00f3rum Nacional de Prote\u00e7\u00e3o e Defesa Animal questiona, no Supremo Tribunal Federal (STF), uma lei de Santa Catarina que autorizou a ca\u00e7a do javali-europeu como forma de controle populacional. Segundo a entidade, sob pretexto de regulamentar o manejo de javalis, a norma acabou por autorizar a ca\u00e7a desportiva desses animais. A A\u00e7\u00e3o Direta de Inconstitucionalidade\u00a0(ADI) 7808\u00a0foi distribu\u00edda ao ministro Nunes Marques, que pediu informa\u00e7\u00f5es \u00e0 Assembleia Legislativa e ao governador do estado para que a a\u00e7\u00e3o seja julgada diretamente no m\u00e9rito.<\/p>\n","protected":false},"author":5,"featured_media":0,"comment_status":"open","ping_status":"open","sticky":false,"template":"","format":"standard","meta":{"postBodyCss":"","postBodyMargin":[],"postBodyPadding":[],"postBodyBackground":{"backgroundType":"classic","gradient":""},"_price":"","_stock":"","_tribe_ticket_header":"","_tribe_default_ticket_provider":"","_tribe_ticket_capacity":"0","_ticket_start_date":"","_ticket_end_date":"","_tribe_ticket_show_description":"","_tribe_ticket_show_not_going":false,"_tribe_ticket_use_global_stock":"","_tribe_ticket_global_stock_level":"","_global_stock_mode":"","_global_stock_cap":"","_tribe_rsvp_for_event":"","_tribe_ticket_going_count":"","_tribe_ticket_not_going_count":"","_tribe_tickets_list":"[]","_tribe_ticket_has_attendee_info_fields":false,"footnotes":""},"categories":[46],"tags":[9491,1054,9496,1070,3431,9492,9498,9495,9490,9497,2075,9493,9494,9499,1563,9390,5820,347,348],"class_list":["post-10682","post","type-post","status-publish","format-standard","hentry","category-noticias","tag-abate","tag-acao-direta-de-inconstitucionalidade","tag-adi-7808","tag-assembleia-legislativa","tag-autoriza","tag-caca","tag-caca-desportiva","tag-controle-populacional","tag-forum-nacional-de-protecao-e-defesa-animal","tag-governador-do-estado","tag-inconstitucional","tag-javali","tag-javali-europeu","tag-javalis","tag-lei","tag-lei-de-santa-catarina","tag-manejo","tag-stf","tag-supremo-tribunal-federal"],"acf":[],"_links":{"self":[{"href":"https:\/\/sgpsolucoes.com.br\/site\/wp-json\/wp\/v2\/posts\/10682"}],"collection":[{"href":"https:\/\/sgpsolucoes.com.br\/site\/wp-json\/wp\/v2\/posts"}],"about":[{"href":"https:\/\/sgpsolucoes.com.br\/site\/wp-json\/wp\/v2\/types\/post"}],"author":[{"embeddable":true,"href":"https:\/\/sgpsolucoes.com.br\/site\/wp-json\/wp\/v2\/users\/5"}],"replies":[{"embeddable":true,"href":"https:\/\/sgpsolucoes.com.br\/site\/wp-json\/wp\/v2\/comments?post=10682"}],"version-history":[{"count":0,"href":"https:\/\/sgpsolucoes.com.br\/site\/wp-json\/wp\/v2\/posts\/10682\/revisions"}],"wp:attachment":[{"href":"https:\/\/sgpsolucoes.com.br\/site\/wp-json\/wp\/v2\/media?parent=10682"}],"wp:term":[{"taxonomy":"category","embeddable":true,"href":"https:\/\/sgpsolucoes.com.br\/site\/wp-json\/wp\/v2\/categories?post=10682"},{"taxonomy":"post_tag","embeddable":true,"href":"https:\/\/sgpsolucoes.com.br\/site\/wp-json\/wp\/v2\/tags?post=10682"}],"curies":[{"name":"wp","href":"https:\/\/api.w.org\/{rel}","templated":true}]}}