{"id":10691,"date":"2025-04-29T16:50:29","date_gmt":"2025-04-29T19:50:29","guid":{"rendered":"https:\/\/sgpsolucoes.com.br\/site\/?p=10691"},"modified":"2025-04-29T16:50:31","modified_gmt":"2025-04-29T19:50:31","slug":"tce-mg-rejeita-contas-de-ex-prefeito-do-municipio-de-cristiano-otoni-em-face-da-abertura-de-creditos-suplementares-sem-autorizacao-legislativa-em-afronta-a-lei-n-4-320-1964","status":"publish","type":"post","link":"https:\/\/sgpsolucoes.com.br\/site\/tce-mg-rejeita-contas-de-ex-prefeito-do-municipio-de-cristiano-otoni-em-face-da-abertura-de-creditos-suplementares-sem-autorizacao-legislativa-em-afronta-a-lei-n-4-320-1964\/","title":{"rendered":"TCE-MG rejeita contas de ex-prefeito do Munic\u00edpio de Cristiano Otoni, em face da abertura de cr\u00e9ditos suplementares sem autoriza\u00e7\u00e3o legislativa, em afronta \u00e0 Lei n\u00b0 4.320\/1964\u00a0"},"content":{"rendered":"<p>A Segunda C\u00e2mara do Tribunal de Contas do Estado de Minas Gerais (TCEMG), na sess\u00e3o desta ter\u00e7a-feira (29\/4), emitiu o parecer pr\u00e9vio pela rejei\u00e7\u00e3o das contas do, ent\u00e3o, prefeito do Munic\u00edpio de Cristiano Otoni, Jos\u00e9 \u00c9lcio de Rezende, referente ao exerc\u00edcio de 2020.&nbsp;<\/p><p>Com base na an\u00e1lise da Unidade T\u00e9cnica do TCEMG e na manifesta\u00e7\u00e3o do Minist\u00e9rio P\u00fablico de Contas (MPCMG) que se manifestaram pela rejei\u00e7\u00e3o das contas, o relator, conselheiro em exerc\u00edcio Hamilton Coelho, acompanhado pelos outros presentes \u00e0 sess\u00e3o, conselheiro Gilberto Diniz e o conselheiro em exerc\u00edcio Adonias Monteiro, decidiram pela rejei\u00e7\u00e3o das contas pelo motivo da abertura de cr\u00e9ditos suplementares no valor de aproximadamente&nbsp;&nbsp;R$990 mil sem autoriza\u00e7\u00e3o legislativa, o que contraria o art. 42 da Lei n. 4.320\/1964.&nbsp;<\/p><p>O relator ainda fez recomenda\u00e7\u00f5es ao atual prefeito para manter organizada e dispon\u00edvel a documenta\u00e7\u00e3o para acesso do Tribunal de Contas e, ao controle interno do munic\u00edpio, recomendou que comunique ao TCEMG toda e qualquer falha detectada, sob pena de responsabilidade solid\u00e1ria.&nbsp;<\/p><p>Por fim, fez recomenda\u00e7\u00f5es ao atual chefe do Poder Executivo que se empenhe no cumprimento das Metas do Plano Nacional de Educa\u00e7\u00e3o (PNE):<\/p><p>&#8211; Meta 01 A: que trata da universaliza\u00e7\u00e3o da educa\u00e7\u00e3o infantil na pr\u00e9-escola para crian\u00e7as de 4 e 5 anos e tamb\u00e9m da amplia\u00e7\u00e3o da oferta de creches para atender a pelo menos 50% das crian\u00e7as at\u00e9 3 anos;<\/p><p>&#8211; Meta 01 B: que garante a qualidade da educa\u00e7\u00e3o infantil; e<\/p><p>&#8211; Meta 18: que assegura a exist\u00eancia de planos de carreira para os profissionais da educa\u00e7\u00e3o b\u00e1sica e superior p\u00fablica.<\/p><p>\u00c0 decis\u00e3o, cabe recurso.<\/p><p><strong>Fonte: TCE-MG<\/strong><\/p>\n    <div class=\"xs_social_share_widget xs_share_url after_content \t\tmain_content  wslu-style-1 wslu-share-box-shaped wslu-fill-colored wslu-none wslu-share-horizontal wslu-theme-font-no wslu-main_content\">\n\n\t\t\n        <ul>\n\t\t\t        <\/ul>\n    <\/div> \n","protected":false},"excerpt":{"rendered":"<p>A Segunda C\u00e2mara do Tribunal de Contas do Estado de Minas Gerais (TCEMG), na sess\u00e3o desta ter\u00e7a-feira (29\/4), emitiu o parecer pr\u00e9vio pela rejei\u00e7\u00e3o das contas do, ent\u00e3o, prefeito do Munic\u00edpio de Cristiano Otoni, Jos\u00e9 \u00c9lcio de Rezende, referente ao exerc\u00edcio de 2020.\u00a0<\/p>\n","protected":false},"author":5,"featured_media":0,"comment_status":"open","ping_status":"open","sticky":false,"template":"","format":"standard","meta":{"postBodyCss":"","postBodyMargin":[],"postBodyPadding":[],"postBodyBackground":{"backgroundType":"classic","gradient":""},"_price":"","_stock":"","_tribe_ticket_header":"","_tribe_default_ticket_provider":"","_tribe_ticket_capacity":"0","_ticket_start_date":"","_ticket_end_date":"","_tribe_ticket_show_description":"","_tribe_ticket_show_not_going":false,"_tribe_ticket_use_global_stock":"","_tribe_ticket_global_stock_level":"","_global_stock_mode":"","_global_stock_cap":"","_tribe_rsvp_for_event":"","_tribe_ticket_going_count":"","_tribe_ticket_not_going_count":"","_tribe_tickets_list":"[]","_tribe_ticket_has_attendee_info_fields":false,"footnotes":""},"categories":[46],"tags":[9513,9504,9511,3404,1338,9510,9507,494,9512,9509,9514,9505,9506,1764,9508,361,1014,1020],"class_list":["post-10691","post","type-post","status-publish","format-standard","hentry","category-noticias","tag-abertura","tag-abertura-de-creditos-suplementares-sem-autorizacao-legislativa","tag-art-42","tag-autorizacao-legislativa","tag-contas","tag-creditos-suplementares","tag-cristiano-otoni","tag-ex-prefeito","tag-exercicio-de-2020","tag-jose-elcio-de-rezende","tag-lei-n-4-320-1964-2","tag-lei-n-4-320-1964","tag-municipio-de-cristiano-otoni","tag-prefeito","tag-rejeicao-das-contas","tag-tce-mg","tag-tcemg","tag-tribunal-de-contas-do-estado-de-minas-gerais"],"acf":[],"_links":{"self":[{"href":"https:\/\/sgpsolucoes.com.br\/site\/wp-json\/wp\/v2\/posts\/10691"}],"collection":[{"href":"https:\/\/sgpsolucoes.com.br\/site\/wp-json\/wp\/v2\/posts"}],"about":[{"href":"https:\/\/sgpsolucoes.com.br\/site\/wp-json\/wp\/v2\/types\/post"}],"author":[{"embeddable":true,"href":"https:\/\/sgpsolucoes.com.br\/site\/wp-json\/wp\/v2\/users\/5"}],"replies":[{"embeddable":true,"href":"https:\/\/sgpsolucoes.com.br\/site\/wp-json\/wp\/v2\/comments?post=10691"}],"version-history":[{"count":0,"href":"https:\/\/sgpsolucoes.com.br\/site\/wp-json\/wp\/v2\/posts\/10691\/revisions"}],"wp:attachment":[{"href":"https:\/\/sgpsolucoes.com.br\/site\/wp-json\/wp\/v2\/media?parent=10691"}],"wp:term":[{"taxonomy":"category","embeddable":true,"href":"https:\/\/sgpsolucoes.com.br\/site\/wp-json\/wp\/v2\/categories?post=10691"},{"taxonomy":"post_tag","embeddable":true,"href":"https:\/\/sgpsolucoes.com.br\/site\/wp-json\/wp\/v2\/tags?post=10691"}],"curies":[{"name":"wp","href":"https:\/\/api.w.org\/{rel}","templated":true}]}}