{"id":10707,"date":"2025-04-29T17:30:16","date_gmt":"2025-04-29T20:30:16","guid":{"rendered":"https:\/\/sgpsolucoes.com.br\/site\/?p=10707"},"modified":"2025-04-29T17:30:17","modified_gmt":"2025-04-29T20:30:17","slug":"maioria-do-stf-garante-revisao-de-anistias-concedidas-a-militares","status":"publish","type":"post","link":"https:\/\/sgpsolucoes.com.br\/site\/maioria-do-stf-garante-revisao-de-anistias-concedidas-a-militares\/","title":{"rendered":"Maioria do STF garante revis\u00e3o de anistias concedidas a militares"},"content":{"rendered":"<p><em>Resultado do julgamento d\u00e1 seguran\u00e7a jur\u00eddica para que a Comiss\u00e3o de Anistia possa atuar em processos administrativos de revis\u00e3o<\/em><\/p><p>O Supremo Tribunal Federal (ST) formou maioria para confirmar a validade da tese fixada no Tema 839 da repercuss\u00e3o geral. Na linha do que defende a Advocacia-Geral da Uni\u00e3o (AGU), o entendimento permite que, mesmo ap\u00f3s o prazo decadencial de 5 (cinco) anos, a Administra\u00e7\u00e3o P\u00fablica revise anistias concedidas indevidamente, sem comprova\u00e7\u00e3o de ter o benefici\u00e1rio sofrido persegui\u00e7\u00e3o exclusivamente pol\u00edtica. O julgamento, que segue em plen\u00e1rio virtual, deve ser encerrado at\u00e9 o final desta ter\u00e7a-feira (29\/4).<\/p><p>At\u00e9 agora, a relatora C\u00e1rmen L\u00facia foi seguida \u00e0 unanimidade pelos ministros Alexandre de Moraes, Cristiano Zanin, Fl\u00e1vio Dino, Edson Fachin, Dias Toffoli, Lu\u00eds Roberto Barroso, Andr\u00e9 Mendon\u00e7a, Gilmar Mendes.<\/p><p><strong>Embargos<\/strong><\/p><p>A decis\u00e3o se deu no \u00e2mbito do julgamento da Argui\u00e7\u00e3o de Descumprimento de Preceito Fundamental (ADPF) 777 que questionava portarias do Minist\u00e9rio da Mulher, da Fam\u00edlia e dos Direitos Humanos que revogaram anistia concedida a 313 cabos da Aeron\u00e1utica afastados no in\u00edcio da ditadura militar.<\/p><p>O Conselho Federal da Ordem dos Advogados do Brasil (CFOAB) havia sustentado que o rol de portarias declaradas inconstitucionais n\u00e3o engloba a totalidade dos atos impugnados que ainda est\u00e3o vigentes e produzindo efeitos jur\u00eddicos, postulando que a declara\u00e7\u00e3o de inconstitucionalidade das 36 portarias fosse estendida para aproximadamente 300 casos.&nbsp;<\/p><p>Mas para a AGU, a pretens\u00e3o de incluir portarias que j\u00e1 tiveram aprecia\u00e7\u00e3o judicial em outras inst\u00e2ncias no rol de portarias declaradas inconstitucionais \u201crepresenta o uso da ADPF como suced\u00e2neo recursal, o que \u00e9 recha\u00e7ado pela jurisprud\u00eancia do STF\u201d.<\/p><p>Em seus embargos, a Uni\u00e3o alertou que existia receio de que o ac\u00f3rd\u00e3o, que declarou inconstitucionais algumas portarias de revis\u00e3o, fosse interpretado de forma a sinalizar que o mero transcurso de tempo ou a circunst\u00e2ncia de uma pandemia constitu\u00edssem fundamentos suficientes para estabilizar atos il\u00edcitos, impedindo a instaura\u00e7\u00e3o de novos processos administrativos revis\u00f3rios, em contrariedade a entendimento firmado anteriormente no Tema 839 de repercuss\u00e3o geral.<\/p><p><strong>Repercuss\u00e3o financeira<\/strong><\/p><p>Nos memoriais que enviou \u00e0 Corte, a AGU alertou que, caso seu recurso n\u00e3o fosse acolhido, ocorrendo a supera\u00e7\u00e3o da tese firmada no Tema 839 da repercuss\u00e3o geral, por for\u00e7a de uma interpreta\u00e7\u00e3o mais extensiva do ac\u00f3rd\u00e3o firmado na ADPF 777, in\u00fameros outros processos de revis\u00e3o poderiam ser anulados, e a Uni\u00e3o poderia ser condenada a pagar at\u00e9 R$ 487 milh\u00f5es, valor que, corrigido pela Selic, pode alcan\u00e7ar R$ 29 bilh\u00f5es. Os n\u00fameros s\u00e3o da consultoria jur\u00eddica junto ao Comando da Aeron\u00e1utica.<\/p><p><strong>Processo de refer\u00eancia: ADPF 777<\/strong><\/p><p><strong>Fonte: AGU<\/strong><\/p>\n    <div class=\"xs_social_share_widget xs_share_url after_content \t\tmain_content  wslu-style-1 wslu-share-box-shaped wslu-fill-colored wslu-none wslu-share-horizontal wslu-theme-font-no wslu-main_content\">\n\n\t\t\n        <ul>\n\t\t\t        <\/ul>\n    <\/div> \n","protected":false},"excerpt":{"rendered":"<p>O Supremo Tribunal Federal (ST) formou maioria para confirmar a validade da tese fixada no Tema 839 da repercuss\u00e3o geral. Na linha do que defende a Advocacia-Geral da Uni\u00e3o (AGU), o entendimento permite que, mesmo ap\u00f3s o prazo decadencial de 5 (cinco) anos, a Administra\u00e7\u00e3o P\u00fablica revise anistias concedidas indevidamente, sem comprova\u00e7\u00e3o de ter o benefici\u00e1rio sofrido persegui\u00e7\u00e3o exclusivamente pol\u00edtica. O julgamento, que segue em plen\u00e1rio virtual, deve ser encerrado at\u00e9 o final desta ter\u00e7a-feira (29\/4).<\/p>\n","protected":false},"author":5,"featured_media":0,"comment_status":"open","ping_status":"open","sticky":false,"template":"","format":"standard","meta":{"postBodyCss":"","postBodyMargin":[],"postBodyPadding":[],"postBodyBackground":{"backgroundType":"classic","gradient":""},"_price":"","_stock":"","_tribe_ticket_header":"","_tribe_default_ticket_provider":"","_tribe_ticket_capacity":"0","_ticket_start_date":"","_ticket_end_date":"","_tribe_ticket_show_description":"","_tribe_ticket_show_not_going":false,"_tribe_ticket_use_global_stock":"","_tribe_ticket_global_stock_level":"","_global_stock_mode":"","_global_stock_cap":"","_tribe_rsvp_for_event":"","_tribe_ticket_going_count":"","_tribe_ticket_not_going_count":"","_tribe_tickets_list":"[]","_tribe_ticket_has_attendee_info_fields":false,"footnotes":""},"categories":[46],"tags":[129,1408,79,9548,9544,7103,4510,9547,5817,9549,9545,1731,9543,550,347,348,9546,8402],"class_list":["post-10707","post","type-post","status-publish","format-standard","hentry","category-noticias","tag-administracao-publica","tag-advocacia-geral-da-uniao","tag-agu","tag-anistias","tag-comissao-de-anistia","tag-maioria","tag-militares","tag-perseguicao","tag-politica","tag-prazo-decadencial-de-5-anos","tag-processos-administrativos-de-revisao","tag-repercussao-geral","tag-revisao-de-anistias","tag-seguranca-juridica","tag-stf","tag-supremo-tribunal-federal","tag-tema-839","tag-tese"],"acf":[],"_links":{"self":[{"href":"https:\/\/sgpsolucoes.com.br\/site\/wp-json\/wp\/v2\/posts\/10707"}],"collection":[{"href":"https:\/\/sgpsolucoes.com.br\/site\/wp-json\/wp\/v2\/posts"}],"about":[{"href":"https:\/\/sgpsolucoes.com.br\/site\/wp-json\/wp\/v2\/types\/post"}],"author":[{"embeddable":true,"href":"https:\/\/sgpsolucoes.com.br\/site\/wp-json\/wp\/v2\/users\/5"}],"replies":[{"embeddable":true,"href":"https:\/\/sgpsolucoes.com.br\/site\/wp-json\/wp\/v2\/comments?post=10707"}],"version-history":[{"count":0,"href":"https:\/\/sgpsolucoes.com.br\/site\/wp-json\/wp\/v2\/posts\/10707\/revisions"}],"wp:attachment":[{"href":"https:\/\/sgpsolucoes.com.br\/site\/wp-json\/wp\/v2\/media?parent=10707"}],"wp:term":[{"taxonomy":"category","embeddable":true,"href":"https:\/\/sgpsolucoes.com.br\/site\/wp-json\/wp\/v2\/categories?post=10707"},{"taxonomy":"post_tag","embeddable":true,"href":"https:\/\/sgpsolucoes.com.br\/site\/wp-json\/wp\/v2\/tags?post=10707"}],"curies":[{"name":"wp","href":"https:\/\/api.w.org\/{rel}","templated":true}]}}